{"id":1282,"date":"2015-04-13T11:55:29","date_gmt":"2015-04-13T09:55:29","guid":{"rendered":"http:\/\/pgbsosyalizm.org\/yenicms\/?p=1282"},"modified":"2015-04-30T13:51:52","modified_gmt":"2015-04-30T11:51:52","slug":"basbugluk-sistemine-hayir","status":"publish","type":"post","link":"https:\/\/pgbsosyalizm.org\/?p=1282","title":{"rendered":"Ba\u015fbu\u011fluk Sistemine Hay\u0131r!"},"content":{"rendered":"<p>&#8211;\u015eadi Ozans\u00fc<\/p>\n<p>Art\u0131k herkes taraf\u0131ndan \u00e7ok a\u00e7\u0131k bir \u015fekilde g\u00f6r\u00fcl\u00fcyor ki 7 Haziran 2015 Milletvekili Genel Se\u00e7imlerinin \u201cParlamenter sistem\u201dden\u00a0 \u201cBa\u015fkanl\u0131k Sistemi\u201dne ge\u00e7i\u015f d\u0131\u015f\u0131nda hi\u00e7bir \u00f6nemi kalmam\u0131\u015ft\u0131r. Ama bu olas\u0131 ge\u00e7i\u015fin kendisi bile, bu se\u00e7imleri 12 Eyl\u00fcl 1980\u2019den bu yana ger\u00e7ekle\u015fen b\u00fct\u00fcn se\u00e7imlerden farkl\u0131, \u00f6nemli ve \u201ctehlikeli\u201d k\u0131lmaya yetiyor. Ku\u015fkusuz T\u00fcrkiye\u2019nin son d\u00f6nem tarihine damgas\u0131n\u0131 vurup bug\u00fcnlere gelmemize neden olan 2010 Referandumudur. Bu referandumun solda Tayyip Erdo\u011fan\u2019\u0131n te\u015fekk\u00fcr\u00fcne mazhar olmu\u015f kesimleri \u201c<strong><em>Yetmez ama Evet!\u201d<\/em><\/strong> diyenlerdir. <strong><em>Boykot<\/em><\/strong> savunucular\u0131 da maalesef onlar\u0131n bu haince tavr\u0131na a\u00e7\u0131k kap\u0131 b\u0131rakm\u0131\u015flard\u0131r. Bir s\u00f6zde CHP\/MHP h\u00fck\u00fcmetini \u00f6nleme ad\u0131na referandumda <strong><em>\u201cHay\u0131r\u201d<\/em><\/strong> diyemeyenler Tayyip Erdo\u011fan\u2019\u0131n \u00fclkeyi kaos ortam\u0131na s\u00fcr\u00fcklemesinin su\u00e7 ortaklar\u0131 olmu\u015flard\u0131r. Kald\u0131 ki bu referandumun sonu\u00e7lar\u0131 T\u00fcrkiye\u2019de \u201cher d\u00fczeyde gericile\u015fme\u201dnin de yolunu alabildi\u011fine a\u00e7m\u0131\u015f; kald\u0131\u011f\u0131 kadar\u0131yla cumhuriyetin, laikli\u011fin, demokrasinin \u00e7an\u0131na ot t\u0131kam\u0131\u015f ve tabii b\u00fct\u00fcn bunlar\u0131n sonucu olarak da i\u015f\u00e7i s\u0131n\u0131f\u0131n\u0131n m\u00fccadelesinin yaslanabilece\u011fi neredeyse en geri zemine \u00e7ekilmesine sebep olmu\u015ftur. \u00a0B\u00fct\u00fcn bunlar, emperyalizmin uluslararas\u0131 politikalar\u0131yla oldu\u011fu kadar b\u00f6lgesel politikalar\u0131yla da son derece uyumlu geli\u015fmeler oldu\u011fundan \u015fa\u015f\u0131rt\u0131c\u0131 hi\u00e7bir yanlar\u0131 bulunmamaktad\u0131r. Zaten Avrupa\u2019n\u0131n g\u00f6be\u011finde (Ukrayna) ABD destekli AB emperyalizminin yerel fa\u015fist g\u00fc\u00e7leri tepeden t\u0131rna\u011fa silahland\u0131rarak ger\u00e7ekle\u015ftirdi\u011fi ve daha \u015fimdiden 6 bin ki\u015finin \u00f6l\u00fcm\u00fcne neden olan sava\u015f, gene ABD destekli AKP h\u00fck\u00fcmetinin Suriye\u2019de 200 bin ki\u015finin hayat\u0131n\u0131 kaybedip milyonlarcas\u0131n\u0131n yurtlar\u0131n\u0131 terk edip kom\u015fu \u00fclkelere g\u00f6\u00e7 etmesine neden olan i\u00e7 kaostan ne kadar ayr\u0131 d\u00fc\u015f\u00fcn\u00fclebilir ki?<\/p>\n<h2><strong>D\u00fcnyadaki b\u00fct\u00fcn Ba\u015fkanl\u0131k Sistemleri gericidir!<\/strong><\/h2>\n<p>D\u00fcnyada gerek emperyalist \u00fclkelerdeki gerekse ba\u011f\u0131ml\u0131 \u00fclkelerdeki b\u00fct\u00fcn Ba\u015fkanl\u0131k ya da yar\u0131 Ba\u015fkanl\u0131k sistemleri gerici sistemlerdir ve \u00e7\u00fcr\u00fcyen kapitalizmin halk egemenli\u011fine ambargo koymaya \u00e7al\u0131\u015fmas\u0131n\u0131n \u00fcr\u00fcn\u00fcd\u00fcrler. Bir burjuva d\u00fczeninde ba\u015fkanlar\u0131n diktatoryal e\u011filimlerini s\u0131n\u0131rlayacak her t\u00fcrl\u00fc emniyet supab\u0131n\u0131n varl\u0131\u011f\u0131 bile bu sistemlerin anti-demokratikli\u011fini ortadan kald\u0131rmaya yetmez. Zaten bu y\u00fczdendir ki T\u00fcrkiye\u2019de, b\u0131rakal\u0131m Ba\u015fkanl\u0131k Sistemini, Cumhurba\u015fkanl\u0131\u011f\u0131 m\u00fcessesesini dahi fuzuli ve pahal\u0131 g\u00f6rd\u00fc\u011f\u00fcm\u00fczden Meclis Ba\u015fkan\u0131n\u0131n devleti temsil etmesinin yeterli olaca\u011f\u0131 g\u00f6r\u00fc\u015f\u00fcndeyiz ve bunu daha \u00f6nce de a\u00e7\u0131k\u00e7a belirttik.<\/p>\n<h2><strong>Emperyalizm T\u00fcrkiye\u2019de Ba\u015fkanl\u0131k Sistemine kar\u015f\u0131 de\u011fil!<\/strong><\/h2>\n<p>T\u00fcrkiye\u2019de \u201csol\u201d hareketin az\u0131msanmayacak bir kesiminin s\u00f6z gelimi Avrupa \u201cdemokrasisi\u201dnin asl\u0131nda i\u015f\u00e7i s\u0131n\u0131f\u0131n\u0131n y\u00fczy\u0131llarca burjuvaziye kar\u015f\u0131 s\u00fcrd\u00fcrd\u00fc\u011f\u00fc ve halen de s\u00fcrd\u00fcrmekte oldu\u011fu m\u00fccadelenin bir \u00fcr\u00fcn\u00fc oldu\u011funu g\u00f6rmeyip, asl\u0131nda bir yan\u0131yla emperyalist burjuvazinin de <strong>her zaman<\/strong> arzulad\u0131\u011f\u0131 bir rejim oldu\u011funu sand\u0131klar\u0131n\u0131 ve bu y\u00fczden de \u201cemperyalizm\u201din ele\u015ftirilmesinden bile vebadan ka\u00e7ar gibi ka\u00e7t\u0131klar\u0131n\u0131 biliyoruz. Oysa kapitalistler i\u00e7in burjuva demokrasisi di\u011fer burjuva rejimi t\u00fcrlerine g\u00f6re (fa\u015fizm, Bonapartizm, askeri diktat\u00f6rl\u00fck vb.) \u00e7ok daha ucuz oldu\u011fu i\u00e7in (yani kitleler kapitalizmi oylar\u0131yla onaylad\u0131klar\u0131 s\u00fcrece) tercih edilen bir rejimdir ve kesinlikle kriz d\u00f6nemlerinde tercih edilmez. G\u00fcn\u00fcm\u00fcz T\u00fcrkiye\u2019sinde de 12 Eyl\u00fcl y\u00fcz\u00fcnden had\u0131m edilmi\u015f \u015fekliyle bile varl\u0131\u011f\u0131n\u0131 s\u00fcrd\u00fcren parlamenter rejimin yerini Ba\u015fkanl\u0131k rejiminin, Tayyip Erdo\u011fan\u2019\u0131n deyimiyle \u201cBa\u015fbu\u011fluk sistemi\u201dnin almas\u0131, emperyalizm a\u00e7\u0131s\u0131ndan hi\u00e7 de endi\u015fe verici bir durum de\u011fildir. Kald\u0131 ki T\u00fcrkiye\u2019de e\u011fer burjuvazi bug\u00fcn Ba\u015fkanl\u0131k Sistemine kar\u015f\u0131 gibi duruyorsa, bunun nedenini do\u011frudan Tayyip Erdo\u011fan\u2019\u0131n \u015fahs\u0131nda aramak gerekir. Bir ba\u015fka ifadeyle emperyalizmin hizmetindeki T\u00fcrkiye burjuvazisi Abdullah G\u00fcl ya da B\u00fclent Ar\u0131n\u00e7\u2019\u0131n ba\u015f\u0131nda olacaklar\u0131 bir Ba\u015fkanl\u0131k Sistemine kar\u015f\u0131 olmayacaklar\u0131 gibi, muhalefet partileri de buna itiraz etmeyeceklerdir.<\/p>\n<h2><strong>Oysa ki Ba\u015fkanl\u0131k Sistemi\u00a0siyasi partilere son vermek i\u00e7indir!<\/strong><\/h2>\n<p>E\u011fer 7 Haziran 2015 se\u00e7imlerinden sonra AKP mevcut anayasay\u0131 Ba\u015fkanl\u0131k Sistemi do\u011frultusunda de\u011fi\u015ftirecek say\u0131sal \u00e7o\u011funlu\u011fu elde ederse, bu demektir ki se\u00e7ilmi\u015f olan meclis \u201cbo\u015f\u201da d\u00fc\u015fecektir. \u015eu ya da bu partiden se\u00e7ilmi\u015f olan vekillerin \u2013ki buna AKP\u2019liler de dahildir- hi\u00e7bir anlamlar\u0131 kalmayacakt\u0131r. \u0130\u015fte bu y\u00fczden se\u00e7ilecek milletvekillerinin \u00f6neminin yeni anayasaya onay verip vermemek konusundaki tutumlar\u0131na g\u00f6re anlam kazanaca\u011f\u0131n\u0131 s\u00f6yleyegeldik. Tayyip Erdo\u011fan\u2019\u0131n arzulad\u0131\u011f\u0131 yeni anayasaya oy vermeyecek milletvekilleri i\u015f\u00e7i s\u0131n\u0131f\u0131n\u0131n m\u00fccadelesi ve halk egemenli\u011fi a\u00e7\u0131s\u0131ndan \u00f6nem ta\u015f\u0131yacak, di\u011ferleri \u00fclkenin kaosa s\u00fcr\u00fcklenmesinin ara\u00e7lar\u0131 olacaklard\u0131r. Erdo\u011fan\u2019\u0131n hesab\u0131, hep s\u00f6yl\u00fcyoruz; bu meclisin y\u00fczde 10 baraj\u0131yla se\u00e7ilmi\u015f b\u00fct\u00fcn vekillerini Saray\u2019\u0131n\u0131n 1000 odas\u0131na yerle\u015ftirmekten ibarettir.<\/p>\n<h2><strong>Erdo\u011fan\u2019\u0131n 2013 Haziran \u0130syan\u0131ndan duydu\u011fu korku<\/strong><\/h2>\n<p>Evet, Tayyip Erdo\u011fan; Haziran \u0130syan\u0131ndan duydu\u011fu korku y\u00fcz\u00fcnden \u00e7evik kuvvet polisini ge\u00e7mi\u015fe g\u00f6re ola\u011fan\u00fcst\u00fc silahlarla te\u00e7hizatland\u0131rm\u0131\u015f, elindeki nispeten k\u00fc\u00e7\u00fck TOMA\u2019lar\u0131 \u00e7ok daha b\u00fcy\u00fckleriyle yenilemi\u015f, nereden geldikleri belli olmayan sivil polislerin say\u0131s\u0131n\u0131 neredeyse kitlesel vurucu g\u00fc\u00e7 \u00f6rg\u00fctlenmesi yaparcas\u0131na artt\u0131rm\u0131\u015f ve bu arada TSK\u2019y\u0131 da olabildi\u011fince denetim alt\u0131na alm\u0131\u015ft\u0131r. Anla\u015f\u0131lan o ki, Erdo\u011fan sadece 2013 Haziran \u0130syan\u0131ndan korkmam\u0131\u015f ama ayn\u0131 zamanda M\u0131s\u0131r\u2019da karde\u015fi Mursi y\u00f6netiminin 35 milyon insan\u0131n soka\u011fa d\u00f6k\u00fclmesi sonucu devrilmesinden dolay\u0131 da pani\u011fe kap\u0131lm\u0131\u015ft\u0131r. \u00c7\u00fcnk\u00fc ald\u0131\u011f\u0131 tedbirler, T\u00fcrkiye\u2019deki olas\u0131 geli\u015fmeler kadar Ortado\u011fu\u2019daki geli\u015fmelere kar\u015f\u0131 da al\u0131nm\u0131\u015f tedbirlerdir. H\u00fck\u00fcmetin I\u015e\u0130D\u2019e, El Nusra\u2019ya ve El Kaide benzeri ta\u015feron \u00f6rg\u00fctlere verdi\u011fi destek onun T\u00fcrkiye i\u00e7i kaosa verdi\u011fi \u00f6nemden kaynaklan\u0131yor.<\/p>\n<h2><strong>\u00d6rg\u00fctl\u00fc i\u015f\u00e7i s\u0131n\u0131f\u0131n\u0131n kat\u0131lmad\u0131\u011f\u0131 Haziran \u0130syan\u0131 yenilmi\u015ftir!<\/strong><\/h2>\n<p>Kimi siyasal ele\u015ftirmenler Haziran \u0130syan\u0131n\u0131n ba\u015far\u0131s\u0131zl\u0131kla sonu\u00e7lanmas\u0131n\u0131n nedenini bu hareketin K\u00fcrt hareketiyle rezonansa girememesine dayand\u0131r\u0131yorlar. Bu y\u00fczeysel bir g\u00f6zlemdir ve ger\u00e7e\u011fin sadece bir yan\u0131n\u0131 vurguluyor. Yenilginin esas sebebi i\u015f\u00e7i hareketinin ba\u015fs\u0131z olu\u015fu ve edilgenli\u011fiyle AKP\u2019ye destek olmu\u015f olmas\u0131d\u0131r. T\u00fcrkiye\u2019de \u00e7ok de\u011fil 90\u2019l\u0131 y\u0131llar\u0131n ba\u015flar\u0131ndaki i\u015f\u00e7i s\u0131n\u0131f\u0131 \u00f6rg\u00fctl\u00fcl\u00fc\u011f\u00fc s\u00f6z konusu olsayd\u0131 Erdo\u011fan H\u00fck\u00fcmetinin olay\u0131n seyri i\u00e7inde bir hafta bile dayanmas\u0131 m\u00fcmk\u00fcn olamazd\u0131. Yani b\u00f6yle bir durumda K\u00fcrt hareketinin oldu\u011fu mevzide durmas\u0131 bile AKP H\u00fck\u00fcmetinin y\u0131k\u0131lmas\u0131na neden olurdu. \u00c7\u00fcnk\u00fc e\u011fer \u00f6rg\u00fctl\u00fc i\u015f\u00e7i s\u0131n\u0131f\u0131 bir kenara b\u0131rak\u0131l\u0131rsa zaten gen\u00e7ler, \u00f6rg\u00fctleri olmaks\u0131z\u0131n i\u015f\u00e7iler ve kent yoksullar\u0131 yapabileceklerinin azamisini yapm\u0131\u015flar ve bununla bile AKP H\u00fck\u00fcmetini titretmi\u015flerdi.<\/p>\n<h2><strong>\u00a0<\/strong><strong>\u015eimdi g\u00fc\u00e7ler dengesi s\u0131n\u0131f g\u00fc\u00e7lerinin aleyhine gibi\u2026 Ama<\/strong><\/h2>\n<p>8 ila 10 milyon gen\u00e7, i\u015f\u00e7i ve kent yoksulunun sokaklara d\u00f6k\u00fcld\u00fc\u011f\u00fc Haziran \u0130syan\u0131n\u0131n bir benzerini beklemek yanl\u0131\u015ft\u0131r. Art\u0131k T\u00fcrkiye\u2019yi bundan \u00e7ok daha b\u00fcy\u00fck bir isyan bekliyor. Ama bu isyan\u0131n da ger\u00e7ekle\u015febilmesi i\u00e7in T\u00fcrkiye i\u015f\u00e7i s\u0131n\u0131f\u0131n\u0131n geni\u015f kesimlerinin devreye sokulmas\u0131 bir zorunluluktur. Aksi takdirde Irak\u2019ta, Suriye\u2019de ve Libya\u2019da emperyalizm ve hempalar\u0131 taraf\u0131ndan hayata ge\u00e7irilen kaos ortam\u0131 ba\u015f\u0131n\u0131 al\u0131p gidecek ve sonu belirsiz ufuklara yelken a\u00e7\u0131lacakt\u0131r. T\u00fcrkiye\u2019nin her \u015feyden \u00f6nce \u00e7ok uzun olmayan bir zamanda nispeten kitleselle\u015fecek bir i\u015f\u00e7i s\u0131n\u0131f\u0131 \u00f6rg\u00fctlenmesine ihtiyac\u0131 vard\u0131r. \u0130\u015f\u00e7i s\u0131n\u0131f\u0131n\u0131n ba\u011f\u0131ms\u0131z siyasal ve ekonomik \u00f6rg\u00fctlenmesinin yolunun a\u00e7\u0131lmas\u0131n\u0131n \u00f6n\u00fcndeki b\u00fct\u00fcn engellerin y\u0131k\u0131lmas\u0131 irili ufakl\u0131 i\u015f\u00e7i \u00f6rg\u00fctlerinin temel g\u00f6revidir. Bu y\u00fczden Tayyip Erdo\u011fan\u2019\u0131n Ba\u015fbu\u011fluk Sistemi olarak adland\u0131rd\u0131\u011f\u0131 Ba\u015fkanl\u0131k Sistemine kar\u015f\u0131 m\u00fccadele b\u00fct\u00fcn i\u015f\u00e7i s\u0131n\u0131f\u0131 yap\u0131lar\u0131n\u0131n ve yanda\u015flar\u0131n\u0131n acil g\u00f6revidir.<\/p>\n<h2><strong>60\u2019l\u0131 y\u0131llar\u0131n T\u0130P\u2019inin daha geli\u015fkinini yaratmak m\u00fcmk\u00fcn<\/strong><\/h2>\n<p>Ba\u015fkanl\u0131k Sistemine kar\u015f\u0131 m\u00fccadelede birlikte hareket edecek bir dizi irili ufakl\u0131 s\u0131n\u0131f \u00f6rg\u00fctlenmesi ve az say\u0131da da olsa s\u0131n\u0131f sendikas\u0131 kendi varl\u0131klar\u0131n\u0131 \u00e7ok a\u015fan bir ba\u011f\u0131ms\u0131z s\u0131n\u0131f partisi in\u015fas\u0131n\u0131n yolunu pek\u00e2l\u00e2 a\u00e7abilirler. Ko\u015fullar bunun i\u00e7in fazlas\u0131yla m\u00fcsaittir. Yeter ki bu yolda at\u0131lacak ad\u0131mlar i\u00e7in birle\u015fik bir irade olsun!<\/p>\n<p><strong>Emperyalizme kar\u015f\u0131, laiklik, cumhuriyet, demokrasi ve e\u015fit yurtta\u015fl\u0131k yolunu a\u00e7acak egemen bir Kurucu Mecliste \u00fcretim ara\u00e7lar\u0131 \u00fczerindeki \u00f6zel m\u00fclkiyet rejimine son vermek i\u00e7in m\u00fccadele edecek bir devrimci i\u015f\u00e7i partisini yaratacak kitlesel ve ba\u011f\u0131ms\u0131z bir i\u015f\u00e7i partisinin in\u015fas\u0131 i\u00e7in ileri!\u00a0 \u00a0<\/strong><\/p>\n","protected":false},"excerpt":{"rendered":"<p>&#8211;\u015eadi Ozans\u00fc Art\u0131k herkes taraf\u0131ndan \u00e7ok a\u00e7\u0131k bir \u015fekilde g\u00f6r\u00fcl\u00fcyor ki 7 Haziran 2015 Milletvekili Genel Se\u00e7imlerinin \u201cParlamenter sistem\u201dden\u00a0 \u201cBa\u015fkanl\u0131k Sistemi\u201dne ge\u00e7i\u015f d\u0131\u015f\u0131nda hi\u00e7bir \u00f6nemi kalmam\u0131\u015ft\u0131r. Ama bu olas\u0131 ge\u00e7i\u015fin kendisi bile, bu se\u00e7imleri 12 Eyl\u00fcl 1980\u2019den bu yana ger\u00e7ekle\u015fen b\u00fct\u00fcn se\u00e7imlerden farkl\u0131, \u00f6nemli ve \u201ctehlikeli\u201d k\u0131lmaya yetiyor. Ku\u015fkusuz T\u00fcrkiye\u2019nin son d\u00f6nem tarihine damgas\u0131n\u0131 vurup [&hellip;]<\/p>\n","protected":false},"author":1,"featured_media":0,"comment_status":"closed","ping_status":"closed","sticky":false,"template":"","format":"standard","meta":{"footnotes":""},"categories":[201],"tags":[184,202,183,53,154,185],"class_list":["post-1282","post","type-post","status-publish","format-standard","hentry","category-10-sayi-13-nisan-2015","tag-7-haziran","tag-basbugluk","tag-baskanlik-sistemi","tag-onsayfa","tag-sadi-ozansu","tag-secim"],"_links":{"self":[{"href":"https:\/\/pgbsosyalizm.org\/index.php?rest_route=\/wp\/v2\/posts\/1282","targetHints":{"allow":["GET"]}}],"collection":[{"href":"https:\/\/pgbsosyalizm.org\/index.php?rest_route=\/wp\/v2\/posts"}],"about":[{"href":"https:\/\/pgbsosyalizm.org\/index.php?rest_route=\/wp\/v2\/types\/post"}],"author":[{"embeddable":true,"href":"https:\/\/pgbsosyalizm.org\/index.php?rest_route=\/wp\/v2\/users\/1"}],"replies":[{"embeddable":true,"href":"https:\/\/pgbsosyalizm.org\/index.php?rest_route=%2Fwp%2Fv2%2Fcomments&post=1282"}],"version-history":[{"count":5,"href":"https:\/\/pgbsosyalizm.org\/index.php?rest_route=\/wp\/v2\/posts\/1282\/revisions"}],"predecessor-version":[{"id":1301,"href":"https:\/\/pgbsosyalizm.org\/index.php?rest_route=\/wp\/v2\/posts\/1282\/revisions\/1301"}],"wp:attachment":[{"href":"https:\/\/pgbsosyalizm.org\/index.php?rest_route=%2Fwp%2Fv2%2Fmedia&parent=1282"}],"wp:term":[{"taxonomy":"category","embeddable":true,"href":"https:\/\/pgbsosyalizm.org\/index.php?rest_route=%2Fwp%2Fv2%2Fcategories&post=1282"},{"taxonomy":"post_tag","embeddable":true,"href":"https:\/\/pgbsosyalizm.org\/index.php?rest_route=%2Fwp%2Fv2%2Ftags&post=1282"}],"curies":[{"name":"wp","href":"https:\/\/api.w.org\/{rel}","templated":true}]}}