{"id":1289,"date":"2015-04-30T13:40:11","date_gmt":"2015-04-30T11:40:11","guid":{"rendered":"http:\/\/pgbsosyalizm.org\/yenicms\/?p=1289"},"modified":"2015-04-30T16:31:23","modified_gmt":"2015-04-30T14:31:23","slug":"brezilya-darbecilere-isci-partisinin-pt-eskiden-yaptigi-gibi-yaparak-karsi-koymak","status":"publish","type":"post","link":"https:\/\/pgbsosyalizm.org\/?p=1289","title":{"rendered":"Brezilya: Darbecilere \u0130\u015f\u00e7i Partisi\u2019nin (PT) Eskiden Yapt\u0131\u011f\u0131 Gibi Yaparak Kar\u015f\u0131 Koymak"},"content":{"rendered":"<p><a href=\"http:\/\/otrabalho.org.br\/\"><img loading=\"lazy\" decoding=\"async\" class=\" size-full wp-image-1292 alignleft\" src=\"https:\/\/pgbsosyalizm.org\/yenicms\/wp-content\/uploads\/2015\/04\/o-trabalho.jpg\" alt=\"o-trabalho\" width=\"140\" height=\"190\" srcset=\"https:\/\/pgbsosyalizm.org\/yenicms\/wp-content\/uploads\/2015\/04\/o-trabalho.jpg 140w, https:\/\/pgbsosyalizm.org\/yenicms\/wp-content\/uploads\/2015\/04\/o-trabalho-111x150.jpg 111w\" sizes=\"auto, (max-width: 140px) 100vw, 140px\" \/><\/a><\/p>\n<p>&nbsp;<\/p>\n<h2>\u201c7 Nisan ve 1 May\u0131s&#8217;ta yeniden sokaklara!\u201d <sup><a href=\"#footnote_1_1289\" id=\"identifier_1_1289\" class=\"footnote-link footnote-identifier-link\" title=\"ILC Uluslararas\u0131 B&uuml;lteni&rsquo;nin 10 Nisan 2015 tarihli 220. say\u0131s\u0131nda yay\u0131nlanm\u0131\u015ft\u0131r.&nbsp;Brezilya \u0130\u015f&ccedil;i Partisi&rsquo;nin (PT) O Trabalho e\u011filiminin ayn\u0131 isimli gazetesinde yeniden yay\u0131nlanm\u0131\u015ft\u0131r.\">1<\/a><\/sup><\/strong><\/h2>\n<p>&#8212;\u00a0Lauro Fagundes<\/p>\n<p>Okuyucular\u0131m\u0131z\u0131n \u00f6nceki say\u0131lar\u0131m\u0131zda g\u00f6rebilece\u011fi gibi Brezilya i\u015f\u00e7i s\u0131n\u0131f\u0131 13 Mart&#8217;ta sendika federasyonu CUT\u2019un (Birle\u015fik \u0130\u015f\u00e7i Merkezi) ve \u00f6zellikle Dilma Rousseff ba\u015fkanl\u0131\u011f\u0131ndaki (PT \u2013 \u0130\u015f\u00e7i Partisi) h\u00fck\u00fcmetin Levy Plan\u0131\u2019na (Maliye Bakan\u0131) kar\u015f\u0131 eme\u011fin taleplerini savunan toplumsal \u00f6rg\u00fctlerin \u00e7a\u011fr\u0131s\u0131yla sokaklara \u00e7\u0131kt\u0131. \u0130ki g\u00fcn sonra, bir kesimi diktat\u00f6rl\u00fckten otuz y\u0131l sonra a\u00e7\u0131k\u00e7a askeri darbe \u00e7a\u011fr\u0131s\u0131 yapan sa\u011fc\u0131 muhalefet \u201c<em>Dilma defol! PT (\u0130\u015f\u00e7i Partisi) defol!<\/em>\u201d sloganlar\u0131yla g\u00f6steri yapt\u0131.<\/p>\n<p>Bu say\u0131n\u0131n son d\u00fczeltmelerini yaparken, sendika ve halk meclisleri, 7 Nisan ve 1 May\u0131s&#8217;taki kitlesel g\u00f6steriler i\u00e7in t\u00fcm \u00fclkede haz\u0131rl\u0131klara ba\u015flam\u0131\u015ft\u0131.<\/p>\n<p>Sao Paulo\u2019da, CUT, CTB, MST, CMP ve UNE\u2019nun <sup><a href=\"#footnote_2_1289\" id=\"identifier_2_1289\" class=\"footnote-link footnote-identifier-link\" title=\"CTB: Brezilya \u0130\u015f&ccedil;i Konfederasyonu; MST: Topraks\u0131z K&ouml;yl&uuml;ler Hareketi; CMP: Halk Hareketleri Merkezi; UNE: Ulusal &Ouml;\u011frenci Birli\u011fi.\">2<\/a><\/sup>\u00a0\u00e7a\u011fr\u0131s\u0131yla \u201c<em>daha fazla demokrasi i\u00e7in, daha \u00e7ok hak i\u00e7in ve yolsuzlu\u011fa kar\u015f\u0131 m\u00fccadele i\u00e7in\u201d<\/em> kurultay d\u00fczenlendi.<\/p>\n<p>Sa\u011fc\u0131 ve darbeci muhalefetin, ana ak\u0131m medyan\u0131n 15 Mart\u2019ta yapt\u0131\u011f\u0131n\u0131 tekrarlayarak sayfalar\u0131na ta\u015f\u0131d\u0131\u011f\u0131, 12 Nisan\u2019\u0131n \u201c<em>Dilma defol! PT defol!<\/em>\u201d sloganlar\u0131na kar\u015f\u0131 tart\u0131\u015f\u0131ld\u0131. Ve i\u015f\u00e7ilerin sloganlar\u0131, \u00f6rg\u00fctlerin ileri s\u00fcrd\u00fc\u011f\u00fc \u00f6nerilerle bug\u00fcn bu m\u00fccadelede birle\u015fti. Dolay\u0131s\u0131yla \u201c<em>demokrasi i\u00e7in<\/em>\u201d demek; me\u015fru hukuki yollarla ve \u201c<em>herhangi bir geri gidi\u015fe izin vermeme<\/em>\u201d i\u00e7eri\u011fiyle Dilma\u2019ya verilmi\u015f olan halk vek\u00e2letine sayg\u0131 duymak anlam\u0131na geliyor.<\/p>\n<p>Haklar\u0131n savunulmas\u0131, Bakan Levy\u2019nin k\u0131lavuzluk etti\u011fi mali uyumun bir par\u00e7as\u0131 olan MP 664 ve 665\u2019e (kanun h\u00fckm\u00fcnde kararnameler) ve mutlak sosyal g\u00fcvencesizlik getirecek PL 4330\u2019a (kanun tasla\u011f\u0131) <em>\u201cHay\u0131r!\u201d<\/em> demeyi gerektirir.<\/p>\n<p>Milleti soyanlar\u0131n tamam\u0131n\u0131n cezaland\u0131r\u0131lmas\u0131 ile birlikte yolsuzlu\u011fa kar\u015f\u0131 m\u00fccadele, Petrobras\u2019\u0131n (devlete ait b\u00fcy\u00fck milli petrol \u015firketi) ve onun Pr\u00e9-Sal\u2019deki (\u00e7okuluslu tekellerin pe\u015finde oldu\u011fu yeni a\u00e7\u0131k deniz petrol alan\u0131) konumunun savunulmas\u0131 \u00e7a\u011fr\u0131s\u0131yla zaten ikiye katlanm\u0131\u015f durumda.<\/p>\n<p>Bu ayr\u0131ca CUT\u2019un pozisyonunda somut ifadesini buluyor: \u201c<em>Biz siyasi reform vas\u0131tas\u0131yla yolsuzlu\u011fa kar\u015f\u0131 m\u00fccadele ediyoruz ve bu bir Kurucu Meclis\u2019in g\u00f6revidir<\/em>\u201d ve \u201c<em>patronlar\u0131n finanse etti\u011fi siyasi kampanyalara son vermek<\/em>\u201d i\u00e7in daha geni\u015f bir birlik ve Eduardo Cunha\u2019n\u0131n (PMDB, ana sa\u011fc\u0131 parti) \u201c<em>siyasi kar\u015f\u0131-reformuna kar\u015f\u0131<\/em>\u201d m\u00fccadele ile \u00e7eli\u015fmez.<\/p>\n<h2>\u201cRotay\u0131 de\u011fi\u015ftirmeden \u00e7\u00f6z\u00fcm m\u00fcmk\u00fcn de\u011fil!\u201d<\/h2>\n<p>19 Mart\u2019ta yay\u0131nlanan CUT Y\u00f6netim Kurulu karar\u0131nda \u015f\u00f6yle yaz\u0131yor: \u201c<em>2014\u2019teki se\u00e7imin ikinci turunda Dilma\u2019ya verilen halk vek\u00e2leti, faiz oranlar\u0131n\u0131 artt\u0131rmas\u0131 ve enflasyonu kontrol alt\u0131na almay\u0131 hedefleyen bir resesyon politikas\u0131n\u0131 uygulamaya koymas\u0131 i\u00e7in de\u011fildi. CUT a\u00e7\u0131s\u0131ndan kriz kar\u015f\u0131t\u0131 m\u00fccadele; daha fazla i\u015f ve daha iyi \u00fccretlerle, kamu yat\u0131r\u0131mlar\u0131yla ekonomik b\u00fcy\u00fcmeyi ve haklar\u0131n geni\u015fletilmesini, ki bu da mevcut ekonomi politikas\u0131nda de\u011fi\u015fikli\u011fi gerektiriyor.<\/em>\u201d<\/p>\n<p>Ger\u00e7ek \u015fu ki Levy Plan\u0131, Dilma\u2019ya verilen vek\u00e2letle tam bir \u00e7eli\u015fki i\u00e7inde; Bakan Levy\u2019yi koltu\u011funda tutmak, Dilma\u2019ya ba\u015fkanl\u0131k se\u00e7iminde zafer kazand\u0131ran halk kesimlerine bir sald\u0131r\u0131. Levy Plan\u0131, h\u00fck\u00fcmetin halk deste\u011fini halk d\u00fc\u015fmanlar\u0131n\u0131n sonradan kullanaca\u011f\u0131 \u015fekilde dinamitliyor. PT \u015fimdi CUT\u2019un \u00f6rg\u00fctledi\u011fi ulusal m\u00fccadele g\u00fcn\u00fcn\u00fc desteklemeye s\u00f6z veriyor. Fakat sloganlar aras\u0131nda PT Ulusal Y\u00fcr\u00fctme Komitesinin \u201c<em>Kongre\u2019de <\/em>(Parlamento)<em> geli\u015ftirilebilir<\/em>\u201d diye destek sundu\u011fu MP 664 ve 665\u2019e kar\u015f\u0131 m\u00fccadele var. Bu pozisyon mutlaka tekrar g\u00f6zden ge\u00e7irilmeli ve PT de milletvekillerini PL 4330\u2019a kar\u015f\u0131 oy vermeye te\u015fvik etmelidir.<\/p>\n<p>7 Nisan\u2019daki ulusal m\u00fccadele g\u00fcn\u00fc boyunca sendikac\u0131lar, ba\u015fkent Brezilya\u2019da, Kongre\u2019nin \u00f6n\u00fcnde PL 4330\u2019un kabul edilmesini engellemek i\u00e7in toplanacaklar; i\u015f\u00e7i haklar\u0131n\u0131n, demokrasinin, siyasi reformun ve Petrobras\u2019\u0131n savunulmas\u0131 sloganlar\u0131 temelinde \u00e7e\u015fitli eyaletlerde (Brezilya federal bir devlet) mitingler ger\u00e7ekle\u015ftirecekler.<\/p>\n<p>Bu genel seferberlik, ulusun ge\u00e7irdi\u011fi \u015fiddetli krize kar\u015f\u0131 durabilmek i\u00e7in \u00e7al\u0131\u015fanlar\u0131n \u00f6nerilerini s\u0131ralayarak, t\u00fcm \u00fclkede 1 May\u0131s i\u00e7in birle\u015fik kitlesel mitingleri g\u00fc\u00e7lendirmelidir!<\/p>\n<ol class=\"footnotes\"><li id=\"footnote_1_1289\" class=\"footnote\"><em>ILC Uluslararas\u0131 B\u00fclteni&#8217;nin 10 Nisan 2015 tarihli 220. say\u0131s\u0131nda yay\u0131nlanm\u0131\u015ft\u0131r.\u00a0<\/em><strong>Brezilya \u0130\u015f\u00e7i Partisi&#8217;nin (PT) O Trabalho e\u011filiminin ayn\u0131 isimli gazetesinde yeniden yay\u0131nlanm\u0131\u015ft\u0131r.<span class=\"footnote-back-link-wrapper\">[<a href=\"#identifier_1_1289\" class=\"footnote-link footnote-back-link\">&#8617;<\/a>]<\/span><\/li><li id=\"footnote_2_1289\" class=\"footnote\">CTB: Brezilya \u0130\u015f\u00e7i Konfederasyonu; MST: Topraks\u0131z K\u00f6yl\u00fcler Hareketi; CMP: Halk Hareketleri Merkezi; UNE: Ulusal \u00d6\u011frenci Birli\u011fi.<span class=\"footnote-back-link-wrapper\">[<a href=\"#identifier_2_1289\" class=\"footnote-link footnote-back-link\">&#8617;<\/a>]<\/span><\/li><\/ol>","protected":false},"excerpt":{"rendered":"<p>&nbsp; \u201c7 Nisan ve 1 May\u0131s&#8217;ta yeniden sokaklara!\u201d 1 &#8212;\u00a0Lauro Fagundes Okuyucular\u0131m\u0131z\u0131n \u00f6nceki say\u0131lar\u0131m\u0131zda g\u00f6rebilece\u011fi gibi Brezilya i\u015f\u00e7i s\u0131n\u0131f\u0131 13 Mart&#8217;ta sendika federasyonu CUT\u2019un (Birle\u015fik \u0130\u015f\u00e7i Merkezi) ve \u00f6zellikle Dilma Rousseff ba\u015fkanl\u0131\u011f\u0131ndaki (PT \u2013 \u0130\u015f\u00e7i Partisi) h\u00fck\u00fcmetin Levy Plan\u0131\u2019na (Maliye Bakan\u0131) kar\u015f\u0131 eme\u011fin taleplerini savunan toplumsal \u00f6rg\u00fctlerin \u00e7a\u011fr\u0131s\u0131yla sokaklara \u00e7\u0131kt\u0131. \u0130ki g\u00fcn sonra, bir kesimi [&hellip;]<\/p>\n","protected":false},"author":1,"featured_media":0,"comment_status":"closed","ping_status":"closed","sticky":false,"template":"","format":"standard","meta":{"footnotes":""},"categories":[203],"tags":[68,87,204,207,205,206,89,53,88],"class_list":["post-1289","post","type-post","status-publish","format-standard","hentry","category-11-sayi-30-nisan-2015","tag-brezilya","tag-brezilya-isci-partisi","tag-cut","tag-dilma-rousseff","tag-lauro-fagundes","tag-levy-plani","tag-o-trabalho","tag-onsayfa","tag-pt"],"_links":{"self":[{"href":"https:\/\/pgbsosyalizm.org\/index.php?rest_route=\/wp\/v2\/posts\/1289","targetHints":{"allow":["GET"]}}],"collection":[{"href":"https:\/\/pgbsosyalizm.org\/index.php?rest_route=\/wp\/v2\/posts"}],"about":[{"href":"https:\/\/pgbsosyalizm.org\/index.php?rest_route=\/wp\/v2\/types\/post"}],"author":[{"embeddable":true,"href":"https:\/\/pgbsosyalizm.org\/index.php?rest_route=\/wp\/v2\/users\/1"}],"replies":[{"embeddable":true,"href":"https:\/\/pgbsosyalizm.org\/index.php?rest_route=%2Fwp%2Fv2%2Fcomments&post=1289"}],"version-history":[{"count":9,"href":"https:\/\/pgbsosyalizm.org\/index.php?rest_route=\/wp\/v2\/posts\/1289\/revisions"}],"predecessor-version":[{"id":1309,"href":"https:\/\/pgbsosyalizm.org\/index.php?rest_route=\/wp\/v2\/posts\/1289\/revisions\/1309"}],"wp:attachment":[{"href":"https:\/\/pgbsosyalizm.org\/index.php?rest_route=%2Fwp%2Fv2%2Fmedia&parent=1289"}],"wp:term":[{"taxonomy":"category","embeddable":true,"href":"https:\/\/pgbsosyalizm.org\/index.php?rest_route=%2Fwp%2Fv2%2Fcategories&post=1289"},{"taxonomy":"post_tag","embeddable":true,"href":"https:\/\/pgbsosyalizm.org\/index.php?rest_route=%2Fwp%2Fv2%2Ftags&post=1289"}],"curies":[{"name":"wp","href":"https:\/\/api.w.org\/{rel}","templated":true}]}}