{"id":1352,"date":"2015-06-02T16:03:11","date_gmt":"2015-06-02T14:03:11","guid":{"rendered":"http:\/\/pgbsosyalizm.org\/?p=1352"},"modified":"2015-06-21T22:11:59","modified_gmt":"2015-06-21T20:11:59","slug":"patronlarin-kolluk-kuvveti-turk-metal-cokuyor-peki-simdi","status":"publish","type":"post","link":"https:\/\/pgbsosyalizm.org\/?p=1352","title":{"rendered":"Patronlar\u0131n kolluk kuvveti T\u00fcrk Metal \u00e7\u00f6k\u00fcyor, peki \u015fimdi?"},"content":{"rendered":"<p>&nbsp;<\/p>\n<p>&#8211;\u015eadi Ozans\u00fc<\/p>\n<p>T\u00fcrkiye i\u015f\u00e7i s\u0131n\u0131f\u0131; 2009-2010 y\u0131llar\u0131 aras\u0131nda ger\u00e7ekle\u015fen TEKEL eylemleri ve onun c\u0131l\u0131z uzant\u0131lar\u0131n\u0131 bir kenara b\u0131rakacak olursak, hi\u00e7bir d\u00f6nemde AKP iktidar\u0131 alt\u0131nda oldu\u011fu kadar zay\u0131f, soluksuz ve sessiz bir \u201ctopluluk\u201d olarak varl\u0131\u011f\u0131n\u0131 s\u00fcrd\u00fcrmedi. 12 Eyl\u00fcl\u2019\u00fcn daha onuncu y\u0131l\u0131 dolmadan ger\u00e7ekle\u015fen Bahar Eylemlerini ve b\u00fcy\u00fck Zonguldak kalk\u0131\u015fmas\u0131n\u0131 an\u0131msad\u0131\u011f\u0131n\u0131zda bunu daha kolayl\u0131kla g\u00f6z\u00fcn\u00fcz\u00fcn \u00f6n\u00fcne getirebilirsiniz. 2013 y\u0131l\u0131 Haziran \u0130syan\u0131na i\u015f\u00e7i s\u0131n\u0131f\u0131n\u0131n \u00f6rg\u00fctl\u00fc kesimlerinden \u00e7ok zay\u0131f bir kat\u0131l\u0131m oldu\u011fundan Erdo\u011fan H\u00fck\u00fcmeti ayakta kalabildi. Bundan dolay\u0131 ba\u015fta Bursa olmak \u00fczere i\u015f\u00e7i s\u0131n\u0131f\u0131m\u0131z\u0131n otomotiv sekt\u00f6r\u00fcnde yer alan a\u011f\u0131r m\u00fcfrezelerinin y\u0131llar\u0131n uykusundan uyanarak T\u00fcrk Metal\u2019den b\u00f6l\u00fck b\u00f6l\u00fck kopmaya ba\u015flamalar\u0131 sadece i\u015f\u00e7i s\u0131n\u0131f\u0131n\u0131n s\u0131n\u0131f m\u00fccadelesi a\u00e7\u0131s\u0131ndan de\u011fil, genel olarak T\u00fcrkiye halklar\u0131n\u0131n burjuvaziye ve emperyalizme kar\u015f\u0131 politik m\u00fccadeleleri a\u00e7\u0131s\u0131ndan da tarihsel bir d\u00f6n\u00fcm noktas\u0131 anlam\u0131na geliyor.<\/p>\n<h2><strong>7 Haziran se\u00e7imlerinden daha \u00f6nemli<\/strong><\/h2>\n<p>Ku\u015fkusuz 7 Haziran se\u00e7imleri son derece \u00f6nemli bir kav\u015fak. Ve bu se\u00e7imlerden AKP\u2019nin olduk\u00e7a zay\u0131flayarak \u00e7\u0131kmas\u0131n\u0131n yan\u0131 s\u0131ra se\u00e7imde HDP\u2019nin baraj\u0131 a\u015fmas\u0131 da son derece \u00f6nemli. Ama gene de T\u00fcrkiye siyasetinin gelece\u011fini do\u011frudan 7 Haziran se\u00e7imleri de\u011fil, onun hemen sonras\u0131 belirleyecektir. Yani 7 Haziran sonras\u0131nda, yeni Meclis ile yap\u0131lmak istenen Ba\u015fkanl\u0131k Sistemi Anayasas\u0131 ve onun referandumu. Bir ba\u015fka ifadeyle HDP\u2019nin baraj\u0131 a\u015fmas\u0131 engellenmi\u015f bile olsa sava\u015f felaketi referandum ger\u00e7ekle\u015fmeden kap\u0131ya dayanmayacakt\u0131r. \u0130\u015fte bu y\u00fczden de otomotiv sekt\u00f6r\u00fcnde patlak veren ve ba\u015fka sanayi kollar\u0131na s\u0131\u00e7rama e\u011filimleri g\u00f6steren s\u0131n\u0131f m\u00fccadeleleri \u015fu an i\u00e7in se\u00e7imlerden daha yak\u0131c\u0131 bir g\u00f6r\u00fcn\u00fcm arz ediyor. \u00dcstelik baz\u0131lar\u0131na fazla iddial\u0131 gibi g\u00f6z\u00fckecek b\u00f6yle bir yakla\u015f\u0131m\u0131n kestirme bir \u201cuvriyerizm\u201d su\u00e7lamas\u0131n\u0131n muhatab\u0131 olmas\u0131 dahi \u00e7ok \u00f6nemli de\u011fil. Ger\u00e7ekten de i\u015f\u00e7i s\u0131n\u0131f\u0131n\u0131n i\u00e7indeki T\u00fcrk Metal kolluk kuvvetinin \u00e7\u00f6kmesi, y\u0131llard\u0131r zincire vurulmu\u015f bir halde ya\u015fayan i\u015f\u00e7i s\u0131n\u0131f\u0131n\u0131n m\u00fccadelesinin bir anda dizginlerinden bo\u015falmas\u0131na neden olabilir ki, bunun \u00f6n\u00fcnde AKP dahil hi\u00e7bir h\u00fck\u00fcmet duramayaca\u011f\u0131 gibi, sava\u015f beklentileri de ham hayal olur. B\u00f6yle bir geli\u015fme AKP i\u00e7in ba\u015far\u0131s\u0131z bir se\u00e7im sonucundan daha tehlikelidir. Zaten bu y\u00fczden de \u201c\u00c7okuluslu \u015firketler-T\u00fcrk Metal-H\u00fck\u00fcmet\u201d \u015feytan \u00fc\u00e7geninin H\u00fck\u00fcmet kanad\u0131 s\u0131n\u0131f eyleminin geli\u015fimini \u00e7aresizlik i\u00e7inde seyretmeyi, bir s\u00fcredir kullanmay\u0131 \u00e7ok sevdikleri gaz bombard\u0131man\u0131na tercih ediyor.<\/p>\n<h2><strong>Bursa\u2019n\u0131n \u00f6nemi<\/strong><\/h2>\n<p>Otomotiv sekt\u00f6r\u00fcn\u00fcn kalbi olan Bursa ayn\u0131 zamanda AKP H\u00fck\u00fcmetinin de se\u00e7im kalelerinden. Y\u0131llard\u0131r bu \u015fehrimizde yap\u0131lan se\u00e7imleri AKP ya da onun soyundan gelen partiler rahatl\u0131kla kazan\u0131yorlar. Muhtemelen gene kazanacakt\u0131r. Nitekim 2011 se\u00e7imlerinden hemen \u00f6nce Ordu\u2019da yap\u0131lan ve h\u00fck\u00fcmetin taban fiyatlar\u0131n\u0131 protesto eden yakla\u015f\u0131k 100 bine yak\u0131n \u00e7ift\u00e7inin eyleminden sonra da AKP, Ordu\u2019daki be\u015f milletvekilinin hepsini kazanm\u0131\u015ft\u0131. Demek ki se\u00e7imlerle toplumsal olaylardaki tav\u0131r al\u0131\u015flar her zaman paralellik g\u00f6stermeyebiliyor. Bir ba\u015fka ifadeyle se\u00e7imlerde alternatifsizlik (bir kitlesel i\u015f\u00e7i s\u0131n\u0131f\u0131 partisi yoklu\u011fu) nedeniyle AKP\u2019ye oy vermi\u015f i\u015f\u00e7iler, pek\u00e2l\u00e2 soka\u011fa d\u00f6k\u00fcl\u00fcp AKP\u2019yi h\u00fck\u00fcmetten indirmenin m\u00fccadelesine giri\u015febilirler. Nitekim 1987\u2019de y\u00fczde 36 ile iktidara gelen ANAP\u2019\u0131 iktidardan eden de, \u00d6zal H\u00fck\u00fcmetinin K\u00f6rfez Sava\u015f\u0131\u2019na fiilen girmesinin \u00f6n\u00fcn\u00fc kesen de Zonguldak B\u00fcy\u00fck Madenci Grevidir.<\/p>\n<p>Hi\u00e7 unutmayal\u0131m ki, \u015fu anda Bursa dini cemaatlerle tarikatlar\u0131n at ko\u015fturdu\u011fu bir \u015fehirdir ve muhtemelen Bursa\u2019n\u0131n otomotiv i\u015f\u00e7ilerinin az\u0131msanmayacak bir b\u00f6l\u00fcm\u00fc de bu cemaat ve tarikatlar\u0131n kontrol\u00fc alt\u0131ndad\u0131r. T\u00fcrk Metal\u2019le AKP y\u0131llard\u0131r i\u015fbirli\u011fi i\u00e7indedir ve cemaatlerle tarikatlar da otomotiv i\u015f\u00e7ilerine se\u00e7im d\u00f6nemlerinde \u201cAKP\u2019ye oy ver!\u201d \u00e7a\u011fr\u0131s\u0131 yapmaktad\u0131rlar. \u0130\u015f\u00e7i s\u0131n\u0131f\u0131n\u0131n T\u00fcrk Metal kar\u015f\u0131t\u0131 eylemi, Bursa i\u015f\u00e7ilerinin s\u0131n\u0131f \u00e7\u0131karlar\u0131n\u0131n bir anda cemaat ve tarikat \u00e7\u0131karlar\u0131n\u0131n \u00f6tesine varmas\u0131n\u0131n yolunu da a\u00e7ma potansiyeli ta\u015f\u0131d\u0131\u011f\u0131ndan, 12 Eyl\u00fcl\u2019den bu yana s\u00fcregelen bir e\u011filimi de ilk kez tersine \u00e7evirme f\u0131rsat\u0131n\u0131 verdi\u011fi i\u00e7in devrimci bir karakter ta\u015f\u0131yor.<\/p>\n\n\t\t<style type=\"text\/css\">\n\t\t\t#gallery-1 {\n\t\t\t\tmargin: auto;\n\t\t\t}\n\t\t\t#gallery-1 .gallery-item {\n\t\t\t\tfloat: left;\n\t\t\t\tmargin-top: 10px;\n\t\t\t\ttext-align: center;\n\t\t\t\twidth: 33%;\n\t\t\t}\n\t\t\t#gallery-1 img {\n\t\t\t\tborder: 2px solid #cfcfcf;\n\t\t\t}\n\t\t\t#gallery-1 .gallery-caption {\n\t\t\t\tmargin-left: 0;\n\t\t\t}\n\t\t\t\/* see gallery_shortcode() in wp-includes\/media.php *\/\n\t\t<\/style>\n\t\t<div id='gallery-1' class='gallery galleryid-1352 gallery-columns-3 gallery-size-large'><dl class='gallery-item'>\n\t\t\t<dt class='gallery-icon landscape'>\n\t\t\t\t<a href='https:\/\/pgbsosyalizm.org\/?attachment_id=1353#main'><img loading=\"lazy\" decoding=\"async\" width=\"840\" height=\"560\" src=\"https:\/\/pgbsosyalizm.org\/yenicms\/wp-content\/uploads\/2015\/06\/photo-6.jpg\" class=\"attachment-large size-large\" alt=\"\" aria-describedby=\"gallery-1-1353\" srcset=\"https:\/\/pgbsosyalizm.org\/yenicms\/wp-content\/uploads\/2015\/06\/photo-6.jpg 840w, https:\/\/pgbsosyalizm.org\/yenicms\/wp-content\/uploads\/2015\/06\/photo-6-150x100.jpg 150w, https:\/\/pgbsosyalizm.org\/yenicms\/wp-content\/uploads\/2015\/06\/photo-6-300x200.jpg 300w\" sizes=\"auto, (max-width: 840px) 100vw, 840px\" \/><\/a>\n\t\t\t<\/dt>\n\t\t\t\t<dd class='wp-caption-text gallery-caption' id='gallery-1-1353'>\n\t\t\t\tTofa\u015f i\u015f\u00e7ileri tepkilerini ayakkab\u0131lar\u0131 kald\u0131rarak g\u00f6steriyor.\n\t\t\t\t<\/dd><\/dl><dl class='gallery-item'>\n\t\t\t<dt class='gallery-icon landscape'>\n\t\t\t\t<a href='https:\/\/pgbsosyalizm.org\/?attachment_id=1355#main'><img loading=\"lazy\" decoding=\"async\" width=\"788\" height=\"442\" src=\"https:\/\/pgbsosyalizm.org\/yenicms\/wp-content\/uploads\/2015\/06\/photo-3.jpg\" class=\"attachment-large size-large\" alt=\"\" aria-describedby=\"gallery-1-1355\" srcset=\"https:\/\/pgbsosyalizm.org\/yenicms\/wp-content\/uploads\/2015\/06\/photo-3.jpg 788w, https:\/\/pgbsosyalizm.org\/yenicms\/wp-content\/uploads\/2015\/06\/photo-3-150x84.jpg 150w, https:\/\/pgbsosyalizm.org\/yenicms\/wp-content\/uploads\/2015\/06\/photo-3-300x168.jpg 300w\" sizes=\"auto, (max-width: 788px) 100vw, 788px\" \/><\/a>\n\t\t\t<\/dt>\n\t\t\t\t<dd class='wp-caption-text gallery-caption' id='gallery-1-1355'>\n\t\t\t\tRenault i\u015f\u00e7ileri fabrika \u00f6n\u00fcnde&#8230;\n\t\t\t\t<\/dd><\/dl><dl class='gallery-item'>\n\t\t\t<dt class='gallery-icon landscape'>\n\t\t\t\t<a href='https:\/\/pgbsosyalizm.org\/?attachment_id=1354#main'><img loading=\"lazy\" decoding=\"async\" width=\"1024\" height=\"680\" src=\"https:\/\/pgbsosyalizm.org\/yenicms\/wp-content\/uploads\/2015\/06\/photo-1-1024x680.jpg\" class=\"attachment-large size-large\" alt=\"\" aria-describedby=\"gallery-1-1354\" srcset=\"https:\/\/pgbsosyalizm.org\/yenicms\/wp-content\/uploads\/2015\/06\/photo-1-1024x680.jpg 1024w, https:\/\/pgbsosyalizm.org\/yenicms\/wp-content\/uploads\/2015\/06\/photo-1-150x100.jpg 150w, https:\/\/pgbsosyalizm.org\/yenicms\/wp-content\/uploads\/2015\/06\/photo-1-300x199.jpg 300w, https:\/\/pgbsosyalizm.org\/yenicms\/wp-content\/uploads\/2015\/06\/photo-1-1140x757.jpg 1140w, https:\/\/pgbsosyalizm.org\/yenicms\/wp-content\/uploads\/2015\/06\/photo-1.jpg 1200w\" sizes=\"auto, (max-width: 1024px) 100vw, 1024px\" \/><\/a>\n\t\t\t<\/dt>\n\t\t\t\t<dd class='wp-caption-text gallery-caption' id='gallery-1-1354'>\n\t\t\t\t\u0130\u015f\u00e7iler #direnRenault diyor&#8230;\n\t\t\t\t<\/dd><\/dl><br style=\"clear: both\" \/>\n\t\t<\/div>\n\n<h2><strong>T\u00fcrk Metal\u2019in malvarl\u0131\u011f\u0131 i\u015f\u00e7ilere aittir <\/strong><\/h2>\n<p>T\u00fcrk Metal tabandan bir i\u015f\u00e7i muhalefeti ile de\u011fi\u015ftirilebilecek bir sendika de\u011fil, patronlar\u0131n kolluk kuvveti i\u015fini g\u00f6ren, \u00fcye olmayan\u0131n i\u015ften at\u0131ld\u0131\u011f\u0131 bir mafya sendikad\u0131r. Dolay\u0131s\u0131yla i\u015f\u00e7ilere bu mafya sendikay\u0131 ele ge\u00e7irmeye \u00e7al\u0131\u015fmalar\u0131n\u0131 s\u00f6ylemek ger\u00e7ek\u00e7i de\u011fildir, o nedenle t\u00fcm \u00fcyeleri teredd\u00fcts\u00fcz istifa ederek T\u00fcrk Metal\u2019in \u00e7\u00f6k\u00fc\u015f\u00fcn\u00fc h\u0131zland\u0131rmaya \u00e7a\u011fr\u0131lmal\u0131d\u0131r. Tabii ki <strong>esas olmas\u0131 gereken sadece i\u015f\u00e7ilerin T\u00fcrk Metal&#8217;den istifas\u0131 de\u011fil, T\u00fcrk Metal&#8217;in b\u00fct\u00fcn mal varl\u0131\u011f\u0131yla birlikte i\u015f\u00e7ilere devri<\/strong>dir. Y\u0131llard\u0131r i\u015f\u00e7i s\u0131n\u0131f\u0131n\u0131n kan\u0131n\u0131 emmi\u015f olan T\u00fcrk Metal y\u00f6neticileri sonu\u00e7ta \u00fcyeleri olan metal i\u015f\u00e7ilerinin aidatlar\u0131yla zenginle\u015fmi\u015fler, oteller sat\u0131n alm\u0131\u015flar, kumarhaneler i\u015fletmi\u015fler, ama ayn\u0131 zamanda araziler ve sendika binalar\u0131 da sat\u0131n alm\u0131\u015flard\u0131r. Bu mal varl\u0131\u011f\u0131n\u0131n t\u00fcm\u00fc i\u015f\u00e7ilere aittir. T\u00fcrk Metal\u2019den istifa eden \u00fcyeler, y\u0131llarca i\u015f\u00e7ilerin al\u0131nteriyle edinilmi\u015f sendikan\u0131n malvarl\u0131\u011f\u0131n\u0131 (sendikan\u0131n ayl\u0131k gelirinin 6 trilyon oldu\u011fu s\u00f6yleniyor) g\u00f6zden \u00e7\u0131karamaz, elbette y\u00f6neticilerinin i\u015f\u00e7i aidatlar\u0131 ve \u201cpatron destekleri\u201d ile yapt\u0131klar\u0131 dudak u\u00e7uklatan servetlerini de. \u0130stifa eden i\u015f\u00e7iler mutlaka y\u00f6neticilerinin g\u00f6reve geldi\u011fi zamanki mal beyanlar\u0131yla \u015fu ankilerin kar\u015f\u0131la\u015ft\u0131r\u0131lmas\u0131n\u0131 talep etmelidir, \u00e7\u00fcnk\u00fc y\u00f6neticilerin kendisi birer patron olacak serveti edinmi\u015ftir (bir \u00f6nceki Genel Ba\u015fkan \u00d6zbek\u2019in sadece K\u0131br\u0131s\u2019taki serveti 1 milyon Sterlin, \u015fimdiki Ba\u015fkan Kavlak da onun yolunda). Ayr\u0131ca, <strong>mafya sendikas\u0131ndan ayr\u0131lan i\u015f\u00e7iler, ayr\u0131lma dilek\u00e7elerini verirken ileride sendikan\u0131n mal varl\u0131\u011f\u0131ndan do\u011facak haklar\u0131n\u0131 da g\u00fcvenceye alan bir resmi metin imzalamal\u0131d\u0131rlar<\/strong>. Aksi takdirde T\u00fcrk Metal g\u00fcn\u00fcn birinde tekrar hortlayabilir. Kald\u0131 ki zaten \u015fimdilik mal m\u00fclk sendikan\u0131n mafya y\u00f6neticilerine terk edildi\u011fi i\u00e7in hen\u00fcz canavar yok edilmi\u015f de\u011fildir.<\/p>\n<h2><strong>Birle\u015fik Metal\u2019de bir araya gelmek tabii ki do\u011fru, ama\u2026<\/strong><\/h2>\n<p>Tabii ki T\u00fcrk Metal\u2019den kopu\u015fta ilk dikkat edilmesi gereken husus eylem birli\u011finin bozulmamas\u0131d\u0131r. \u0130\u015f\u00e7iler \u015fu anda her ne kadar kendilerine d\u00fc\u015fman olarak T\u00fcrk Metal y\u00f6neticilerini se\u00e7mi\u015flerse de eylem i\u00e7inde, fabrika y\u00f6netimleriyle h\u00fck\u00fcmetin de asl\u0131nda T\u00fcrk Metal\u2019in su\u00e7 ortaklar\u0131 oldu\u011funu, hatta dahas\u0131 T\u00fcrk Metal\u2019in yular\u0131n\u0131 ellerinde tuttu\u011funu g\u00f6receklerdir. \u0130\u015f\u00e7iler s\u0131n\u0131f bilincini k\u00fc\u00e7\u00fck burjuvalardan farkl\u0131 olarak e\u011fitimle de\u011fil, eylemle kazan\u0131rlar. Bir ayl\u0131k bir eylem i\u015f\u00e7i s\u0131n\u0131f\u0131na dura\u011fan d\u00f6nemlerde y\u0131llar i\u00e7inde kazanacaklar\u0131 s\u0131n\u0131f bilinci kazand\u0131r\u0131r. Buna daha \u00f6nce B\u00fcy\u00fck Zonguldak Grevinde de tan\u0131k olduk. \u015eu veya bu fabrikan\u0131n eylemi daha \u00f6nce ve daha sonra b\u0131rakm\u0131\u015f olmas\u0131, bu eylem birli\u011finin bozulmas\u0131na kesinlikle neden olmamal\u0131. Bunu sa\u011flaman\u0131n yolu da \u015fu anda k\u0131smen de olsa var olan <strong>fabrika temsilcileri sisteminin k\u00f6kle\u015ftirilmesi<\/strong>dir.<\/p>\n<p>\u00d6te yandan, \u015fu anda hareket \u015f\u00f6yle bir sorunla kar\u015f\u0131 kar\u015f\u0131ya: Nas\u0131l devam edilecek? Tabii ki, Hak-\u0130\u015f\u2019e ba\u011fl\u0131 \u00c7elik-\u0130\u015f tercihi ya\u015fanm\u0131\u015f bunca ac\u0131 deneyden sonra hi\u00e7bir \u015fekilde g\u00fcndeme getirilmemeli, hatta m\u00fcmk\u00fcn oldu\u011funca \u201c\u00f6telenmeli\u201d. Bug\u00fcne kadarki olduk\u00e7a pasif tavr\u0131na ra\u011fmen gene de Birle\u015fik Metal propagandas\u0131n\u0131n i\u015f\u00e7iler aras\u0131nda sistematik olarak yap\u0131lmas\u0131nda yarar var. Ancak i\u015f\u00e7inin bu alternatiflere hay\u0131rhah bakmad\u0131\u011f\u0131 ko\u015fullarda, T\u00fcrk Metal\u2019den b\u00fcy\u00fck kopu\u015fla ger\u00e7ekle\u015fecek olan ve ba\u011f\u0131ms\u0131z bir sendikaya ula\u015fabilecek olan giri\u015fim de kestirmeden \u201ck\u0131z\u0131l sendika\u201d anlay\u0131\u015f\u0131 olarak su\u00e7lanamaz. S\u00f6z gelimi <strong>Birle\u015fik Metal\u2019in \u00fcye say\u0131s\u0131ndan daha fazla i\u015f\u00e7iyi temsil edebilecek bir kopu\u015fu, k\u00fc\u00e7\u00fck \u201ck\u0131z\u0131l sendika\u201d olarak nas\u0131l niteleyebiliriz?<\/strong> Burada esas sorun b\u00f6yle bir sendikan\u0131n, bir fraksiyonun d\u00fckk\u00e2n\u0131 \u201ck\u0131z\u0131l sendika\u201d olmas\u0131ndan ziyade, ba\u015f\u0131n\u0131 \u00e7ekecek olanlar\u0131n yeterli tarihsel deneyime sahip olmamalar\u0131ndan kaynakl\u0131 kolayl\u0131kla patronlara yem olabilecekleri tehlikesidir.<\/p>\n<h2><strong>Birle\u015fik Metal\u2019e na\u00e7izane \u201c\u00f6\u011f\u00fct\u201d: AS\u0130S deneyimine bak\u0131n!<\/strong><\/h2>\n<p>T\u00fcrkiye i\u015f\u00e7i s\u0131n\u0131f\u0131 hareketi \u00f6zellikle 60\u2019l\u0131 y\u0131llardan itibaren ciddi m\u00fccadele deneyimleri ya\u015fad\u0131. Bursa i\u015f\u00e7i s\u0131n\u0131f\u0131n\u0131n, b\u00fct\u00fcn T\u00fcrkiye i\u015f\u00e7i s\u0131n\u0131f\u0131 gibi <strong>demokrasiye a\u00e7 <\/strong>oldu\u011fu a\u015fik\u00e2r. \u00d6zellikle kendi kaderini ve tabii b\u00fct\u00fcn toplumun kaderini belirleme noktas\u0131nda <strong>sendikal demokrasi<\/strong> bu hareketin <strong>olmazsa olmaz\u0131.<\/strong> Birle\u015fik Metal y\u00f6neticisi dostlar\u0131m\u0131z Bursa\u2019n\u0131n aya\u011fa kalkm\u0131\u015f i\u015f\u00e7i s\u0131n\u0131f\u0131n\u0131 etkilemek istiyorlarsa D\u0130SK\u2019in 70\u2019li y\u0131llardaki m\u00fccadelesine ve bu m\u00fccadelenin <strong>AS\u0130S (A\u011fa\u00e7 Sanayi \u0130\u015f\u00e7ileri Sendikas\u0131)<\/strong> deneyimine \u00f6zellikle bakmak zorundalar. O g\u00fcnleri g\u00f6rememi\u015f olanlara hat\u0131rlatmakta fayda var. \u0130\u015f\u00e7i s\u0131n\u0131f\u0131n\u0131n m\u00fccadele deneyimleri ku\u015faktan ku\u015fa\u011fa ba\u015fka nas\u0131l aktar\u0131labilir ki? 70\u2019li y\u0131llar\u0131n ortalar\u0131nda AS\u0130S \u0130stanbul Anadolu Yakas\u0131\u2019ndaki <strong>ELKA<\/strong> mobilya fabrikas\u0131nda bir grev ba\u015flatt\u0131. Greve sendikal\u0131 700 civar\u0131nda i\u015f\u00e7inin t\u00fcm\u00fc kat\u0131ld\u0131. Sendikan\u0131n Ba\u015fkan\u0131 12 Eyl\u00fcl\u2019den bir s\u00fcre sonra hayat\u0131n\u0131 kaybetmi\u015f olan sevgili a\u011fabeyimiz <strong>Cenan B\u0131\u00e7ak\u00e7\u0131 <\/strong>ve Ba\u015fkan Yard\u0131mc\u0131s\u0131 da birka\u00e7 y\u0131l \u00f6nce aram\u0131zdan ayr\u0131lan yolda\u015f\u0131m\u0131z <strong>Alev Ate\u015f i<\/strong>di ( Alev, ELKA grevi s\u0131ras\u0131nda sendikan\u0131n Genel Ba\u015fkan\u0131 olmu\u015ftu, \u00e7\u00fcnk\u00fc AS\u0130S\u2019in t\u00fcz\u00fc\u011f\u00fc <sup><a href=\"#footnote_1_1352\" id=\"identifier_1_1352\" class=\"footnote-link footnote-identifier-link\" title=\"Madde 3 : Sendikan\u0131n ama&ccedil; ve \u0130lkeleri\nB) Sendikam\u0131z bu vazge&ccedil;ilmez ilkesinin sa\u011fl\u0131kl\u0131 ger&ccedil;ekle\u015fmesi yolunda &ouml;rg&uuml;t i&ccedil;i demokrasiyi sonuna de\u011fin s&uuml;rd&uuml;rmeye kararl\u0131d\u0131r.&Ouml;rg&uuml;t i&ccedil;i demokrasi ise ancak i\u015f&ccedil;ilerin ger&ccedil;ekten &ouml;rg&uuml;tlerinde s&ouml;z ve karar sahibi olmas\u0131 olunun a&ccedil;\u0131k bulundurulmas\u0131 ile olanakl\u0131d\u0131r. AS\u0130S Sendikas\u0131 bunu ya\u015fama uygulamak, &ouml;rg&uuml;t i&ccedil;i demokrasiyi sa\u011flay\u0131p, b&uuml;rokratik y&ouml;netim bi&ccedil;imlerini engellemek ve sendikac\u0131l\u0131\u011f\u0131 &ldquo;meslek&rdquo; haline getirmeye kar\u015f\u0131 a\u015fa\u011f\u0131daki &ouml;nlemleri al\u0131r:&bull;&nbsp; Kongreleri en geni\u015f tabanla yapmak. Bunun i&ccedil;in \u015eube Genel Kurullar\u0131, \u015fubeye ba\u011fl\u0131 b&uuml;t&uuml;n &uuml;yelerle, Genel Merkez Genel Kurullar\u0131 ise her 20 &uuml;yeye 1 delege oran\u0131 ile yap\u0131l\u0131r.\n&bull;&nbsp; \u0130\u015fyeri sendika temsilciliklerine ancak &uuml;yelerin kendi aralar\u0131nda se&ccedil;ecekleri i\u015f&ccedil;iler atan\u0131r: &Uuml;ye &ccedil;o\u011funlu\u011funun istemi ile i\u015fyeri sendika temsilcilerini yenilemek zorunludur.\n&bull;&nbsp; 200 i\u015f&ccedil;iye kadar i\u015f&ccedil;inin &ccedil;al\u0131\u015ft\u0131\u011f\u0131 i\u015fyerlerinde her 10 &uuml;yeye, 1.200&prime;den fazla i\u015f&ccedil;inin &ccedil;al\u0131\u015ft\u0131\u011f\u0131 i\u015fyerlerinde her 20 &uuml;yeye 1 oran\u0131nda i\u015f&ccedil;i konseyleri se&ccedil;ilir. \u0130\u015fyeri i\u015f&ccedil;i konseyleri t&uuml;z&uuml;kteki yolla sendika i\u015fyeri temsilcilerinin de\u011fi\u015ftirilmesine karar verebilirler. \u015eube i\u015f&ccedil;i konseyleri, \u015eube Denetim Kurulunu g&ouml;reve &ccedil;a\u011f\u0131rabilir, \u015fubeyi denetleyebilirler. Gerek&ccedil;e g&ouml;stererek \u015fube y&ouml;netim kurulunun g&ouml;revden al\u0131nmas\u0131n\u0131 isteyebilirler. Sendikaya e\u011fitim, &ouml;rg&uuml;tlenme, politik tutum ve eylem bi&ccedil;imleri gibi konularda &ouml;neriler getirir, uyar\u0131larda bulunurlar. Sendikaca saptanacak e\u011fitim, &ouml;rg&uuml;tlenme gibi konular\u0131n uygulanmas\u0131n\u0131 ger&ccedil;ekle\u015ftirmek, sendikaca &ouml;nerilen eylemleri ba\u015flat\u0131p s&uuml;rd&uuml;rmek g&ouml;revlerini y&uuml;k&uuml;mlenirler.\n&bull;&nbsp; \u0130\u015fverene verilecek toplu i\u015f s&ouml;zle\u015fmesi &ouml;nerileri, ilgili i\u015fyerinde &ccedil;al\u0131\u015fan t&uuml;m &uuml;ye i\u015f&ccedil;ilerin istekleri saptanarak haz\u0131rlan\u0131r. \u0130\u015fverenle yap\u0131lacak toplu i\u015f s&ouml;zle\u015fmesi m&uuml;zakerelerinde ilke olarak, o i\u015fyerindeki t&uuml;m i\u015f&ccedil;iler sendika y&ouml;neticileri ile birlikte kat\u0131l\u0131rlar. Ko\u015fullar\u0131n buna elveri\u015fli olmamas\u0131 halinde, durumu o i\u015fyerindeki t&uuml;m &uuml;ye i\u015f&ccedil;iler de\u011ferlendirir ve uygun g&ouml;recekleri karar\u0131 al\u0131rlar. Al\u0131nacak karar ne olursa olsun, toplu i\u015f s&ouml;zle\u015fmesi, i\u015fyerindeki t&uuml;m &uuml;ye i\u015f&ccedil;ilerin onay\u0131na sunularak imzalan\u0131r.\n&bull;&nbsp; T&uuml;z&uuml;\u011f&uuml;n bu konudaki h&uuml;km&uuml;ne uygun olarak sendika y&ouml;neticileri ancak 2 d&ouml;nem &uuml;st &uuml;ste g&ouml;rev yapabilirler. &Uuml;&ccedil;&uuml;nc&uuml; d&ouml;nem i&ccedil;in, bu durumda olan y&ouml;neticiler yeniden adayl\u0131klar\u0131n\u0131 koyamazlar.\n&bull;&nbsp; &Uuml;cretli olarak &ccedil;al\u0131\u015fan sendika y&ouml;neticilerinin normal ayl\u0131k &uuml;cretleri sendikaya kay\u0131tl\u0131 i\u015f&ccedil;ilerin ald\u0131\u011f\u0131 en y&uuml;ksek &uuml;cret ve yan &ouml;demeler toplam\u0131ndan fazla olamaz.\n&bull;&nbsp; Sendikan\u0131n ama&ccedil; ve ilkelerini ger&ccedil;ekle\u015ftirebilmek i&ccedil;in i\u015f&ccedil;ilerin e\u011fitimini &ouml;n ko\u015ful sayan AS\u0130S Sendikas\u0131, gelirinin en az % 10&prime;un e\u011fitim i&ccedil;in harcar. Ayr\u0131ca sendika, her t&uuml;rl&uuml; yay\u0131n yolu ile de e\u011fitimin etkili hale gelmesi i&ccedil;in &ccedil;al\u0131\u015f\u0131r. http:\/\/cenanbicakci.com\/belgelik.php\">1<\/a><\/sup>\u00a0gere\u011fi bir Genel Ba\u015fkan \u00fcst \u00fcste iki d\u00f6nemden fazla Genel Ba\u015fkanl\u0131k yapam\u0131yor, kendi ba\u015fkanl\u0131\u011f\u0131 s\u0131ras\u0131nda bir ba\u015fka i\u015f\u00e7iyi Genel Ba\u015fkanl\u0131\u011fa haz\u0131rlamas\u0131 gerekiyordu, ayn\u0131 \u015fekilde Alev Ate\u015f de 12 Eyl\u00fcl\u2019den \u00f6nce Genel Ba\u015fkanl\u0131\u011f\u0131 bir di\u011fer i\u015f\u00e7i yolda\u015f\u0131m\u0131z olan ELKA fabrikas\u0131 temsilcisi <strong>R\u0131fat Kendirligil\u2019<\/strong>e devretmi\u015fti. Maalesef onu da Alev\u2019den \u00f6nce yitirdik).<\/p>\n<\/div>\n<p>Birle\u015fik Metal y\u00f6neticisi dostlar\u0131m\u0131z e\u011fer T\u00fcrk Metal i\u015f\u00e7ilerini sendikaya kazanmak istiyorlarsa onlara mutlaka D\u0130SK \u00fcyesi AS\u0130S\u2019in t\u00fcz\u00fc\u011f\u00fcn\u00fc okumal\u0131 ve T\u00fcrk Metal\u2019den kopan i\u015f\u00e7ilere bu temelde propaganda yapmal\u0131d\u0131rlar.<img loading=\"lazy\" decoding=\"async\" class=\"alignright wp-image-1363 size-thumbnail\" src=\"https:\/\/pgbsosyalizm.org\/yenicms\/wp-content\/uploads\/2015\/06\/asis-106x150.jpg\" alt=\"asis\" width=\"106\" height=\"150\" srcset=\"https:\/\/pgbsosyalizm.org\/yenicms\/wp-content\/uploads\/2015\/06\/asis-106x150.jpg 106w, https:\/\/pgbsosyalizm.org\/yenicms\/wp-content\/uploads\/2015\/06\/asis.jpg 194w\" sizes=\"auto, (max-width: 106px) 100vw, 106px\" \/><\/p>\n<p>O s\u0131ralar genel uygulamadan farkl\u0131 olarak, m\u00fccadeleci b\u00fct\u00fcn i\u015f\u00e7i s\u0131n\u0131f\u0131 \u00f6rg\u00fctlerine a\u00e7\u0131k y\u00fcr\u00fct\u00fclen ELKA grevinde sendikac\u0131lar\u0131n, patronlar ve onlar\u0131n temsilcileriyle y\u00fcr\u00fctt\u00fckleri toplu m\u00fczakereler, ba\u015ftan sona fabrika i\u00e7ine yerle\u015ftirilmi\u015f bulunan hoparl\u00f6rler arac\u0131l\u0131\u011f\u0131yla b\u00fct\u00fcn i\u015f\u00e7iye an\u0131nda iletiliyordu. G\u00fcn\u00fcm\u00fcz teknolojisiyle fabrika i\u00e7i mek\u00e2nlara yerle\u015ftirilecek dev ekranlarla g\u00f6rsel olarak da i\u015f\u00e7i kitlesine bir sinema filmi izletircesine g\u00f6sterilebilir. AS\u0130S gizli g\u00f6r\u00fc\u015fmeleri t\u00fcm\u00fcyle kald\u0131rm\u0131\u015ft\u0131. Sendikan\u0131n t\u00fcz\u00fc\u011f\u00fc gere\u011fi her \u015fey aleni oluyordu. Tabii bundan rahats\u0131z olanlar sendikac\u0131 yolda\u015flar\u0131m\u0131z de\u011fil, patronlar oluyordu. Bug\u00fcnlerde \u00e7e\u015fitli sosyalist \u00e7evrelerin sendika i\u00e7i demokrasinin hayata ge\u00e7mesi i\u00e7in ileri s\u00fcrd\u00fckleri b\u00fct\u00fcn talepler, i\u015f\u00e7i s\u0131n\u0131f\u0131n\u0131n demokrasi talepleridir. Ama Birle\u015fik Metal sendikas\u0131 y\u00f6neticileri, AS\u0130S deneyimini T\u00fcrk Metal\u2019den kopan i\u015f\u00e7ilere aktar\u0131rlarsa onlardaki g\u00fcvensizlik duygusunu biraz olsun k\u0131rabilme yolunu da a\u00e7abilirler.<\/p>\n<h2><strong>Fabrika Komiteleri ya da \u201c\u0130\u015fyeri Vekilleri Heyeti\u201d<\/strong><\/h2>\n<p>Bursa otomotiv i\u015f\u00e7ilerinin eylemi grevle fabrika i\u015fgali aras\u0131nda yer alan bir t\u00fcr i\u015f b\u0131rakma eylemidir. <strong>\u00d6n\u00fcm\u00fczdeki d\u00f6nemde s\u0131n\u0131f hareketinin geli\u015fimine damgas\u0131n\u0131 vuracak olan bu m\u00fccadelenin do\u011frudan fabrika i\u015fgallerine kap\u0131 aralamas\u0131 fazlas\u0131yla m\u00fcmk\u00fcnd\u00fcr.<\/strong> 12 Eyl\u00fcl\u2019den beri y\u00fcr\u00fcrl\u00fc\u011fe konan yasalarla (buna 12 Eyl\u00fcl 2010 referandumu sonras\u0131 d\u00fczenlemeler de dahildir) her t\u00fcrl\u00fc grevi fiilen imk\u00e2ns\u0131zla\u015ft\u0131rm\u0131\u015f olan patronlar ve onlar\u0131n h\u00fck\u00fcmetleri, olas\u0131 i\u015fgallerle birlikte bakal\u0131m fabrika i\u00e7indeki iktidarlar\u0131n\u0131 T\u00fcrk Metal \u00e7etesi ortadan kalkt\u0131\u011f\u0131nda s\u00fcrd\u00fcrebilecekler mi? Ya da i\u015f\u00e7i s\u0131n\u0131f\u0131 fabrika i\u00e7inde h\u00e2kimiyet tesis etti\u011finde, bunun toplumda da bir h\u00e2kimiyet tesisi anlam\u0131na gelece\u011finin bilincine nas\u0131l varacak? Vard\u0131\u011f\u0131nda ne olacak? Hep birlikte g\u00f6rece\u011fiz.<\/p>\n<p>Olana geri d\u00f6nersek; Bursa\u2019da i\u015f\u00e7iler \u015fu an kendi s\u00f6zc\u00fclerini se\u00e7iyor ama fazlas\u0131 l\u00e2z\u0131m, Fabrika Komiteleri ya da \u201c\u0130\u015fyeri Vekilleri Heyeti\u201d gibi m\u00fccadele ara\u00e7lar\u0131n\u0131 s\u00fcrekli k\u0131lmalar\u0131 da gerekiyor. Fabrika i\u00e7inde mevcut i\u015f\u00e7ilerin t\u00fcm\u00fcn\u00fcn oylar\u0131yla se\u00e7ilmesi gereken temsilciler toplulu\u011fu i\u00e7in \u201cFabrika Komitesi\u201d yerine, s\u0131n\u0131f m\u00fccadelesine yeni yeni at\u0131lmaya ba\u015flayan i\u015f\u00e7ilere, geleneksel olanla ayn\u0131 anlama geldi\u011fi halde daha sempatik gelebilecek\u00a0<strong>\u201c\u0130\u015fyeri Vekilleri Heyeti\u201d <\/strong>kavram\u0131n\u0131n kullan\u0131lmas\u0131\u00a0daha uygun olabilir. Bununla birlikte, d\u00fcnya ve T\u00fcrkiye i\u015f\u00e7i s\u0131n\u0131f\u0131n\u0131n evrensel deneyimlerinin ortakla\u015f\u0131lm\u0131\u015f kavramlar\u0131yla (ister \u201ckomite\u201d, ister \u201ci\u015f\u00e7i vekilleri\u201d vb. olsun) konu\u015fmaktan vazge\u00e7meye \u00e7al\u0131\u015fman\u0131n ve bunlar\u0131n yerine (\u201cyeni\u201d olarak sunulan ama asl\u0131nda s\u0131n\u0131f m\u00fccadelesi d\u0131\u015f\u0131) farkl\u0131 anlay\u0131\u015flar \u2013sanki m\u00fcmk\u00fcnm\u00fc\u015f gibi- ge\u00e7irmeye \u00e7al\u0131\u015fman\u0131n da bir anlam\u0131 olmasa gerek.<\/p>\n<h2><strong>Parti\u2026 Parti\u2026 Yine Parti<\/strong><\/h2>\n<p>\u0130\u015f\u00e7i s\u0131n\u0131f\u0131n\u0131n b\u00fct\u00fcn m\u00fccadelelerini birle\u015ftirecek ve ge\u00e7mi\u015f deneyimlerini de yeni \u00fcyelerine aktaracak s\u0131n\u0131f partisine elbette ihtiyac\u0131 var. \u00dcstelik bu parti i\u015f\u00e7i s\u0131n\u0131f\u0131n\u0131n iktidar y\u00fcr\u00fcy\u00fc\u015f\u00fcnde ona tepeden buyruklarla talimatlar veren bir parti olmayacakt\u0131r. \u0130\u015f\u00e7i s\u0131n\u0131f\u0131n\u0131n partisi, onun en vefak\u00e2r ve m\u00fccadeleci unsurlar\u0131ndan olu\u015facak ve onun iktidar\u0131 almas\u0131na yard\u0131mc\u0131 olacak bir ayg\u0131tt\u0131r. \u0130\u015f\u00e7i s\u0131n\u0131f\u0131n\u0131n en ileri kesimlerini b\u00fcnyesinde toplayacak b\u00f6yle bir parti, ancak \u00e7ok daha geni\u015f bir i\u015f\u00e7i s\u0131n\u0131f\u0131 partisinin i\u00e7inden s\u00fcz\u00fclerek ortaya \u00e7\u0131kacak ve esas olarak, <strong>devrim an\u0131nda<\/strong> gerekli in\u015fay\u0131 tamamlamaya haz\u0131r olan parti olacakt\u0131r. Hi\u00e7bir s\u0131n\u0131f partisi, devrime kadar tamamlanm\u0131\u015f bir parti olmayacakt\u0131r. Bununla birlikte, bu yolda y\u00fcr\u00fcy\u00fc\u015fe haz\u0131r olmak i\u00e7in de bug\u00fcnden en az\u0131ndan se\u00e7imlerde ba\u011f\u0131ms\u0131z s\u0131n\u0131f hatt\u0131 tutturmam\u0131za hizmet edecek daha geni\u015f bir s\u0131n\u0131f partisine acilen ihtiya\u00e7 vard\u0131r.<\/p>\n<ol class=\"footnotes\"><li id=\"footnote_1_1352\" class=\"footnote\"><strong>Madde 3 : Sendikan\u0131n ama\u00e7 ve \u0130lkeleri<\/strong><\/p>\n<div>B) Sendikam\u0131z bu vazge\u00e7ilmez ilkesinin sa\u011fl\u0131kl\u0131 ger\u00e7ekle\u015fmesi yolunda \u00f6rg\u00fct i\u00e7i demokrasiyi sonuna de\u011fin s\u00fcrd\u00fcrmeye kararl\u0131d\u0131r.\u00d6rg\u00fct i\u00e7i demokrasi ise ancak i\u015f\u00e7ilerin ger\u00e7ekten \u00f6rg\u00fctlerinde s\u00f6z ve karar sahibi olmas\u0131 olunun a\u00e7\u0131k bulundurulmas\u0131 ile olanakl\u0131d\u0131r. AS\u0130S Sendikas\u0131 bunu ya\u015fama uygulamak, \u00f6rg\u00fct i\u00e7i demokrasiyi sa\u011flay\u0131p, b\u00fcrokratik y\u00f6netim bi\u00e7imlerini engellemek ve sendikac\u0131l\u0131\u011f\u0131 \u201cmeslek\u201d haline getirmeye kar\u015f\u0131 a\u015fa\u011f\u0131daki \u00f6nlemleri al\u0131r:\u2022\u00a0 Kongreleri en geni\u015f tabanla yapmak. Bunun i\u00e7in \u015eube Genel Kurullar\u0131, \u015fubeye ba\u011fl\u0131 b\u00fct\u00fcn \u00fcyelerle, Genel Merkez Genel Kurullar\u0131 ise her 20 \u00fcyeye 1 delege oran\u0131 ile yap\u0131l\u0131r.<\/p>\n<p>\u2022\u00a0 \u0130\u015fyeri sendika temsilciliklerine ancak \u00fcyelerin kendi aralar\u0131nda se\u00e7ecekleri i\u015f\u00e7iler atan\u0131r: \u00dcye \u00e7o\u011funlu\u011funun istemi ile i\u015fyeri sendika temsilcilerini yenilemek zorunludur.<\/p>\n<p>\u2022\u00a0 200 i\u015f\u00e7iye kadar i\u015f\u00e7inin \u00e7al\u0131\u015ft\u0131\u011f\u0131 i\u015fyerlerinde her 10 \u00fcyeye, 1.200\u2032den fazla i\u015f\u00e7inin \u00e7al\u0131\u015ft\u0131\u011f\u0131 i\u015fyerlerinde her 20 \u00fcyeye 1 oran\u0131nda i\u015f\u00e7i konseyleri se\u00e7ilir. \u0130\u015fyeri i\u015f\u00e7i konseyleri t\u00fcz\u00fckteki yolla sendika i\u015fyeri temsilcilerinin de\u011fi\u015ftirilmesine karar verebilirler. \u015eube i\u015f\u00e7i konseyleri, \u015eube Denetim Kurulunu g\u00f6reve \u00e7a\u011f\u0131rabilir, \u015fubeyi denetleyebilirler. Gerek\u00e7e g\u00f6stererek \u015fube y\u00f6netim kurulunun g\u00f6revden al\u0131nmas\u0131n\u0131 isteyebilirler. Sendikaya e\u011fitim, \u00f6rg\u00fctlenme, politik tutum ve eylem bi\u00e7imleri gibi konularda \u00f6neriler getirir, uyar\u0131larda bulunurlar. Sendikaca saptanacak e\u011fitim, \u00f6rg\u00fctlenme gibi konular\u0131n uygulanmas\u0131n\u0131 ger\u00e7ekle\u015ftirmek, sendikaca \u00f6nerilen eylemleri ba\u015flat\u0131p s\u00fcrd\u00fcrmek g\u00f6revlerini y\u00fck\u00fcmlenirler.<\/p>\n<p>\u2022\u00a0 \u0130\u015fverene verilecek toplu i\u015f s\u00f6zle\u015fmesi \u00f6nerileri, ilgili i\u015fyerinde \u00e7al\u0131\u015fan t\u00fcm \u00fcye i\u015f\u00e7ilerin istekleri saptanarak haz\u0131rlan\u0131r. \u0130\u015fverenle yap\u0131lacak toplu i\u015f s\u00f6zle\u015fmesi m\u00fczakerelerinde ilke olarak, o i\u015fyerindeki t\u00fcm i\u015f\u00e7iler sendika y\u00f6neticileri ile birlikte kat\u0131l\u0131rlar. Ko\u015fullar\u0131n buna elveri\u015fli olmamas\u0131 halinde, durumu o i\u015fyerindeki t\u00fcm \u00fcye i\u015f\u00e7iler de\u011ferlendirir ve uygun g\u00f6recekleri karar\u0131 al\u0131rlar. Al\u0131nacak karar ne olursa olsun, toplu i\u015f s\u00f6zle\u015fmesi, i\u015fyerindeki t\u00fcm \u00fcye i\u015f\u00e7ilerin onay\u0131na sunularak imzalan\u0131r.<\/p>\n<p>\u2022\u00a0 T\u00fcz\u00fc\u011f\u00fcn bu konudaki h\u00fckm\u00fcne uygun olarak sendika y\u00f6neticileri ancak 2 d\u00f6nem \u00fcst \u00fcste g\u00f6rev yapabilirler. \u00dc\u00e7\u00fcnc\u00fc d\u00f6nem i\u00e7in, bu durumda olan y\u00f6neticiler yeniden adayl\u0131klar\u0131n\u0131 koyamazlar.<\/p>\n<p>\u2022\u00a0 \u00dccretli olarak \u00e7al\u0131\u015fan sendika y\u00f6neticilerinin normal ayl\u0131k \u00fccretleri sendikaya kay\u0131tl\u0131 i\u015f\u00e7ilerin ald\u0131\u011f\u0131 en y\u00fcksek \u00fccret ve yan \u00f6demeler toplam\u0131ndan fazla olamaz.<\/p>\n<p>\u2022\u00a0 Sendikan\u0131n ama\u00e7 ve ilkelerini ger\u00e7ekle\u015ftirebilmek i\u00e7in i\u015f\u00e7ilerin e\u011fitimini \u00f6n ko\u015ful sayan AS\u0130S Sendikas\u0131, gelirinin en az % 10\u2032un e\u011fitim i\u00e7in harcar. Ayr\u0131ca sendika, her t\u00fcrl\u00fc yay\u0131n yolu ile de e\u011fitimin etkili hale gelmesi i\u00e7in \u00e7al\u0131\u015f\u0131r. <a href=\"http:\/\/cenanbicakci.com\/belgelik.php\">http:\/\/cenanbicakci.com\/belgelik.php<\/a><span class=\"footnote-back-link-wrapper\">[<a href=\"#identifier_1_1352\" class=\"footnote-link footnote-back-link\">&#8617;<\/a>]<\/span><\/li><\/ol>","protected":false},"excerpt":{"rendered":"<p>&nbsp; &#8211;\u015eadi Ozans\u00fc T\u00fcrkiye i\u015f\u00e7i s\u0131n\u0131f\u0131; 2009-2010 y\u0131llar\u0131 aras\u0131nda ger\u00e7ekle\u015fen TEKEL eylemleri ve onun c\u0131l\u0131z uzant\u0131lar\u0131n\u0131 bir kenara b\u0131rakacak olursak, hi\u00e7bir d\u00f6nemde AKP iktidar\u0131 alt\u0131nda oldu\u011fu kadar zay\u0131f, soluksuz ve sessiz bir \u201ctopluluk\u201d olarak varl\u0131\u011f\u0131n\u0131 s\u00fcrd\u00fcrmedi. 12 Eyl\u00fcl\u2019\u00fcn daha onuncu y\u0131l\u0131 dolmadan ger\u00e7ekle\u015fen Bahar Eylemlerini ve b\u00fcy\u00fck Zonguldak kalk\u0131\u015fmas\u0131n\u0131 an\u0131msad\u0131\u011f\u0131n\u0131zda bunu daha kolayl\u0131kla g\u00f6z\u00fcn\u00fcz\u00fcn \u00f6n\u00fcne [&hellip;]<\/p>\n","protected":false},"author":1,"featured_media":0,"comment_status":"closed","ping_status":"closed","sticky":false,"template":"","format":"standard","meta":{"footnotes":""},"categories":[216],"tags":[184,225,53,154,185,95,224],"class_list":["post-1352","post","type-post","status-publish","format-standard","hentry","category-12-sayi-2-haziran-2015","tag-7-haziran","tag-bursa","tag-onsayfa","tag-sadi-ozansu","tag-secim","tag-sendika","tag-turk-metal"],"_links":{"self":[{"href":"https:\/\/pgbsosyalizm.org\/index.php?rest_route=\/wp\/v2\/posts\/1352","targetHints":{"allow":["GET"]}}],"collection":[{"href":"https:\/\/pgbsosyalizm.org\/index.php?rest_route=\/wp\/v2\/posts"}],"about":[{"href":"https:\/\/pgbsosyalizm.org\/index.php?rest_route=\/wp\/v2\/types\/post"}],"author":[{"embeddable":true,"href":"https:\/\/pgbsosyalizm.org\/index.php?rest_route=\/wp\/v2\/users\/1"}],"replies":[{"embeddable":true,"href":"https:\/\/pgbsosyalizm.org\/index.php?rest_route=%2Fwp%2Fv2%2Fcomments&post=1352"}],"version-history":[{"count":16,"href":"https:\/\/pgbsosyalizm.org\/index.php?rest_route=\/wp\/v2\/posts\/1352\/revisions"}],"predecessor-version":[{"id":1380,"href":"https:\/\/pgbsosyalizm.org\/index.php?rest_route=\/wp\/v2\/posts\/1352\/revisions\/1380"}],"wp:attachment":[{"href":"https:\/\/pgbsosyalizm.org\/index.php?rest_route=%2Fwp%2Fv2%2Fmedia&parent=1352"}],"wp:term":[{"taxonomy":"category","embeddable":true,"href":"https:\/\/pgbsosyalizm.org\/index.php?rest_route=%2Fwp%2Fv2%2Fcategories&post=1352"},{"taxonomy":"post_tag","embeddable":true,"href":"https:\/\/pgbsosyalizm.org\/index.php?rest_route=%2Fwp%2Fv2%2Ftags&post=1352"}],"curies":[{"name":"wp","href":"https:\/\/api.w.org\/{rel}","templated":true}]}}