{"id":1476,"date":"2015-10-29T11:44:26","date_gmt":"2015-10-29T09:44:26","guid":{"rendered":"http:\/\/pgbsosyalizm.org\/?p=1476"},"modified":"2015-10-29T17:29:53","modified_gmt":"2015-10-29T15:29:53","slug":"israildeki-filistinli-iscilerin-korunmasi-icin-acil-cagri","status":"publish","type":"post","link":"https:\/\/pgbsosyalizm.org\/?p=1476","title":{"rendered":"\u0130srail\u2019deki Filistinli i\u015f\u00e7ilerin korunmas\u0131 i\u00e7in acil \u00e7a\u011fr\u0131"},"content":{"rendered":"<p>&nbsp;<\/p>\n<p style=\"text-align: right;\"><strong>\u05d0\u05d9\u05d2\u05d5\u05d3 \u05d4\u05e2\u05d5\u05d1\u05d3\u05d9\u05dd \u05d4\u05e2\u05e8\u05d1\u05d9\u05dd\u00a0<a href=\"https:\/\/pgbsosyalizm.org\/yenicms\/wp-content\/uploads\/2015\/08\/Arap-Iscileri-Send1.jpg\"><img loading=\"lazy\" decoding=\"async\" class=\"size-full wp-image-1433 alignright\" src=\"https:\/\/pgbsosyalizm.org\/yenicms\/wp-content\/uploads\/2015\/08\/Arap-Iscileri-Send1.jpg\" alt=\"Arap Iscileri Send\" width=\"204\" height=\"169\" srcset=\"https:\/\/pgbsosyalizm.org\/yenicms\/wp-content\/uploads\/2015\/08\/Arap-Iscileri-Send1.jpg 204w, https:\/\/pgbsosyalizm.org\/yenicms\/wp-content\/uploads\/2015\/08\/Arap-Iscileri-Send1-150x124.jpg 150w\" sizes=\"auto, (max-width: 204px) 100vw, 204px\" \/><\/a><\/strong><\/p>\n<p style=\"text-align: right;\"><strong>\u0646\u0642\u0627\u0628\u0629 \u0627\u0644\u0639\u0645\u0627\u0644 \u0627\u0644\u0639\u0631\u0628\u00a0<\/strong><\/p>\n<p style=\"text-align: right;\"><strong>Arap \u0130\u015f\u00e7ileri Sendikas\u0131<\/strong><\/p>\n<p>&nbsp;<\/p>\n<p>&nbsp;<\/p>\n<h2 style=\"text-align: center;\"><strong>\u00a0<\/strong><strong>\u0130srail\u2019deki Filistinli i\u015f\u00e7ilerin korunmas\u0131 i\u00e7in acil \u00e7a\u011fr\u0131:<\/strong><\/h2>\n<h2 style=\"text-align: center;\"><strong>\u0130srail, ekim ay\u0131n\u0131n ba\u015f\u0131ndan beri 959 Filistinli i\u015f\u00e7iyi tutuklad\u0131<\/strong><\/h2>\n<h2 style=\"text-align: center;\"><strong>322 i\u015f\u00e7i sald\u0131r\u0131ya u\u011frad\u0131 ve i\u015fyerinden kovuldu<\/strong><\/h2>\n<p style=\"text-align: justify;\">\u0130srailli yerle\u015fimcilerin \u0130srail \u015fehirlerinde Filistinli i\u015f\u00e7ilere y\u00f6nelik tekrar eden sald\u0131r\u0131lar\u0131n\u0131n ard\u0131ndan Nas\u0131ra \u015fehrindeki Arap \u0130\u015f\u00e7ileri Sendikas\u0131, uluslararas\u0131 sendikalar\u0131 ve insan haklar\u0131 \u00f6rg\u00fctlerini \u0130srail\u2019deki Filistinli i\u015f\u00e7ilerin korunmas\u0131 i\u00e7in ILO nezdinde giri\u015fimlerde bulunmaya \u00e7a\u011f\u0131rd\u0131. Son sald\u0131r\u0131, Umm al-Fahm \u015fehrinden gelen 13 Filistinli i\u015f\u00e7iye \u00e7al\u0131\u015ft\u0131klar\u0131 Kud\u00fcs yak\u0131nlar\u0131ndaki Beit Shemesh \u015fehrinde ger\u00e7ekle\u015fti.<\/p>\n<p style=\"text-align: justify;\">Sendika, bug\u00fcn Nas\u0131ra\u2019da yay\u0131mlanan bas\u0131n a\u00e7\u0131klamas\u0131nda; \u0130srail\u2019in ekim ay\u0131n\u0131n ba\u015f\u0131ndan bu yana Bat\u0131 \u015eeria, Kud\u00fcs ve 48 b\u00f6lgelerinden [1948\u2019de \u0130srail\u2019in kuruldu\u011fu b\u00f6lge \u2013 \u00e7n.] 959 Filistinli i\u015f\u00e7iyi tutuklad\u0131\u011f\u0131n\u0131 ve Kud\u00fcs ile 1948 b\u00f6lgelerindeki 44 \u0130srail i\u015fyerinden 322 i\u015f\u00e7inin de <strong>\u201cg\u00fcvenlik\u201d<\/strong> bahanesiyle i\u015ften \u00e7\u0131kar\u0131ld\u0131\u011f\u0131n\u0131 s\u00f6yledi. \u00c7ok say\u0131da i\u015fverenin <strong>\u201cArt\u0131k Arap i\u015f\u00e7iler istemiyoruz\u201d<\/strong> diye a\u00e7\u0131k a\u00e7\u0131k medya \u00f6n\u00fcnde s\u00f6yledi\u011fini belirtti.<\/p>\n<p style=\"text-align: justify;\">A\u00e7\u0131klamada Arap \u0130\u015f\u00e7ileri Sendikas\u0131, i\u015f\u00e7ilere hukuki koruma sa\u011flamak i\u00e7in yo\u011fun bir \u015fekilde delil ve ifade toplamaya ba\u015flad\u0131\u011f\u0131n\u0131 belirtti. 48 b\u00f6lgelerinde ve Kud\u00fcs\u2019te i\u015ften \u00e7\u0131kar\u0131lan 71 i\u015f\u00e7inin yasal \u015fik\u00e2yetleri s\u00fcrecinin ba\u015flad\u0131\u011f\u0131n\u0131 s\u00f6yledi ve azami say\u0131da i\u015f\u00e7iye ula\u015farak \u0130srail i\u015f mahkemelerinde hukuki destek vermek i\u00e7in faaliyetine devam edece\u011fini belirtti.<\/p>\n<p style=\"text-align: center;\"><strong>Arap i\u015f\u00e7ilerine kar\u015f\u0131 \u0131rk\u00e7\u0131 sald\u0131r\u0131lar\u0131 durdurmak i\u00e7in kampanyaya destek verin<\/strong><\/p>\n<p style=\"text-align: center;\"><strong>\u0130\u015f\u00e7ileri korumak ve i\u015fyerlerine d\u00f6n\u00fc\u015flerini sa\u011flamak i\u00e7in hukuki kampanyaya destek verin ve ba\u011f\u0131\u015fta bulunun<\/strong><\/p>\n<p style=\"text-align: center;\"><strong>Ya\u015fas\u0131n i\u015f\u00e7i s\u0131n\u0131f\u0131!<\/strong><\/p>\n<p>&nbsp;<\/p>\n<hr \/>\n<p style=\"text-align: center;\">(\u0627\u0644\u0646\u0627\u0635\u0631\u0629- \u0635.\u0628 2721- \u0645\u064a\u0643\u0648\u062f 16126 \u062a\u0644\u0641\u0627\u0643\u0633- 04-6001369 (972)- \u0646\u0642\u0627\u0644 0507770134 (972)<\/p>\n<p style=\"text-align: center;\">Nazareth. P.o.Box- 2721. Zip 16126 &#8211; Telfax (972) 04 6565044. Cep (972) 0507770134<\/p>\n<p style=\"text-align: center;\">E-posta: &#97;&#x72;&#97;&#x62;&#46;&#x77;o&#x72;k&#x65;r&#115;&#x2e;&#117;&#x6e;&#105;&#x6f;&#110;&#x40;g&#x6d;a&#x69;l&#46;&#x63;&#111;&#x6d;<\/p>\n","protected":false},"excerpt":{"rendered":"<p>&nbsp; \u05d0\u05d9\u05d2\u05d5\u05d3 \u05d4\u05e2\u05d5\u05d1\u05d3\u05d9\u05dd \u05d4\u05e2\u05e8\u05d1\u05d9\u05dd\u00a0 \u0646\u0642\u0627\u0628\u0629 \u0627\u0644\u0639\u0645\u0627\u0644 \u0627\u0644\u0639\u0631\u0628\u00a0 Arap \u0130\u015f\u00e7ileri Sendikas\u0131 &nbsp; &nbsp; \u00a0\u0130srail\u2019deki Filistinli i\u015f\u00e7ilerin korunmas\u0131 i\u00e7in acil \u00e7a\u011fr\u0131: \u0130srail, ekim ay\u0131n\u0131n ba\u015f\u0131ndan beri 959 Filistinli i\u015f\u00e7iyi tutuklad\u0131 322 i\u015f\u00e7i sald\u0131r\u0131ya u\u011frad\u0131 ve i\u015fyerinden kovuldu \u0130srailli yerle\u015fimcilerin \u0130srail \u015fehirlerinde Filistinli i\u015f\u00e7ilere y\u00f6nelik tekrar eden sald\u0131r\u0131lar\u0131n\u0131n ard\u0131ndan Nas\u0131ra \u015fehrindeki Arap \u0130\u015f\u00e7ileri Sendikas\u0131, uluslararas\u0131 sendikalar\u0131 ve insan [&hellip;]<\/p>\n","protected":false},"author":1,"featured_media":0,"comment_status":"closed","ping_status":"closed","sticky":false,"template":"","format":"standard","meta":{"footnotes":""},"categories":[49],"tags":[240,123,125,53],"class_list":["post-1476","post","type-post","status-publish","format-standard","hentry","category-c43-duyurular","tag-arap-iscileri-sendikasi","tag-filistin","tag-israil","tag-onsayfa"],"_links":{"self":[{"href":"https:\/\/pgbsosyalizm.org\/index.php?rest_route=\/wp\/v2\/posts\/1476","targetHints":{"allow":["GET"]}}],"collection":[{"href":"https:\/\/pgbsosyalizm.org\/index.php?rest_route=\/wp\/v2\/posts"}],"about":[{"href":"https:\/\/pgbsosyalizm.org\/index.php?rest_route=\/wp\/v2\/types\/post"}],"author":[{"embeddable":true,"href":"https:\/\/pgbsosyalizm.org\/index.php?rest_route=\/wp\/v2\/users\/1"}],"replies":[{"embeddable":true,"href":"https:\/\/pgbsosyalizm.org\/index.php?rest_route=%2Fwp%2Fv2%2Fcomments&post=1476"}],"version-history":[{"count":4,"href":"https:\/\/pgbsosyalizm.org\/index.php?rest_route=\/wp\/v2\/posts\/1476\/revisions"}],"predecessor-version":[{"id":1481,"href":"https:\/\/pgbsosyalizm.org\/index.php?rest_route=\/wp\/v2\/posts\/1476\/revisions\/1481"}],"wp:attachment":[{"href":"https:\/\/pgbsosyalizm.org\/index.php?rest_route=%2Fwp%2Fv2%2Fmedia&parent=1476"}],"wp:term":[{"taxonomy":"category","embeddable":true,"href":"https:\/\/pgbsosyalizm.org\/index.php?rest_route=%2Fwp%2Fv2%2Fcategories&post=1476"},{"taxonomy":"post_tag","embeddable":true,"href":"https:\/\/pgbsosyalizm.org\/index.php?rest_route=%2Fwp%2Fv2%2Ftags&post=1476"}],"curies":[{"name":"wp","href":"https:\/\/api.w.org\/{rel}","templated":true}]}}