{"id":1510,"date":"2015-12-28T23:31:25","date_gmt":"2015-12-28T21:31:25","guid":{"rendered":"http:\/\/pgbsosyalizm.org\/?p=1510"},"modified":"2015-12-28T23:36:55","modified_gmt":"2015-12-28T21:36:55","slug":"vakit-hizla-akip-gidiyor-yaris-zamana-karsi-turkiye-sinif-mucadelesine-hangi-zeminde-nasil-mudahale-edilebilir","status":"publish","type":"post","link":"https:\/\/pgbsosyalizm.org\/?p=1510","title":{"rendered":"Vakit H\u0131zla Ak\u0131p Gidiyor, Yar\u0131\u015f Zamana Kar\u015f\u0131 T\u00fcrkiye S\u0131n\u0131f M\u00fccadelesine Hangi Zeminde Nas\u0131l M\u00fcdahale Edilebilir?"},"content":{"rendered":"<p>&#8211;\u015eadi Ozans\u00fc<\/p>\n<p>Herkes\u00e7e bilinir ama pek telaffuz edilmez: T\u00fcrkiye\u2019de 12 Eyl\u00fcl 1980\u2019de ger\u00e7ekle\u015fen askeri darbe sadece T\u00fcrkiye i\u00e7i geli\u015fmelerin de\u011fil, ayn\u0131 zamanda uluslararas\u0131 konjonkt\u00fcr\u00fcn de bir sonucuydu. Hatta kim bilir, belki de zamanlanmas\u0131nda uluslararas\u0131 konjonkt\u00fcr\u00fcn etkisi yerele g\u00f6re daha \u00e7ok \u00f6ne \u00e7\u0131km\u0131\u015f bile olabilir. T\u00fcrkiye\u2019de i\u015f\u00e7i hareketi 1979 y\u0131l\u0131ndan itibaren daha \u00f6nceki y\u0131llar\u0131n tersine bir duraklama s\u00fcreci i\u00e7ine girmi\u015f, askeri darbeden k\u0131sa bir s\u00fcre \u00f6nce 1980\u2019de D\u0130SK Genel Ba\u015fkan\u0131 Kemal T\u00fcrkler\u2019in fa\u015fistler taraf\u0131ndan katledilmesinin ard\u0131ndan yap\u0131lan cenaze t\u00f6reninin s\u00f6n\u00fckl\u00fc\u011f\u00fc ise s\u0131n\u0131f\u0131n \u00fczerindeki yorgunlu\u011fun bir geri \u00e7ekilmeye d\u00f6n\u00fc\u015fmeye ba\u015flad\u0131\u011f\u0131n\u0131n g\u00f6stergesi olmu\u015ftu. Elbette T\u00fcrkiye b\u00fcy\u00fck burjuvazisi i\u015f\u00e7i s\u0131n\u0131f\u0131n\u0131n 1961 y\u0131l\u0131ndan itibaren elde etmi\u015f oldu\u011fu kazan\u0131mlardan rahats\u0131zd\u0131 ve 24 Ocak kararlar\u0131n\u0131n hayata ge\u00e7irilebilmesi i\u00e7in de ba\u015fta D\u0130SK sendikalar\u0131 olmak \u00fczere i\u015f\u00e7i \u00f6rg\u00fctlerinin devreden \u00e7\u0131kar\u0131labilmesi ihtiyac\u0131 bir askeri diktat\u00f6rl\u00fck rejimini \u00e7a\u011f\u0131r\u0131yordu. Ama b\u00f6yle bir rejimi \u00e7a\u011f\u0131ran ayn\u0131 zamanda Afganistan\u2019\u0131n Sovyetler Birli\u011fi taraf\u0131ndan i\u015fgali ve tabii bunun yan\u0131 s\u0131ra 1979 \u0130ran Devrimiyle Orta Do\u011fu\u2019da ABD emperyalizminin \u0130srail\u2019in yan\u0131 s\u0131ra en b\u00fcy\u00fck i\u015fbirlik\u00e7isi \u015eah rejiminin y\u0131k\u0131lm\u0131\u015f olmas\u0131yd\u0131. Emperyalizm, \u0130ran\u2019dan sonra T\u00fcrkiye\u2019yi de kaybetmeyi g\u00f6ze alamayaca\u011f\u0131n\u0131 12 Eyl\u00fcl askeri diktat\u00f6rl\u00fc\u011f\u00fcn\u00fc TSK\u2019n\u0131n NATO yeti\u015ftirmesi generallerine havale ederek g\u00f6sterdi.<\/p>\n<h2><strong>T\u00fcrkiye, fa\u015fizme 12 Eyl\u00fcl 1980\u2019de oldu\u011fundan \u00e7ok daha yak\u0131n<\/strong><\/h2>\n<p>T\u00fcrkiye\u2019nin \u00f6n\u00fcnde \u015fimdilik 12 Eyl\u00fcl benzeri bir askeri diktat\u00f6rl\u00fck rejimi s\u00f6z konusu de\u011fil. \u00c7\u00fcnk\u00fc bu M\u0131s\u0131r\u2019da oldu\u011fu gibi \u201c\u0130hvan\u201d rejiminin T\u00fcrkiye versiyonunun y\u0131k\u0131lmas\u0131 anlam\u0131na gelirdi ki, \u00a0\u015fu an i\u00e7in, emperyalizm taraf\u0131ndan mevcut rejime verilen destek ve Saray rejiminin de emperyalizme her zamankinden daha fazla biat edi\u015fi dikkate al\u0131nd\u0131\u011f\u0131nda (\u0130srail ve Irak politikalar\u0131n\u0131n yan\u0131 s\u0131ra AB\u2019nin ba\u015fl\u0131ca emperyalist \u00fclkeleri Almanya ve Fransa ile ili\u015fkilerin g\u00f6\u00e7men sorunu \u201csayesinde\u201d bir t\u00fcr balay\u0131na d\u00f6n\u00fc\u015fmesi) bu son derece anlams\u0131z olurdu. Saray bir t\u00fcr \u201cmilli\u201d Sisi \u00f6rne\u011fini ya\u015famamak i\u00e7in Mursi\u2019yi de, Hamas\u2019\u0131 da, hatta siyasal anlamda I\u015e\u0130D\u2019i de g\u00f6zden \u00e7\u0131kartmak zorunda kalm\u0131\u015ft\u0131r. Ama bu, i\u00e7inde bulundu\u011fumuz d\u00f6nemin 12 Eyl\u00fcl 1980\u2019e g\u00f6re i\u015f\u00e7i s\u0131n\u0131f\u0131 a\u00e7\u0131s\u0131ndan daha tehlikesiz oldu\u011fu anlam\u0131na gelmiyor. Tam tersine, ya\u015fad\u0131\u011f\u0131m\u0131z d\u00f6nem, fa\u015fizme, 12 Eyl\u00fcl 1980\u2019de oldu\u011fundan \u00e7ok daha yak\u0131n. AKP H\u00fck\u00fcmeti ve en ba\u015fta Saray taraf\u0131ndan ordunun ve \u00f6zellikle \u201c\u00f6zel kuvvetler\u201dle polisin neredeyse t\u00fcm\u00fcyle kontrol alt\u0131nda tutulmas\u0131n\u0131n yan\u0131 s\u0131ra SA bozuntusu \u201cOsmanl\u0131 Ocaklar\u0131\u201dn\u0131n devreye sokulmak istenmesi \u201cT\u00fcrk tipi\u201d, yani Alaturka ( a la turca) fa\u015fizmin habercileridir. Klasik fa\u015fizm (emperyalist \u00fclke fa\u015fizmi) finans kapitalin genel \u00e7\u0131karlar\u0131n\u0131 sonuna kadar korumakla birlikte burjuvaziyi politik olarak m\u00fclks\u00fczle\u015ftirir. Bug\u00fcn\u00fcn T\u00fcrkiye\u2019sinde Saray\u2019\u0131n kar\u015f\u0131s\u0131nda politik a\u011f\u0131rl\u0131\u011f\u0131 olan bir burjuvazi kalm\u0131\u015f m\u0131d\u0131r? Saray\u2019a dayatmalarda bulunan ve ona \u00e7e\u015fitli konularda geri ad\u0131mlar att\u0131ran T\u00dcS\u0130AD de\u011fil, emperyalist burjuvazidir. \u00a0Klasik fa\u015fizmde, fa\u015fist hareketin zaten sallant\u0131 i\u00e7inde olan burjuva devlet ayg\u0131t\u0131ndan en az\u0131ndan do\u011frudan iktidara gelene kadar k\u0131smi bir \u201c\u00f6zerkli\u011fi\u201d s\u00f6z konusudur. Saray\u2019\u0131n alaturka fa\u015fizminde bu hi\u00e7bir zaman olmayacakt\u0131r. Kald\u0131 ki b\u00f6yle bir \u201c\u00f6zerklik\u201d b\u0131rakal\u0131m Devlet Bah\u00e7eli\u2019nin MHP\u2019sini Alpaslan T\u00fcrke\u015f\u2019inki i\u00e7in bile s\u00f6z konusu olmad\u0131yd\u0131.<\/p>\n<p>\u015eu an i\u00e7in K\u00fcrt ve Alevi d\u00fc\u015fman\u0131 bir kitle hareketinin do\u011fmaya ba\u015flamas\u0131n\u0131n temel nedenlerinden biri, daha \u00f6nce de ifade etti\u011fimiz gibi \u00f6rg\u00fctl\u00fc i\u015f\u00e7i hareketinin y\u0131llar i\u00e7inde atomlar\u0131na ayr\u0131\u015ft\u0131r\u0131lm\u0131\u015f olmas\u0131d\u0131r. Bu e\u011filim, Saray iktidar\u0131 d\u00f6neminde ge\u00e7mi\u015f y\u0131llara g\u00f6re fazlas\u0131yla g\u00fc\u00e7lenmi\u015ftir. T\u00fcrk- Metal\u2019in, bir b\u00fct\u00fcn olarak T\u00fcrk-\u0130\u015f y\u00f6netiminin Saray\u2019\u0131n saflar\u0131na kat\u0131lmas\u0131n\u0131n yan\u0131 s\u0131ra son d\u00f6nemde Hava-\u0130\u015f\u2019in ve \u00f6zellikle Petrol-\u0130\u015f\u2019in y\u00f6netimlerinin do\u011frudan Saray dalkavu\u011fu ekiplerin eline ge\u00e7mi\u015f olmas\u0131 alaturka fa\u015fizmin do\u011frudan iktidar\u0131n\u0131n (anayasal d\u00fczlemde de \u201cBa\u015fkanl\u0131k\u201d sistemine ge\u00e7i\u015f) \u00f6ncesinde ger\u00e7ekle\u015fiyor. Bu, klasik fa\u015fizmle de uyumlu bir durum, \u015f\u00f6yle ki: Hitler iktidara geldi\u011finde Almanya\u2019n\u0131n dev i\u015f\u00e7i hareketi ve \u00f6rg\u00fctl\u00fcl\u00fc\u011f\u00fc SPD \u00f6nderli\u011fiyle KP \u00f6nderliklerinin ihanetleri y\u00fcz\u00fcnden zaten yok edilmi\u015fti. Ve zaten bu y\u00fczdendir ki Hitler derhal SA\u2019lar\u0131n\u0131 ortadan kald\u0131rarak fa\u015fizmin bir t\u00fcr Bonapartizme d\u00f6n\u00fc\u015fmesine yol verdi. Parampar\u00e7a olmu\u015f i\u015f\u00e7i \u00f6rg\u00fctlerine sald\u0131racak SA\u2019lara art\u0131k ihtiya\u00e7 kalmam\u0131\u015ft\u0131. Fa\u015fizmin do\u011frudan iktidar\u0131n\u0131n\u00a0<strong>\u00f6ncesinde<\/strong>\u00a0i\u015f\u00e7i \u00f6rg\u00fctl\u00fcl\u00fc\u011f\u00fcn\u00fcn imha edilmi\u015f olmas\u0131 Marksist fa\u015fizm teorisinin asli \u00f6gelerinden biridir. T\u00fcrkiye\u2019de bunun b\u00fcy\u00fck \u00f6l\u00e7\u00fcde ger\u00e7ekle\u015fmi\u015f olmas\u0131 alaturka fa\u015fizmin geli\u015fim seyrini resmetmek a\u00e7\u0131s\u0131ndan \u00f6nemlidir. Bu geli\u015fmeler, T\u00fcrkiye toplumunun fa\u015fizme 12 Eyl\u00fcl 1980 d\u00f6neminden daha yak\u0131n oldu\u011funun kan\u0131tlar\u0131d\u0131r. Ama bu kan\u0131tlar yeterli de\u011fildir. Bunlar\u0131n yol a\u00e7t\u0131\u011f\u0131 sonu\u00e7lar\u0131 da g\u00f6rmek gerekir.<\/p>\n<h2><strong>Alaturka fa\u015fizme \u00f6rg\u00fctl\u00fc ve kitlesel olarak sadece K\u00fcrt halk\u0131 direniyor, ama\u2026<\/strong><\/h2>\n<p>Evet, K\u00fcrt halk\u0131 alaturka fa\u015fizme kar\u015f\u0131 canla ba\u015fla m\u00fccadele ediyor. \u00c7olu\u011fuyla \u00e7ocu\u011fuyla, kad\u0131n\u0131yla erke\u011fiyle, genciyle ya\u015fl\u0131s\u0131yla direniyor. T\u00fcrkiye\u2019nin metropollerindeyse bu direni\u015fe verilen destek olduk\u00e7a c\u0131l\u0131z. Bu neden b\u00f6yle? \u015eu gerek\u00e7elerin a\u00e7\u0131klay\u0131c\u0131 hi\u00e7bir yan\u0131 yok: \u201cK\u00fcrtler de 2013 Haziran Ayaklanmas\u0131na yeterli deste\u011fi vermediler de ondan b\u00f6yle!\u201d ya da \u201cT\u00fcrkiye halk\u0131 ge\u00e7mi\u015fte oldu\u011fu gibi bug\u00fcn de bizim direni\u015fimize kay\u0131ts\u0131z kal\u0131yor da ondan!\u201d Bunlar\u0131n hepsi laf-\u0131 g\u00fczaft\u0131r. Ku\u015fkusuz her iki taraf\u0131n yarg\u0131s\u0131nda da do\u011fruluk pay\u0131 vard\u0131r, ama sorunun \u00f6z\u00fc burada de\u011fil ki. Haziran Ayaklanmas\u0131n\u0131n sonu\u00e7ta yenilgiye u\u011fram\u0131\u015f olmas\u0131n\u0131n nedeni \u00f6rg\u00fctl\u00fc i\u015f\u00e7i s\u0131n\u0131f\u0131n\u0131n olaylar\u0131n ak\u0131\u015f\u0131na m\u00fcdahaledeki yetersizli\u011fidir, hatta yoklu\u011fudur. Unutmayal\u0131m AKP\u2019nin i\u015f\u00e7i hareketi \u00fczerindeki b\u00fct\u00fcn denetimine ra\u011fmen, o tarihlerde ne Hava-\u0130\u015f ne de Petrol-\u0130\u015f hen\u00fcz Saray dalkavuklar\u0131n\u0131n elinde de\u011fildi. Sadece bu iki sendikam\u0131z bile o tarihte T\u00fcrk-\u0130\u015f\u2019in Taksim\u2019deki Merkez binas\u0131na konu\u015flan\u0131p, m\u00fccadele bayra\u011f\u0131 a\u00e7salard\u0131 \u2013 ki bu durum hem me\u015fruydu hem de fazlas\u0131yla m\u00fcmk\u00fcnd\u00fc, \u00a0\u0130stanbul \u015eubeler Platformu bile bunu ka\u00e7 kez yapm\u0131\u015ft\u0131 \u2013 sinmi\u015f, pusmu\u015f \u00f6rg\u00fctl\u00fc i\u015f\u00e7iler i\u00e7in bir \u00e7ekim merkezi olacaklar\u0131 gibi isyana i\u015f\u00e7i s\u0131n\u0131f\u0131n\u0131n damgas\u0131n\u0131 vurmas\u0131n\u0131 sa\u011flayacaklard\u0131. Sonu\u00e7ta 2013 Haziran Ayaklanmas\u0131n\u0131n yenilgisi \u00f6rg\u00fctl\u00fc i\u015f\u00e7i hareketinin b\u00fcy\u00fck \u00f6l\u00e7\u00fcde \u00f6nceden AKP taraf\u0131ndan ele ge\u00e7irilmi\u015f olmas\u0131 y\u00fcz\u00fcndendi. Ama sonras\u0131na ne demeli?<\/p>\n<p>\u0130\u00e7inde bulundu\u011fumuz y\u0131l Petrol-\u0130\u015f sendikam\u0131z\u0131n Genel Kurulu yap\u0131ld\u0131. Y\u0131llard\u0131r i\u015f\u00e7i s\u0131n\u0131f\u0131 i\u00e7inde sosyalist harekete g\u00f6re \u00e7ok daha programl\u0131 bir \u015fekilde faaliyet g\u00f6steren Saray dalkavuklar\u0131 sendikan\u0131n y\u00f6netimini, aynen Hava-\u0130\u015f\u2019te oldu\u011fu gibi ezici bir \u00e7o\u011funlukla \u00a0ele ge\u00e7irdiler. Bu sendikalar\u0131n kongrelerine sosyalist hareketimizin \u00e7ok az ilgi g\u00f6sterdi\u011fine tan\u0131k olduk, hatta baz\u0131lar\u0131 var olan y\u00f6netimlerin y\u0131k\u0131l\u0131p yerine AKP\u2019lilerin ge\u00e7mesi i\u00e7in (G\u00f6kku\u015fa\u011f\u0131 Hareketi) aktif olmasa bile \u201c\u00e7aba\u201d g\u00f6sterdiler! \u015eimdi dikkat! Petrol-\u0130\u015f sendikam\u0131z\u0131n Saray dalkavu\u011fu yeni y\u00f6netiminde bir tak\u0131m sosyal demokrat, sosyalist sendikac\u0131lar\u0131n yan\u0131 s\u0131ra sendika i\u00e7inde olduk\u00e7a etkili bir g\u00fcce sahip olan Batman \u015eubesi de yer ald\u0131. \u015eu an alaturka fa\u015fizmin \u015fiddetli sald\u0131r\u0131s\u0131 alt\u0131ndaki Batman \u015eubesi h\u00e2l\u00e2 bu y\u00f6netimde yer al\u0131yor. Dolay\u0131s\u0131yla art\u0131k bu soruyu hem T\u00fcrkiye sosyalist hareketine hem de K\u00fcrt hareketi i\u00e7inde yer alan sosyalist k\u00fcmelere sorman\u0131n zaman\u0131 geldi de ge\u00e7iyor bile: \u201c<strong>Ey T\u00fcrkiye sosyalist hareketi y\u00f6neticileri! Haziran 2013 \u0130syan\u0131n\u0131 hakl\u0131 olarak \u00e7ok \u00f6nemsediniz, olabildi\u011fince i\u00e7inde yer ald\u0131n\u0131z. \u00d6rg\u00fctl\u00fc i\u015f\u00e7i hareketini bu isyan\u0131n i\u00e7ine katabilmek i\u00e7in ne ad\u0131m att\u0131n\u0131z? O kat\u0131lmad\u0131\u011f\u0131 takdirde isyan\u0131n zafere ula\u015famayaca\u011f\u0131n\u0131 bilmiyor muydunuz?<\/strong>\u201d Ve tabii K\u00fcrt hareketi i\u00e7inde yer alan sosyalist k\u00fcmelere: \u201c<strong>Ey K\u00fcrt hareketinin sosyalist kanatlar\u0131! T\u00fcrk halk\u0131ndan size gelecek destek ancak \u00f6rg\u00fctl\u00fc i\u015f\u00e7i hareketi varsa bir sonu\u00e7 verebilir. Aksi takdirde bir Gezi eylemi olman\u0131n \u00f6tesine ge\u00e7emez. Bunu de\u011fi\u015ftirmek i\u00e7in siz ne yapt\u0131n\u0131z? Nas\u0131l olur da Petrol-\u0130\u015f sendikas\u0131n\u0131n Genel Kurulunda Saray dalkavuklar\u0131yla ayn\u0131 listede yer al\u0131p, mevcut y\u00f6netimi devirmek i\u00e7in oy kullan\u0131rs\u0131n\u0131z?<\/strong>\u201d<\/p>\n<p>Sorular\u0131n kendisi zaten cevaplar\u0131n\u0131 i\u00e7inde ta\u015f\u0131d\u0131\u011f\u0131ndan ayr\u0131ca cevaplanmas\u0131 gerekmiyor. Ama buradan bir temel sonu\u00e7 \u00e7\u0131k\u0131yor: Hem T\u00fcrkiye sosyalist hareketi hem de K\u00fcrt hareketinin sosyalist bile\u015fenleri kurtulu\u015f yolunun i\u015f\u00e7i s\u0131n\u0131f\u0131n\u0131n \u00f6rg\u00fctl\u00fc kesimlerinin b\u00fcy\u00fct\u00fclmesi ve kazan\u0131lmas\u0131ndan ge\u00e7ti\u011fini g\u00f6rmek istemedikleri gibi, maalesef s\u0131n\u0131f\u0131n kendisini de \u00e7ok da \u00f6nemsemiyorlar. Kimse \u015fu mazeretlere s\u0131\u011f\u0131nmas\u0131n: \u201cT\u00fcrk i\u015f\u00e7i s\u0131n\u0131f\u0131 zaten milliyet\u00e7idir\u201d ya da \u201cZaten onlar \u00e7ok dinci ve mezhep\u00e7iler!\u201d<\/p>\n<h2><strong>Filistin\u2019den ba\u015flay\u0131p Bat\u0131 Avrupa\u2019ya uzanan d\u00fcnya devrimi fay hatt\u0131<\/strong><\/h2>\n<p>Yaz\u0131m\u0131z\u0131n giri\u015f b\u00f6l\u00fcm\u00fcne geri d\u00f6necek ve T\u00fcrkiye s\u0131n\u0131f m\u00fccadelesinin uluslararas\u0131 yelpaze i\u00e7indeki yerine bakacak olursak \u015funu g\u00f6r\u00fcr\u00fcz: T\u00fcrkiye\u2019nin i\u00e7inde bulundu\u011fu jeopolitik mek\u00e2n do\u011fuda Filistin\u2019den ba\u015flay\u0131p bat\u0131da Fransa ve hatta Britanya\u2019ya kadar uzanan bir d\u00fcnya devrimi deprem fay hatt\u0131 \u00fczerinde. Bu fay hatt\u0131n\u0131n \u015fimdilik en k\u0131r\u0131lgan noktalar\u0131 Filistin, Yunanistan ve bir b\u00fct\u00fcn olarak Bat\u0131 Avrupa\u2019n\u0131n emperyalist \u00fclkeleri. \u00a0Neden?<\/p>\n<p>Filistin\u2019den ba\u015flayacak olursak. Emperyalizmin b\u00f6lgedeki ko\u00e7ba\u015f\u0131 olan teokratik \u0130srail devleti (\u015fu an iktidarda B\u00fcy\u00fck Birlik Partisi\u2019nin, ana muhalefette AKP ile MHP\u2019nin, son s\u0131rada ise CHP\u2019nin yer ald\u0131\u011f\u0131 bir \u00fclke d\u00fc\u015f\u00fcn\u00fcn!) yetmi\u015f y\u0131la yak\u0131n bir s\u00fcredir (ku\u015fkusuz ondan \u00f6ncesi de var) uygulad\u0131\u011f\u0131 b\u00fct\u00fcn amans\u0131z i\u015fgalci ve yay\u0131lmac\u0131\/Siyonist politikalara ra\u011fmen ku\u015faktan ku\u015fa\u011fa yay\u0131lan Filistin direni\u015fini ortadan kald\u0131ramad\u0131. \u00dcstelik FK\u00d6 y\u00f6netiminin ve daha sonra ona kat\u0131lan Hamas y\u00f6netiminin (\u00e7\u00fcnk\u00fc Hamas da 1993 Oslo s\u00f6zde \u201cbar\u0131\u015f\u201d anla\u015fmalar\u0131n\u0131n dayatt\u0131\u011f\u0131 \u0130ki Devletli \u201c\u00e7\u00f6z\u00fcm\u00fc\u201d onaylad\u0131) ihanet politikalar\u0131na ra\u011fmen b\u00fct\u00fcn bir halk hem Gazze\u2019de, hem Bat\u0131 \u015eeria\u2019da, hem \u0130srail\u2019in i\u015fgali alt\u0131ndaki topraklarda ve hem de \u00e7e\u015fitli \u00fclkelerdeki g\u00f6\u00e7men kamplar\u0131nda kahramanca direniyor. Art\u0131k yeni ku\u015fak gen\u00e7li\u011fin ba\u015f\u0131n\u0131 \u00e7ekti\u011fi direni\u015f kendi uzla\u015fmac\u0131 \u00f6nderliklerini de elinin tersiyle bir kenara iterek Orta Do\u011fu\u2019nun tek emperyalist \u00fclkesine kar\u015f\u0131 ayaklanm\u0131\u015f durumda. Bu durum, sadece \u0130srail devletinin de\u011fil, ba\u015fta ABD emperyalizmi olmak \u00fczere b\u00fct\u00fcn emperyalist \u00fclkelerin Orta Do\u011fu politikalar\u0131n\u0131n iflas\u0131d\u0131r. \u0130\u015fte bu y\u00fczden de kendi \u00f6nderliklerinin uzla\u015fmac\u0131 niteliklerine ra\u011fmen nesnel konumu nedeniyle d\u00fcnyan\u0131n b\u00fct\u00fcn emperyalist \u00fclkelerine kar\u015f\u0131 sava\u015fmakta olan bu \u00e7ok b\u00fcy\u00fck \u201ck\u00fc\u00e7\u00fcc\u00fck\u201d halk d\u00fcnya devrimi fay hatt\u0131n\u0131n merkezindeki yerini korumaya devam ediyor.<\/p>\n<p>Yunanistan bu fay hatt\u0131n\u0131n bir di\u011fer k\u0131r\u0131lma noktas\u0131. Y\u0131llarca \u00e7e\u015fitli sa\u011f\/sol h\u00fck\u00fcmetlerin AB\u2019nin direktifleri do\u011frultusunda uygulad\u0131klar\u0131 kemer s\u0131kma politikalar\u0131na direnen ve \u00f6rg\u00fctl\u00fc i\u015f\u00e7i s\u0131n\u0131f\u0131n\u0131n direni\u015fin ba\u015f\u0131n\u0131 \u00e7ekti\u011fi bu \u00fclkede, halk\u0131n ya\u015fad\u0131\u011f\u0131 hayal k\u0131r\u0131kl\u0131\u011f\u0131 (\u0130brahim Devrim\u2019in bu \u00fclkedeki geli\u015fmeleri bir Enternasyonal Delegasyon ile birlikte yerinde izleyerek \u00fclkedeki son durumu aktard\u0131\u011f\u0131 yaz\u0131y\u0131 B\u00fcltenimizin bu say\u0131s\u0131nda g\u00f6rebilirsiniz) aynen Filistin\u2019de oldu\u011fu gibi var olan i\u015f\u00e7i \u00f6nderliklerine (Syriza, PASOK, KKE ve AB\u2019ye, dolay\u0131s\u0131yla emperyalizmin i\u015f\u00e7i hareketi i\u00e7indeki en \u00f6nemli ajan\u0131 ETUC\u2019a\u00a0 teslim olmu\u015f t\u00fcm sendikal yap\u0131lar) duyulan tepkiyi dile getirmekle birlikte, i\u015fi daha da ileri g\u00f6t\u00fcr\u00fcyor ve AB\u2019nin toptan reddi \u00e7izgisine y\u00f6neliyor. \u015euras\u0131 art\u0131k kimsenin yads\u0131yamayaca\u011f\u0131 bir ger\u00e7ek: Avrupa\u2019n\u0131n birinci s\u0131n\u0131f emperyalist \u00fclkelerindeki fay hatt\u0131nda en ufak bir k\u0131r\u0131lma oldu\u011funda Yunan proletaryas\u0131 buna b\u00fct\u00fcn g\u00fcc\u00fcyle destek verecektir.<\/p>\n<p>Gelelim fay hatt\u0131n\u0131n en tehlikeli (devrim\/kar\u015f\u0131-devrim anlam\u0131nda) noktas\u0131na, yani d\u00fcnyada en \u00f6rg\u00fctl\u00fc i\u015f\u00e7i hareketinin bulundu\u011fu Bat\u0131 Avrupa\u2019n\u0131n emperyalist \u00fclkelerine. Kriz i\u00e7indeki d\u00fcnya emperyalizminin g\u00fcn\u00fcm\u00fczdeki ba\u015f belas\u0131, \u00f6rg\u00fctl\u00fc Avrupa proletaryas\u0131d\u0131r. Bu \u00f6rg\u00fctl\u00fcl\u00fck ne pahas\u0131na olursa olsun yok edilmelidir. Kapitalizmin II. D\u00fcnya Sava\u015f\u0131 sonras\u0131nda \u201cRefah\u201d devletlerinin ortaya \u00e7\u0131kmas\u0131na izin veren \u201cAlt\u0131n \u00c7a\u011f\u201d\u0131 (1945-1975 d\u00f6nemi) \u00e7oktan sona erdi. Kapitalizmin, b\u00fcy\u00fck sava\u015f\u0131n yol a\u00e7t\u0131\u011f\u0131 tahribat sayesinde asl\u0131nda ink\u0131talar\u0131n\u0131 oynama \u015fans\u0131n\u0131 yakalad\u0131\u011f\u0131 ve ideologlar\u0131nca \u201ckapitalizmin 30 muzaffer y\u0131l\u0131\u201d olarak vaftiz edilen bu d\u00f6nemini art\u0131k hayal etmek bile m\u00fcmk\u00fcn de\u011fil. Zaten emperyalizmin kendisi bunun \u00e7ok fark\u0131nda oldu\u011fundan, sava\u015f sonras\u0131nda SSCB\u2019nin varl\u0131\u011f\u0131\/tehlikesi nedeniyle Avrupa i\u015f\u00e7i s\u0131n\u0131flar\u0131na vermi\u015f oldu\u011fu \u00f6d\u00fcnleri birer birer geri alman\u0131n u\u011fra\u015f\u0131nda. AB\u2019nin anlam\u0131 zaten bundan ba\u015fka bir \u015fey de\u011fil. AB; aynen IMF, D\u00fcnya Bankas\u0131 gibi bir emperyalist\u00a0<strong>kurum<\/strong>\u00a0i\u015flevi g\u00f6r\u00fcyor. Hi\u00e7bir demokratik yan\u0131 yok, her t\u00fcr demokrasiyi kendi topraklar\u0131nda budamaktan yana. Hi\u00e7bir sava\u015f kar\u015f\u0131t\u0131 pozisyonu yok, tam tersine eski Yugoslavya\u2019da ve Ukrayna\u2019da par\u00e7alanmay\u0131 sa\u011flayacak en gerici sava\u015f yanl\u0131s\u0131 g\u00fc\u00e7lerden yana. Afrika\u2019ya (Libya, Mali, Orta Afrika, Fildi\u015fi Sahilleri, Somali, Sudan, vs.) askeri m\u00fcdahaleler ger\u00e7ekle\u015ftiriyor, Orta Do\u011fu\u2019ya m\u00fcdahale etmek i\u00e7in can at\u0131yor (ABD\u2019nin askeri m\u00fcdahalede maliyetli buldu\u011fu yerlere Frans\u0131z, B\u00fcy\u00fck Britanya ve nihayet Alman emperyalizmi bombard\u0131man u\u00e7aklar\u0131 ve sava\u015f gemileri g\u00f6nderiyorlar). Ve b\u00fct\u00fcn bunlardan daha da tehlikelisi girdi\u011fi \u00fclkelerde proletaryan\u0131n s\u0131n\u0131f m\u00fccadelesi zeminlerini ortadan kald\u0131rmaya \u00e7al\u0131\u015f\u0131yor. Mezhebi ve etnik \u00e7at\u0131\u015fmay\u0131 k\u00f6r\u00fckl\u00fcyor. Bu \u00e7at\u0131\u015fmalar\u0131 k\u00f6r\u00fcklemek i\u00e7in I\u015e\u0130D, El Nusra, \u00d6SO ve benzeri y\u00fczlerce irili ufakl\u0131 \u00f6rg\u00fct ya da \u00f6rg\u00fct\u00e7\u00fckler kuruyor. Daha sonra onlarla \u201cdemokrasi\u201d maskesi alt\u0131nda \u201cter\u00f6rizme kar\u015f\u0131\u201d sava\u015fa giriyor. Bunlar Afganistan, Irak, Libya ve Suriye benzeri \u00fclkelerde yapt\u0131klar\u0131. Ama bir de kendi topraklar\u0131nda yapt\u0131klar\u0131 var ki evlere \u015fenlik! Tipik \u00f6rnek Fransa: Bu \u00fclkede son y\u0131llarda giderek geli\u015fen bir s\u0131n\u0131f m\u00fccadelesine tan\u0131k oluyoruz. G\u00fcn ge\u00e7miyor ki \u00e7e\u015fitli sekt\u00f6rlerde grevler patlak vermesin. Air France\u2019da \u015firketin Y\u00f6netim Kurulu \u00fcyelerini yaka pa\u00e7a toplant\u0131 salonundan atan i\u015fyeri temsilcilerinin yapt\u0131klar\u0131na benzer eylemlere art\u0131k daha s\u0131k rastlanmaya ba\u015fland\u0131. Fransa\u2019da kimse kimseyi Ulusal Cephe (FN) \u00f6c\u00fcs\u00fcyle korkutmaya \u00e7al\u0131\u015fmas\u0131n. FN, Fransa i\u015f\u00e7i s\u0131n\u0131f\u0131 i\u00e7in ciddi bir tehdit de\u011fil. Se\u00e7imlerin ilk turunda bile (yani FN\u2019nin ba\u015far\u0131 kazand\u0131\u011f\u0131) i\u015f\u00e7i mahallelerinde se\u00e7imlere kat\u0131l\u0131m y\u00fczdesi 20-25 dolaylar\u0131nda kald\u0131. FN sa\u011fc\u0131 pop\u00fclist bir parti, silahl\u0131 \u00f6rg\u00fctlenmesi yok, fa\u015fist bir parti olarak nitelenemez, hatta baz\u0131 durumlarda Sarkozy\u2019nin partisi gericilikte onu a\u015fabiliyor. Ba\u015fka bir ifadeyle Yunanistan\u2019daki Alt\u0131n \u015eafak ile k\u0131yaslanmas\u0131 m\u00fcmk\u00fcn de\u011fil. Zaten Fransa\u2019da sorun, FN\u2019den ziyade, y\u0131llar\u0131n sa\u011fc\u0131\/solcu iktidar partilerinin gene AB direktifleri do\u011frultusunda i\u015f\u00e7i s\u0131n\u0131f\u0131n\u0131n b\u00fct\u00fcn \u00f6rg\u00fctsel kazan\u0131mlar\u0131n\u0131 (1945\u2019ten bu yana gelen) yok etme m\u00fccadelesine d\u00f6nm\u00fc\u015f durumda. Fransa\u2019da son aylarda \u00fc\u00e7 \u00f6nemli geli\u015fme oldu. Bunlardan birincisi, Suriye\u2019nin bombalanmas\u0131 i\u00e7in Meclis\u2019ten ve Senato\u2019dan karar \u00e7\u0131kmas\u0131, yani emperyalist sava\u015f kredilerinin oylanmas\u0131. Kom\u00fcnist Parti dahil b\u00fct\u00fcn partilerin oylar\u0131yla ge\u00e7ti. \u0130kincisi, I\u015e\u0130D\u2019cilerin sald\u0131r\u0131lar\u0131 sonras\u0131nda \u00e7e\u015fitli b\u00f6lgelerde Ola\u011fan\u00fcst\u00fc Hal il\u00e2n edilmesi, bunun s\u00fcresinin uzat\u0131lmas\u0131 ve anayasaya bir madde eklenerek Ola\u011fan\u00fcst\u00fc Hal\u2019in kapsam\u0131n\u0131n geni\u015fletilmesi. Bu yasan\u0131n oylanmas\u0131na da Millet Meclisinde di\u011fer partilerin yan\u0131 s\u0131ra Kom\u00fcnist Parti\u2019nin b\u00fct\u00fcn \u00fcyeleri lehte oy verdiler, daha sonra partinin taban\u0131ndan gelen tepkiler \u00fczerine Senato\u2019da yap\u0131lan oylamada KP senat\u00f6rleri \u00e7ekimser oy kulland\u0131lar. \u015eu anda OHAL uygulamas\u0131na kar\u015f\u0131 \u00fclkede b\u00fct\u00fcn toplumsal muhalefet g\u00fc\u00e7lerinin ba\u015f\u0131n\u0131 \u00e7ekti\u011fi ciddi bir kampanya y\u00fcr\u00fcyor. \u00dc\u00e7\u00fcnc\u00fcs\u00fc ise mevcut \u0130\u015f Yasas\u0131\u2019n\u0131n gene AB\u2019nin direktifleri do\u011frultusunda de\u011fi\u015ftirilmesi. Bu \u00fc\u00e7 konuda da her biri ETUC \u00fcyesi olmas\u0131na ra\u011fmen hem CGT, hem CGT-FO, hem FSU, hem de Solidaires konfederasyonlar\u0131 a\u00e7\u0131ktan kar\u015f\u0131 kampanya y\u00fcr\u00fct\u00fcyorlar. Bir tek H\u0131ristiyan k\u00f6kenli CFDT konfederasyonu h\u00fck\u00fcmet yanl\u0131s\u0131 korporatist bir ayg\u0131t olarak destek \u00e7\u0131k\u0131yor, ama onun da \u00fcye say\u0131s\u0131 di\u011ferlerinin toplam\u0131na g\u00f6re \u00e7ok az. \u015eu anda Fransa\u2019da giderek \u015fiddetlenen bir s\u0131n\u0131f m\u00fccadelesine tan\u0131k oluyoruz: \u0130\u015f\u00e7i Konfederasyonlar\u0131 ge\u00e7mi\u015f y\u0131llardan farkl\u0131 olarak hem ETUC hem de AB politikalar\u0131na kar\u015f\u0131 tutum al\u0131yorlar. SP ile KP\u2019nin s\u0131n\u0131f \u00fczerinde etkisi neredeyse yok olmak \u00fczere. Fransa devrimci bir s\u0131n\u0131f \u00f6nderli\u011finin do\u011fum sanc\u0131lar\u0131n\u0131 \u00e7ekiyor.<\/p>\n<h2><strong>Orta Do\u011fu\u2019da bar\u0131\u015f\u0131n yolu Avrupa\u2019da devrimden ge\u00e7iyor!<\/strong><\/h2>\n<p>Kimse Suriye\u2019de (Birle\u015fik K\u00fcrdistan meselesi ayr\u0131 bir yaz\u0131n\u0131n konusu olacak) ve Irak\u2019ta bir devrim beklemedi\u011fine g\u00f6re, Orta Do\u011fu\u2019da bar\u0131\u015f\u0131n tesisinin yolu Avrupa\u2019n\u0131n emperyalist \u00fclkelerinin proletaryas\u0131n\u0131n olaya m\u00fcdahale etmesinden ge\u00e7iyor. Nas\u0131l ki Vietnam sava\u015f\u0131n\u0131 sonland\u0131ran ABD i\u015f\u00e7i sendikalar\u0131n\u0131n olaya m\u00fcdahalesi olduysa, Orta Do\u011fu bar\u0131\u015f\u0131n\u0131n tesisi konusunda da Avrupa\u2019n\u0131n en az bir emperyalist \u00fclkesinde \u00fcretim ara\u00e7lar\u0131 \u00fczerindeki \u00f6zel m\u00fclkiyet rejiminin sona ermesi, bir ba\u015fka ifadeyle muzaffer bir proleter devrimi gerekir. \u00c7izdi\u011fimiz hat \u00fczerindeki s\u0131n\u0131f m\u00fccadelesinin gelece\u011fi a\u00e7\u0131s\u0131ndan da en makul olan \u00e7\u00f6z\u00fcm budur. Tek bir emperyalist Avrupa \u00fclkesi proleter devrimi bile Orta Do\u011fu halklar\u0131n\u0131n mak\u00fbs talihini bir anda de\u011fi\u015ftirebilir. Bakal\u0131m o zaman emperyalist odaklar Orta Do\u011fu\u2019nun ge\u00e7mi\u015fte oldu\u011fu gibi alt\u0131n\u0131 \u00fcst\u00fcne getirmeye bu kadar kolay devam edebilir mi? Bu proleter devrimi ger\u00e7ekle\u015fmez ve Avrupa proletaryas\u0131 da yenilgiye u\u011frarsa d\u00fcnyada barbarl\u0131\u011f\u0131n yolu sonuna kadar a\u00e7\u0131lm\u0131\u015f olacakt\u0131r. Dolay\u0131s\u0131yla insan uygarl\u0131\u011f\u0131n\u0131n gelece\u011fi T\u00fcrkiye\u2019nin de \u00fczerinde yer ald\u0131\u011f\u0131 d\u00fcnya devrimi fay hatt\u0131n\u0131n \u00fczerinde \u015fekillenecek. Bu s\u00f6ylediklerimde hi\u00e7bir abart\u0131 yok. Makul olan\u0131, olmas\u0131 gerekeni s\u00f6yl\u00fcyorum. Emperyalist \u00fclkelerde proleter devrimi, makul oland\u0131r, olmas\u0131 gerekendir. Ne bir eksik ne bir fazla. Kald\u0131 ki, zaten emperyalist \u00fclkelerde proleter devrimini moda tabirle \u201cimkans\u0131z\u0131 istemek\u201d olarak g\u00f6r\u00fcyorsak vay halimize!<\/p>\n<h2><strong>T\u00fcrkiye\u2019de neden vakit azald\u0131?<\/strong><\/h2>\n<p>Yukar\u0131da bir Bat\u0131 Avrupa emperyalist \u00fclkesinde proleter devriminin sava\u015f borusu \u00e7ald\u0131\u011f\u0131nda Yunanistan i\u015f\u00e7i s\u0131n\u0131f\u0131n\u0131n ve halk\u0131n\u0131n kendi \u00f6nderliklerinin tutum al\u0131\u015f\u0131na bakmaks\u0131z\u0131n bu \u00e7a\u011fr\u0131ya olumlu cevap verece\u011fini s\u00f6ylemi\u015ftim. T\u00fcrkiye s\u0131n\u0131flar m\u00fccadelesinin bug\u00fcn i\u00e7inde bulundu\u011fu durum g\u00f6z \u00f6n\u00fcne al\u0131nd\u0131\u011f\u0131nda,\u00a0 2013 Haziran\u2019\u0131nda vermedi\u011fi gibi, T\u00fcrkiye i\u015f\u00e7i s\u0131n\u0131f\u0131n\u0131n bug\u00fcn de b\u00f6yle bir \u00e7a\u011fr\u0131ya olumlu cevap vermesini beklemek safl\u0131k olur. \u00c7\u00fcnk\u00fc T\u00fcrkiye\u2019de ba\u011f\u0131ms\u0131z i\u015f\u00e7i s\u0131n\u0131f\u0131 \u00f6rg\u00fctleri iyice azald\u0131\u011f\u0131 ya da etkisizle\u015fti\u011fi (hem sendikal hem de politik d\u00fczlemde) i\u00e7in alaturka fa\u015fizm s\u00fcrecinde mezhebi ve etnik \u00e7at\u0131\u015fmalar d\u00f6nemi g\u00fc\u00e7 kazanacakt\u0131r. \u00d6n\u00fcm\u00fczdeki d\u00f6nem, T\u00fcrkiye\u2019nin bir B\u00fcy\u00fck Suriye\u2019ye d\u00f6nme riskinin giderek artt\u0131\u011f\u0131 bir d\u00f6nemdir. Alaturka fa\u015fizm T\u00fcrkiye\u2019de kurumla\u015f\u0131rsa Avrupa\u2019n\u0131n tek bir proleter devrimine bile T\u00fcrkiye\u2019den destek gitmeyecek demektir. Ayn\u0131 fay hatt\u0131 \u00fczerindeki 80 milyonluk bir \u00fclkenin deste\u011fini alamamak Avrupa proleter devriminin kaderi \u00fczerinde de etki yapacakt\u0131r, hele ki bu \u00fclke alaturka fa\u015fizmiyle bir de ka\u00e7\u0131n\u0131lmaz olarak kar\u015f\u0131-devrimin saf\u0131nda yer alaca\u011f\u0131na g\u00f6re. Dolay\u0131s\u0131yla T\u00fcrkiye\u2019de alaturka fa\u015fizme kar\u015f\u0131 m\u00fccadele, d\u00fcnya devrimi a\u00e7\u0131s\u0131ndan da tayin edici bir \u00f6neme sahiptir ve insan uygarl\u0131\u011f\u0131n\u0131n kurtar\u0131lmas\u0131 yolunda bir m\u00fccadeledir. \u0130\u015fte, Suriye\u2019deki gibi ac\u0131nas\u0131 bir duruma d\u00fc\u015fmemek i\u00e7in T\u00fcrkiye\u2019de m\u00fccadeleyi h\u0131zland\u0131rmak bir zorunluluktur. Bunun i\u00e7in de birle\u015fik bir m\u00fccadele hatt\u0131na ihtiya\u00e7 vard\u0131r. Ancak vaktimiz az!<\/p>\n<h2><strong>O halde acilen ne yap\u0131lmal\u0131?<\/strong><\/h2>\n<p>\u0130lkin \u015funu a\u00e7\u0131kl\u0131kla s\u00f6ylemekte fayda var: T\u00fcrkiye\u2019deki s\u0131n\u0131f m\u00fccadelesinin gelece\u011fiyle ilgili olarak, bu topraklarda faaliyet g\u00f6steren herhangi bir sosyalist grup, \u00e7evre, k\u00fcme ya da partinin bir birle\u015fik cephe politikas\u0131 \u2013\u00fcstelik bu ko\u015fullar alt\u0131nda- yoksa, o sosyalist grup, \u00e7evre, k\u00fcme ya da partinin T\u00fcrkiye\u2019deki s\u0131n\u0131f m\u00fccadelesinin gelece\u011fiyle ilgili herhangi bir politik ufku yok demektir. Dolay\u0131s\u0131yla bu ufka sahip olmayanlar\u0131n d\u0131\u015f\u0131nda kal\u0131p da s\u0131n\u0131f m\u00fccadelesinin kaderine tesir etmek isteyenler birle\u015fik bir m\u00fccadele hatt\u0131 tutturmak i\u00e7in bir an evvel kollar\u0131 s\u0131vamal\u0131lar.<\/p>\n<ul>\n<li>S\u00f6z\u00fcn\u00fc etti\u011fim birle\u015fik m\u00fccadele sadece sosyalist gruplarla s\u0131n\u0131rl\u0131 bir cephe anlay\u0131\u015f\u0131na sahip olamaz. Bu m\u00fccadelenin i\u00e7ine korporatizme teslim olmam\u0131\u015f sendikalar ve di\u011fer demokratik kitle \u00f6rg\u00fctleri \u00e7ekilmeli, hatta sorumlu mevkilere getirilmelidir.<\/li>\n<li>Korporatizme teslim olmam\u0131\u015f i\u015f\u00e7i sendikalar\u0131yla birlikte, teslim olanlar\u0131n \u00fcyeleri \u00fczerinde sistemli bir \u00e7al\u0131\u015fman\u0131n y\u00fcr\u00fct\u00fclmesi gereklidir. Bunun i\u00e7in pilot havzalar se\u00e7ilmelidir. Bu havzalara yerle\u015fip, oralarda totaliter despotizmin etkisi alt\u0131nda kalm\u0131\u015f i\u015f\u00e7ilere d\u00f6n\u00fck programatik bir \u00e7al\u0131\u015fma y\u00fcr\u00fct\u00fclmelidir.<\/li>\n<li>Bu \u00e7al\u0131\u015fmalarda s\u0131n\u0131f\u0131n genel \u00e7\u0131karlar\u0131 \u00f6n planda tutulmal\u0131, dar grup \u00e7\u0131karlar\u0131 ikinci planda kalmal\u0131d\u0131r. Hen\u00fcz hi\u00e7bir parti, grup, \u00e7evre ya da k\u00fcmenin i\u015f\u00e7i s\u0131n\u0131f\u0131n\u0131n proleter devrimi yolundaki genelkurmay\u0131n\u0131 <strong>olu\u015fturamad\u0131\u011f\u0131<\/strong>ger\u00e7e\u011fi dikkate al\u0131nd\u0131\u011f\u0131nda bu anlay\u0131\u015f daha iyi anla\u015f\u0131lacakt\u0131r.<\/li>\n<li>Bu birle\u015fik cephenin m\u00fccadelesi tabii ki sadece i\u015f\u00e7i s\u0131n\u0131f\u0131n\u0131n m\u00fccadelesiyle s\u0131n\u0131rl\u0131 kalmayacak, ana ekseni o olmakla birlikte hem Saray\u2019\u0131n \u00e7etelerine kar\u015f\u0131 mevzilenecek hem de onun ma\u011fdurlar\u0131yla (\u00f6zellikle K\u00fcrt halk\u0131) g\u00fc\u00e7l\u00fc bir dayan\u0131\u015fma i\u00e7inde olacakt\u0131r.<\/li>\n<li>S\u0131n\u0131f m\u00fccadelesi sadece i\u015f\u00e7i s\u0131n\u0131f\u0131n\u0131n kendi g\u00fcnl\u00fck \u00e7\u0131karlar\u0131 i\u00e7in y\u00fcr\u00fctt\u00fc\u011f\u00fc m\u00fccadelelerle s\u0131n\u0131rlanamaz. Alaturka fa\u015fizmin totaliter despotizminin kendine hukuki bir stat\u00fc kazand\u0131racak Ba\u015fkanl\u0131k Sistemine ge\u00e7i\u015fi m\u00fcmk\u00fcn olan her yolla engellenmelidir. \u201cSaray zaten Ba\u015fkanl\u0131k Sistemine ge\u00e7ti, dolay\u0131s\u0131yla buna kar\u015f\u0131 \u015fu anda m\u00fccadele etmenin bir gere\u011fi yoktur, \u00f6n\u00fcm\u00fcze bakal\u0131m\u201d anlay\u0131\u015f\u0131 sol sekter bir yakla\u015f\u0131md\u0131r ve bununla m\u00fccadele edilmelidir.<\/li>\n<li>Birle\u015fik m\u00fccadelenin orta vadeli hedefi; bu birle\u015fik s\u0131n\u0131f cephesinin i\u00e7inde yer alacak k\u0131smen de olsa kitleselle\u015fmi\u015f, sermayeden ve devletten ba\u011f\u0131ms\u0131z bir i\u015f\u00e7i partisinin in\u015fas\u0131 olmal\u0131d\u0131r.<\/li>\n<\/ul>\n<p><u><\/u>\u00d6nerilerimizin hi\u00e7biri birer \u00f6nko\u015ful olmay\u0131p, hepsi kolektif i\u00e7inde sonuna kadar tart\u0131\u015fmaya a\u00e7\u0131k g\u00f6r\u00fc\u015flerdir. Bu \u00e7a\u011fr\u0131, en k\u0131sa zamanda harekete ge\u00e7ilmesi i\u00e7in T\u00fcrkiye s\u0131n\u0131f m\u00fccadelesinde \u00a0yer alan b\u00fct\u00fcn gruplara yap\u0131lm\u0131\u015f bir \u00e7a\u011fr\u0131d\u0131r. Bu ko\u015fullarda alt\u0131nda, birle\u015fik m\u00fccadelenin bir gereklilik ve zorunluluk oldu\u011funu g\u00f6ren herkesin \u00e7a\u011fr\u0131ya itibar edece\u011finden ku\u015fkumuz yok. Dedi\u011fimiz gibi vakit h\u0131zla daral\u0131yor, yar\u0131\u015f zamana kar\u015f\u0131.<\/p>\n","protected":false},"excerpt":{"rendered":"<p>&#8211;\u015eadi Ozans\u00fc Herkes\u00e7e bilinir ama pek telaffuz edilmez: T\u00fcrkiye\u2019de 12 Eyl\u00fcl 1980\u2019de ger\u00e7ekle\u015fen askeri darbe sadece T\u00fcrkiye i\u00e7i geli\u015fmelerin de\u011fil, ayn\u0131 zamanda uluslararas\u0131 konjonkt\u00fcr\u00fcn de bir sonucuydu. Hatta kim bilir, belki de zamanlanmas\u0131nda uluslararas\u0131 konjonkt\u00fcr\u00fcn etkisi yerele g\u00f6re daha \u00e7ok \u00f6ne \u00e7\u0131km\u0131\u015f bile olabilir. T\u00fcrkiye\u2019de i\u015f\u00e7i hareketi 1979 y\u0131l\u0131ndan itibaren daha \u00f6nceki y\u0131llar\u0131n tersine bir [&hellip;]<\/p>\n","protected":false},"author":1,"featured_media":0,"comment_status":"closed","ping_status":"closed","sticky":false,"template":"","format":"standard","meta":{"footnotes":""},"categories":[268],"tags":[269,271,258,53,154,270],"class_list":["post-1510","post","type-post","status-publish","format-standard","hentry","category-17-sayi-28-aralik-2015","tag-alaturka-fasizm","tag-birlesik-cephe","tag-fasizm","tag-onsayfa","tag-sadi-ozansu","tag-sinif-mucadelesi"],"_links":{"self":[{"href":"https:\/\/pgbsosyalizm.org\/index.php?rest_route=\/wp\/v2\/posts\/1510","targetHints":{"allow":["GET"]}}],"collection":[{"href":"https:\/\/pgbsosyalizm.org\/index.php?rest_route=\/wp\/v2\/posts"}],"about":[{"href":"https:\/\/pgbsosyalizm.org\/index.php?rest_route=\/wp\/v2\/types\/post"}],"author":[{"embeddable":true,"href":"https:\/\/pgbsosyalizm.org\/index.php?rest_route=\/wp\/v2\/users\/1"}],"replies":[{"embeddable":true,"href":"https:\/\/pgbsosyalizm.org\/index.php?rest_route=%2Fwp%2Fv2%2Fcomments&post=1510"}],"version-history":[{"count":17,"href":"https:\/\/pgbsosyalizm.org\/index.php?rest_route=\/wp\/v2\/posts\/1510\/revisions"}],"predecessor-version":[{"id":1529,"href":"https:\/\/pgbsosyalizm.org\/index.php?rest_route=\/wp\/v2\/posts\/1510\/revisions\/1529"}],"wp:attachment":[{"href":"https:\/\/pgbsosyalizm.org\/index.php?rest_route=%2Fwp%2Fv2%2Fmedia&parent=1510"}],"wp:term":[{"taxonomy":"category","embeddable":true,"href":"https:\/\/pgbsosyalizm.org\/index.php?rest_route=%2Fwp%2Fv2%2Fcategories&post=1510"},{"taxonomy":"post_tag","embeddable":true,"href":"https:\/\/pgbsosyalizm.org\/index.php?rest_route=%2Fwp%2Fv2%2Ftags&post=1510"}],"curies":[{"name":"wp","href":"https:\/\/api.w.org\/{rel}","templated":true}]}}