{"id":1576,"date":"2016-03-03T22:53:05","date_gmt":"2016-03-03T20:53:05","guid":{"rendered":"http:\/\/pgbsosyalizm.org\/?p=1576"},"modified":"2016-03-08T15:09:56","modified_gmt":"2016-03-08T13:09:56","slug":"avrupa-cagrisi","status":"publish","type":"post","link":"https:\/\/pgbsosyalizm.org\/?p=1576","title":{"rendered":"Avrupa \u00c7a\u011fr\u0131s\u0131"},"content":{"rendered":"<p>Bizler; Avrupa Birli\u011finin \u00fcyesi olsun olmas\u0131n, Avrupa k\u0131tas\u0131n\u0131n b\u00fct\u00fcn \u00fclkelerinden, i\u015f\u00e7i hareketinin t\u00fcm e\u011filimlerinden emek\u00e7iler, gen\u00e7ler, sendikac\u0131lar ve siyaset\u00e7ileriz.<\/p>\n<p>B\u00fcy\u00fck Britanya\u2019da, 23 Haziran tarihinde, g\u00fcndemine temel soru olarak Avrupa Birli\u011finde \u201ckalmay\u0131\u201d ya da ondan \u201cayr\u0131lmay\u0131\u201d alan bir referandum karar\u0131 al\u0131nm\u0131\u015f bulunuyor.<\/p>\n<p>\u0130\u015f\u00e7i Partisi y\u00f6netiminin ve Avrupa Sendikalar Konfederasyonunun (ETUC) zirvelerinin aksi y\u00f6nde talimatlar\u0131na ra\u011fmen 23 Haziran\u2019da AB\u2019den \u201cayr\u0131lmak\u201d y\u00f6n\u00fcnde oy kullan\u0131lmas\u0131 \u00e7a\u011fr\u0131s\u0131 yapan Britanyal\u0131 sendikac\u0131lar\u0131, \u0130\u015f\u00e7i Partisi seksiyonlar\u0131n\u0131 ve i\u015f\u00e7i militanlar\u0131 selaml\u0131yor ve destekliyoruz.<\/p>\n<p>Yunanistan\u2019dan Portekiz\u2019e, Polonya\u2019dan Almanya\u2019ya AB ve TROYKA taraf\u0131ndan dayat\u0131lan planlar\u0131n ve y\u00f6nergelerin \u2013 ki hepsi \u201cserbest ve d\u00fczg\u00fcn rekabet ko\u015fullar\u0131n\u0131n&#8221; sa\u011flanmas\u0131 \u00fczerine temellenmi\u015f Avrupa s\u00f6zle\u015fmeleriydi- ne anlama geldi\u011fini ve politik rengi ne olursa olsun b\u00fct\u00fcn h\u00fck\u00fcmetler taraf\u0131ndan nas\u0131l hayata ge\u00e7irildi\u011fine y\u0131llard\u0131r kendi g\u00f6zlerimizle tan\u0131k olduk.<\/p>\n<p>Halklar\u0131m\u0131z ve Avrupa\u2019n\u0131n b\u00fct\u00fcn emek\u00e7ileri, \u00fclkeleri ister AB \u00fcyesi olsun isterse s\u00f6zde \u201cyard\u0131mc\u0131 ortakl\u0131k\u201d stat\u00fcs\u00fcyle bu birli\u011fin boyunduru\u011fu alt\u0131nda olsunlar, istisnas\u0131z hepsi \u015fu politikalar\u0131n ma\u011fduru oldular: kurals\u0131zla\u015ft\u0131rma, \u00e7al\u0131\u015fma yasalar\u0131n\u0131n ve i\u015f\u00e7i haklar\u0131n\u0131n dinamitlenmesi (emeklilik haklar\u0131, sosyal g\u00fcvenlik ve toplu s\u00f6zle\u015fmeler sistemi), \u00f6zelle\u015ftirmeler ve kamu hizmetlerinin imhas\u0131, bor\u00e7 \u00f6demeleri ad\u0131 alt\u0131nda b\u00fct\u00e7e kesintileri, halk egemenli\u011fi ve ulusal egemenli\u011fin b\u00fct\u00fcn bi\u00e7imlerinin sorgulanmas\u0131\u2026<\/p>\n<p>\u00c7e\u015fitli s\u00f6zle\u015fmelerle NATO\u2019nun i\u00e7ine dahil edilmi\u015f bulunan AB\u2019nin, yabanc\u0131 askeri m\u00fcdahaleleri destekledi\u011finin ve milyonlarca insan\u0131 g\u00f6\u00e7 yollar\u0131na s\u00fcr\u00fckledi\u011finin fark\u0131nday\u0131z.<\/p>\n<p>18-19 \u015eubat tarihlerinde ger\u00e7ekle\u015ftirilen Avrupa Zirvesinde, Britanya Ba\u015fbakan\u0131yla Avrupa Komisyonu aras\u0131nda var\u0131lan anla\u015fma sonucunda ortaya \u00e7\u0131kan durumun emek\u00e7ilerin kendi aralar\u0131ndaki rekabeti daha da \u015fiddetlendirece\u011fini g\u00f6zlemliyoruz. Nitekim bu anla\u015fma gere\u011fince, B\u00fcy\u00fck Britanya\u2019ya g\u00f6\u00e7 etmi\u015f bulunan herhangi bir AB \u00fclkesi vatanda\u015f\u0131 her emek\u00e7i d\u00f6rt y\u0131l boyunca, Britanya i\u015f\u00e7i s\u0131n\u0131f\u0131n\u0131n daha \u00f6nceki m\u00fccadeleleri sonucu kapitalizmden s\u00f6k\u00fcp ald\u0131\u011f\u0131 hi\u00e7bir hakk\u0131 kullanamayacakt\u0131r. Do\u011fal olarak bunun yol a\u00e7aca\u011f\u0131 sonu\u00e7; emek\u00e7iler aras\u0131 rekabeti k\u00f6r\u00fcklemek, \u201ci\u015fg\u00fcc\u00fc maliyetini\u201d d\u00fc\u015f\u00fcrmek i\u00e7in yeni bir sald\u0131r\u0131ya haz\u0131rlanmak, gerici bir yabanc\u0131 d\u00fc\u015fmanl\u0131\u011f\u0131 ikliminin olu\u015fmas\u0131n\u0131 te\u015fvik etmektir.<\/p>\n<p>Kapitalistlerin ve bankerlerin \u00e7\u0131karlar\u0131 do\u011frultusunda elindeki b\u00fct\u00fcn imk\u00e2nlar\u0131 emek\u00e7ileri birbirlerine k\u0131rd\u0131rtmak i\u00e7in seferber eden bu \u201cAvrupa Birli\u011fine\u201d \u00a0kar\u015f\u0131, emek\u00e7ilerin, kendi haklar\u0131n\u0131, halklar\u0131n\u0131n egemenli\u011fini ve demokrasiyi savunmalar\u0131 ve yeniden fethetmeleri i\u00e7in Avrupa\u2019n\u0131n b\u00fct\u00fcn halklar\u0131n\u0131n ve emek\u00e7ilerinin birli\u011fini savunuyoruz.<\/p>\n<p>Norve\u00e7 Sendikalar Konfederasyonu&#8217;nun (LO) Trondheim kentindeki yerel \u00f6rg\u00fctlenmesi Trondheim Sendikalar Konseyi&#8217;nin y\u0131ll\u0131k konferans\u0131nda bir araya gelen 578 delegeyle birlikte \u201cAB\u2019yi terk etmek\u201d ve \u201cAvrupa ve d\u00fcnyan\u0131n b\u00fct\u00fcn emek\u00e7ileriyle birlikte m\u00fccadele etmek\u201d y\u00f6n\u00fcnde oy kullanmaya karar veren Britanyal\u0131 emek\u00e7ileri destekliyoruz.<\/p>\n<p>23 Haziran\u2019da Britanyal\u0131 emek\u00e7ilerin zaferi, b\u00fct\u00fcn \u00fclkelerde kendi s\u0131n\u0131f m\u00fccadeleleriyle AB\u2019nin y\u0131k\u0131m planlar\u0131na ve bu planlar\u0131 uygulayan kendi h\u00fck\u00fcmetlerinin politikalar\u0131na direnen b\u00fct\u00fcn emek\u00e7iler i\u00e7in g\u00fc\u00e7l\u00fc bir dayanak olacakt\u0131r.<\/p>\n<p>&nbsp;<\/p>\n<h3>\u00a0\u00a0\u00a0\u00a0\u00a0\u00a0\u00a0\u00a0\u00a0\u00a0\u00a0\u00a0\u00a0\u00a0\u00a0\u00a0\u00a0\u00a0\u00a0\u00a0\u00a0\u00a0\u00a0\u00a0\u00a0\u00a0\u00a0\u00a0\u00a0\u00a0\u00a0\u00a0\u00a0\u00a0\u00a0\u00a0\u00a0\u00a0\u00a0\u00a0\u00a0 \u00a0\u00a0\u00a0\u00a0\u00a0\u00a0\u00a0\u00a0\u00a0\u00a0\u00a0\u00a0\u00a0\u00a0\u00a0\u00a0\u00a0\u00a0\u00a0<strong>\u0130lk \u0130mzac\u0131lar<\/strong><\/h3>\n<p><strong>\u00a0<\/strong><\/p>\n<p><strong>Peter KREUTLER (<\/strong>AfA D\u00fcsseldorf B\u015fk. Yrd., Ver.di)<\/p>\n<p><strong>Cornelia MATZKE <\/strong>( 1989\u2019dan sonra olu\u015fan ilk Saksonya B\u00f6lgesel Parlamentosunun milletvekili, Ver.di)<\/p>\n<p><strong>Norbert M\u00fcller <\/strong>( Ver. Di, AfA, Frankfurt\/Main)<\/p>\n<p><strong>Peter SAALM\u00dcLLER <\/strong>( Ver. Di, SPD)<\/p>\n<p><strong>Anna Helena SCHUSTER <\/strong>(Ver. Di)<\/p>\n<p><strong>Birgit SHUTZ <\/strong>( NGG restorasyon sendikas\u0131, i\u015fyeri konseyi \u00fcyesi, AfA D\u00fcsseldorf<\/p>\n<p><strong style=\"line-height: 1.5;\">H.W. SCHUSTER <\/strong><span style=\"line-height: 1.5;\">(Ver. Di, AfA D\u00fcseldorf B\u015fk.)<\/span><\/p>\n<p>&nbsp;<\/p>\n<p>&nbsp;<\/p>\n<h3><strong>Bu \u00e7a\u011fr\u0131y\u0131 destekliyorum<\/strong><\/h3>\n<p><strong>\u00a0<\/strong><\/p>\n<p><strong>\u0130sim, Soyisim<\/strong>\u2026\u2026\u2026\u2026\u2026\u2026\u2026\u2026\u2026\u2026\u2026\u2026\u2026\u2026\u2026\u2026\u2026\u2026\u2026\u2026\u2026\u2026\u2026\u2026\u2026\u2026\u2026.<\/p>\n<p><strong>Kurumu<\/strong>\u2026\u2026\u2026\u2026\u2026\u2026\u2026\u2026\u2026\u2026\u2026\u2026\u2026\u2026\u2026\u2026\u2026\u2026\u2026\u2026\u2026\u2026\u2026\u2026\u2026\u2026\u2026\u2026\u2026\u2026.<\/p>\n<p><strong>\u00dclke<\/strong>\u2026\u2026\u2026\u2026\u2026\u2026\u2026\u2026\u2026&#8230;&#8230;&#8230;&#8230;&#8230;&#8230;&#8230;&#8230;&#8230;&#8230;&#8230;&#8230;&#8230;&#8230;&#8230;&#8230;&#8230;&#8230;&#8230;&#8230;&#8230;\u2026\u2026\u2026<\/p>\n<p><strong>E-Mail, tel<\/strong>\u2026\u2026\u2026\u2026\u2026\u2026\u2026\u2026\u2026\u2026\u2026\u2026\u2026\u2026\u2026&#8230;&#8230;&#8230;&#8230;&#8230;&#8230;&#8230;&#8230;&#8230;&#8230;&#8230;&#8230;&#8230;&#8230;.<\/p>\n<p><strong>\u00a0<\/strong><\/p>\n<p>L\u00fctfen e-mailinizi \u015fu adrese g\u00f6nderin:<strong> <a href=\"&#x6d;&#97;i&#x6c;&#116;&#111;&#x3a;&#x68;&#46;w&#x5f;&#115;c&#x68;&#x75;&#115;t&#x65;&#114;&#64;&#x79;&#x61;&#104;o&#x6f;&#46;c&#x6f;&#x6d;\">&#x68;&#46;w&#x5f;&#115;c&#x68;&#117;s&#x74;&#101;r&#x40;&#121;a&#x68;&#x6f;o&#x2e;&#x63;&#111;&#x6d;<\/a><\/strong><\/p>\n<p>&nbsp;<\/p>\n","protected":false},"excerpt":{"rendered":"<p>Bizler; Avrupa Birli\u011finin \u00fcyesi olsun olmas\u0131n, Avrupa k\u0131tas\u0131n\u0131n b\u00fct\u00fcn \u00fclkelerinden, i\u015f\u00e7i hareketinin t\u00fcm e\u011filimlerinden emek\u00e7iler, gen\u00e7ler, sendikac\u0131lar ve siyaset\u00e7ileriz. B\u00fcy\u00fck Britanya\u2019da, 23 Haziran tarihinde, g\u00fcndemine temel soru olarak Avrupa Birli\u011finde \u201ckalmay\u0131\u201d ya da ondan \u201cayr\u0131lmay\u0131\u201d alan bir referandum karar\u0131 al\u0131nm\u0131\u015f bulunuyor. \u0130\u015f\u00e7i Partisi y\u00f6netiminin ve Avrupa Sendikalar Konfederasyonunun (ETUC) zirvelerinin aksi y\u00f6nde talimatlar\u0131na ra\u011fmen 23 [&hellip;]<\/p>\n","protected":false},"author":1,"featured_media":0,"comment_status":"closed","ping_status":"closed","sticky":false,"template":"","format":"standard","meta":{"footnotes":""},"categories":[49,50],"tags":[278,277,53],"class_list":["post-1576","post","type-post","status-publish","format-standard","hentry","category-c43-duyurular","category-c44-bildiriler","tag-ab","tag-avrupa-birligi","tag-onsayfa"],"_links":{"self":[{"href":"https:\/\/pgbsosyalizm.org\/index.php?rest_route=\/wp\/v2\/posts\/1576","targetHints":{"allow":["GET"]}}],"collection":[{"href":"https:\/\/pgbsosyalizm.org\/index.php?rest_route=\/wp\/v2\/posts"}],"about":[{"href":"https:\/\/pgbsosyalizm.org\/index.php?rest_route=\/wp\/v2\/types\/post"}],"author":[{"embeddable":true,"href":"https:\/\/pgbsosyalizm.org\/index.php?rest_route=\/wp\/v2\/users\/1"}],"replies":[{"embeddable":true,"href":"https:\/\/pgbsosyalizm.org\/index.php?rest_route=%2Fwp%2Fv2%2Fcomments&post=1576"}],"version-history":[{"count":5,"href":"https:\/\/pgbsosyalizm.org\/index.php?rest_route=\/wp\/v2\/posts\/1576\/revisions"}],"predecessor-version":[{"id":1598,"href":"https:\/\/pgbsosyalizm.org\/index.php?rest_route=\/wp\/v2\/posts\/1576\/revisions\/1598"}],"wp:attachment":[{"href":"https:\/\/pgbsosyalizm.org\/index.php?rest_route=%2Fwp%2Fv2%2Fmedia&parent=1576"}],"wp:term":[{"taxonomy":"category","embeddable":true,"href":"https:\/\/pgbsosyalizm.org\/index.php?rest_route=%2Fwp%2Fv2%2Fcategories&post=1576"},{"taxonomy":"post_tag","embeddable":true,"href":"https:\/\/pgbsosyalizm.org\/index.php?rest_route=%2Fwp%2Fv2%2Ftags&post=1576"}],"curies":[{"name":"wp","href":"https:\/\/api.w.org\/{rel}","templated":true}]}}