{"id":1622,"date":"2016-03-12T00:35:25","date_gmt":"2016-03-11T22:35:25","guid":{"rendered":"http:\/\/pgbsosyalizm.org\/?p=1622"},"modified":"2025-05-30T20:08:29","modified_gmt":"2025-05-30T18:08:29","slug":"abye-hayir-diyen-iscilere-21-ulkeden-destek","status":"publish","type":"post","link":"https:\/\/pgbsosyalizm.org\/?p=1622","title":{"rendered":"AB&#8217;ye &#8220;HAYIR&#8221; diyen i\u015f\u00e7ilere 21 \u00fclkeden destek"},"content":{"rendered":"<p>Britanya i\u015f\u00e7i s\u0131n\u0131f\u0131n\u0131n Haziran&#8217;da yap\u0131lacak Avrupa Birli\u011fi\u2019nde kal\u0131p kalmama referandumunda AB kar\u015f\u0131t\u0131 tutum sergileyen sekt\u00f6rlerini destekleyen\u00a0Alman sendikac\u0131lar ve i\u015f\u00e7i hareketi temsilcileri, Britanyal\u0131 i\u015f\u00e7ilerin AB kar\u015f\u0131t\u0131 kampanyalar\u0131n\u0131 b\u00fct\u00fcn Avrupa\u2019ya yayma \u00e7abas\u0131ndalar. Daha \u015fimdiden Avrupa \u00e7ap\u0131ndaki bu kampanyaya bir\u00e7ok Avrupa \u00fclkesinden,\u00a0i\u015f\u00e7ilerden sendika temsilcilerine, siyasi \u00f6rg\u00fct temsilcilerinden bar\u0131\u015f savunucusu militanlara, akademisyenlerden emeklilere, kad\u0131nlardan gen\u00e7lere&#8230; AB&#8217;ye \u00fcye olan\/olmayan 21 \u00fclkeden (Almanya, Avusturya, Belarus, Bel\u00e7ika, Bosna Hersek, Bulgaristan, \u00c7ek Cumhuriyeti, Fransa, \u0130rlanda, \u0130sve\u00e7, \u0130talya, Macaristan, Moldovya, Norve\u00e7, Portekiz, Rusya, S\u0131rbistan, Slovenya, T\u00fcrkiye, Ukrayna, Yunanistan) y\u00fczlerce ki\u015fi, AB&#8217;ye &#8220;hay\u0131r&#8221; diyen Britanyal\u0131 i\u015f\u00e7ileri desteklemek i\u00e7in ilk imzac\u0131 oldular.<\/p>\n<p>Enternasyonalist dayan\u0131\u015fma b\u00fcy\u00fcyerek devam ediyor, Britanya&#8217;da,\u00a023 Haziran&#8217;da ger\u00e7ekle\u015ftirilecek Avrupa Birli\u011fi&#8217;nde \u201ckalma\u201d ya da \u201cayr\u0131lma\u201d referandumuna kadar s\u00fcrecek. Destek imzalar\u0131n\u0131z\u0131 <a href=\"&#x6d;&#x61;&#x69;&#108;&#116;&#111;:i&#x6c;&#x65;&#x74;&#x69;&#115;&#105;m&#64;&#x70;&#x67;&#x62;&#x73;&#111;&#115;ya&#x6c;&#x69;&#x7a;&#x6d;&#46;&#111;&#114;g\">&#x69;&#108;&#101;t&#x69;&#x73;&#105;m&#x40;&#x70;&#103;b&#x73;&#x6f;&#115;y&#x61;&#x6c;&#105;z&#x6d;&#x2e;&#111;r&#x67;<\/a>\u00a0adresine g\u00f6nderebilirsiniz.<\/p>\n<p><strong>Avrupa \u00c7a\u011fr\u0131s\u0131<\/strong>&#8216;n\u0131 okumak i\u00e7in <a href=\"https:\/\/pgbsosyalizm.org\/?p=1579\">t\u0131klay\u0131n\u0131z<\/a>.<\/p>\n<h3><span style=\"text-decoration: underline;\"><strong>\u0130lk imzac\u0131 listesi<\/strong><\/span><\/h3>\n<p><span style=\"color: #ff0000;\"><strong>AUSTRIA<\/strong><\/span><strong><span style=\"color: #ff0000;\">\u00a0<\/span> <\/strong><strong>Matthias B. Lauer<\/strong> \u2013 National den Chair of ACUS (Christianity and Social democracy commission), Member of the SP\u00d6 National Council , member of\u00a0 GPA-djp trade union ;\u00a0 <strong><span style=\"color: #ff0000;\">BELARUS \u00a0<\/span>Yuri Glushakov<\/strong> &#8211; Belarussian social movement \u201cRazam\u201d <strong><span style=\"color: #ff0000;\">BELGIUM \u00a0<\/span>Olivier Horman<\/strong> \u2013 trade unionist, federal public services; <strong>Roberto Giarrocco<\/strong> \u2013 trade unionist, local public services;\u00a0 <strong>Jean Haselbauwer<\/strong> \u2013 Chair Pensioners Commission FGTB-Verviers,\u00a0 <strong>Serge Monsieur<\/strong> \u2013 trade unionist, local public services; <strong>Jacques Aghion <\/strong>\u2013 Professor Emeritus, University of Li\u00e8ge; <strong>Svetlana Roudyk<\/strong> \u2013 citizen; \u00a0<strong>Jean-Marc De Coninck<\/strong> \u2013 trade unionist \u00a0\u2013 education ; <strong>Ga\u00ebtan Coucke,<\/strong> teacher; <strong>Laurence Vansnick<\/strong> \u2013 teacher; <strong>Djazia Chaib<\/strong> \u2013 teacher; <strong>Laura Moraga<\/strong> \u2013 teacher; <strong>Antonio Bernardi <\/strong>\u2013 pensioner, Mittal Li\u00e8ge; <strong>Pierre Marlhioux <\/strong>\u2013 former member of Setca\/Bbtk Executive Bruxelles-Hal-Vilvoorde; <strong>Claire Thomas<\/strong> trade unionist, education ; <strong><span style=\"color: #ff0000;\">BOSNIA-HERZEGOVINA \u00a0<\/span>Emina Busulad\u017ei\u0107 <\/strong>\u2013 trade unionist \u201cSolidarnost\u201d <strong><span style=\"color: #ff0000;\">BULGARIA<\/span> Todor Jekov,<\/strong> member of the National committee of Bulgarian Workers and Peasants Party (BRSP) <strong>Wenceslaw Kyrpachev<\/strong> \u2013 member of the National Council of Bulgarian Union of Workers (BRS) <strong><span style=\"color: #ff0000;\">CZECH REPUBLIC<\/span> \u00a0Petr Schnur<\/strong>, Vice-President\u00a0 Czech Peace Movement ; \u00a0<strong><span style=\"color: #ff0000;\">FRANCE \u00a0<\/span>Alain Aucouturier<\/strong>, trade unionist; <strong>Daniel Auzeby,<\/strong> trade unionist ; <strong>Sylvie B\u00e9goin,<\/strong> mathematician, \u00a0<strong>Christophe Bitaud,<\/strong> syndicalist activist; <strong>Thierry Bonus<\/strong>, trade unionist; <strong>Francis Brum<\/strong>, pensioner; <strong>R\u00e9mi Candelier,<\/strong> trade unionist <strong>Didier Carrez<\/strong>, teacher, deputy-mayor; <strong>Denis Collin<\/strong>, philosopher,\u00a0 <strong>Jacques Cotta<\/strong>, journalist, <strong>Elisabeth D\u00e8s<\/strong>, GP; <strong>Marie-Pierre Frondziak<\/strong>, Philosopher,\u00a0 <strong>Dominique Gerin,<\/strong>\u00a0Honorary Curator of Library; <strong>Daniel Gluckstein<\/strong>, national secretary of the POID, <strong>Patrick Griesbach<\/strong>, trade unionist, Vice-President of the Transborder Workers Defense Committee \u00a0<strong>Christopher Halleur<\/strong>, trade unionist; <strong>Thierry Laurent<\/strong>, trade unionist; <strong>Didier Le Strat; Jean Markun,<\/strong> national secretary of the POID, <strong>Hugues Miller,<\/strong> trade unionist local public services; <strong>Jos\u00e9 Nicol<\/strong>, trade unionist postal workers; \u00a0<strong>Emmanuel Poisson,<\/strong> trade unionist; <strong>\u00a0Michel Risacher<\/strong>, trade unionist; <strong>Jean-Jacques Rodriguez,<\/strong> trade unionist; <strong>Bernard Saas<\/strong>, trade unionist; <strong>G\u00e9rard Schivardi,<\/strong> national secretary of the POID, <strong>Ars\u00e8ne Schmitt<\/strong> \u2013 President of the Transborder Workers Defense Committee; <strong><span style=\"color: #ff0000;\">GERMANY \u00a0\u00a0<\/span>Matthias Cornely<\/strong>, Shop-Steward\u00a0 IG Metall <strong>Peter Kreutler<\/strong>, Vice-Chair Afa D\u00fcsseldorf, Ver.di, member of the executive committee of\u00a0 the 6th Sector shop-stewards conference (Central and local government public workers)\u00a0 D\u00fcsseldorf <strong>Dr Cornelia Matzke<\/strong> (former member of the Saxony Regional Assembly after 1989, Ver.di) <strong>Norbert M\u00fcller <\/strong>(Ver.di, AfA, Francfurt\/Main) <strong>Holger Pfeiffer,<\/strong>\u00a0 Shop Steward ver.di- <strong>Peter Saalm\u00fcller,<\/strong> SPD, ver.di <strong>Klaus Sch\u00fcller<\/strong>, SPD member, EVG trade unionist. <strong>Birgit Schutz<\/strong> Food service Trade Union (\u00a0 NGG ), member of the company committee , AfA D\u00fcsseldorf) <strong>Anna Schuster<\/strong>, Shop Steward ver.di- \u00a0<strong>H.-W. Schuster,<\/strong>\u00a0 Ver.di, Shop-steward, Chair AfA D\u00fcsseldorf <strong><span style=\"color: #ff0000;\">GREECE<\/span> Dimitris Vassiliou<\/strong> \u2013 LAE (Popular unity), Argolida region; <strong>Giorgos Kapsouros<\/strong> &#8211; LAE Argolida; <strong>Sakis Karamanos<\/strong> &#8211; LAE Argolida; <strong>Eleftheria Borgi; Apostolos Kouikoglou; Jiannis Karajiannis; Dimitris Balaskas; Sotiria Lioni; Andreas Guhl<\/strong> &#8211; LAE Argolida, Ergatika Nea; <strong>\u00a0Hisaia Karachaliou; Irini Morou; Dimitris Papaioannou<\/strong> &#8211; LAE Argolida; <strong>Dimos Drougas<\/strong> &#8211; LAE Argolida; <strong>Giorgos Ikonomou; Dimitra Birbanagou;\u00a0 <span style=\"color: #ff0000;\">HUNGARY<\/span> Kl\u00e0ra Anyiszonyan <\/strong>\u2013 rertired Engineer Chemical Industry ; \u00a0<strong>Judit Somi <\/strong>\u2013 retiredTeacher \u00a0<strong><span style=\"color: #ff0000;\">IRELAND<\/span> Manus Bree,<\/strong> SIPTU, pers cap\u00a0 <strong>Ciaran Campbell<\/strong>,\u00a0MANDATE, Divisional Organiser-North &amp; West Division\u00a0in an official and personal capacity <strong>Brian Forbes,<\/strong> MANDATE (pers.cap) <span style=\"color: #ff0000;\"><strong>ITALY<\/strong> <\/span><strong>Luigi Brandellero<\/strong>, worker, editorial board of <em>Tribuna Libera<\/em>, Turin; <strong>Valeria Busicchia<\/strong>, teacher, UIL trade unionist; Alessandra Cigna, CGIL teacher trade unionist, Turin (pers. cap.) <strong>Ugo Croce<\/strong>, self-employed, editorial board of <em>Tribuna Libera<\/em>, Turin; <strong>Kristian Goglio,<\/strong> teacher, CGIL-teacher trade unionist, (pers cap) <strong>Dario Granaglia,<\/strong> metalworker, FIOM-CGIL trade unionist, Turin (pers. cap.) <strong>Monica Grilli<\/strong>, CGIL teacher trade unionist (pers cap) <strong>Daniele Grego,<\/strong> CISL teacher trade unionist (pers cap) <strong>Gianni Guglieri,<\/strong> worker, UIL-TEC trade unionist, (pers cap) <strong>Andrea Monasterolo<\/strong>, worker, FILTCEM-CGIL executive member (pers cap), Cuneo \u00a0<strong>Alberto Pian,<\/strong> teacher, Turin; <strong>Elisabetta Raineri,<\/strong> CISL teacher trade unionist (pers cap) <strong>Lorenzo Varaldo<\/strong>, school manager, candidate for mayor in Turin (2006, 2011) standing for\u00a0 \u00ab\u00a0No to EU\u00a0\u00bb <strong>Vanna Ventre<\/strong>, teacher, editorial board of <em>Tribuna Libera<\/em>, Turin; <strong>Delia Fratucelli<\/strong>, Member\u00a0 SLC\/CGIL leadership (pers.cap); <strong>Angelo Lobito<\/strong>, Member\u00a0 FIOM leadership at\u00a0 Mirafiori-Fiat, Turin (pers.cap); <strong>Pasquale Loiacono<\/strong>, Shop Steward FIOM\u00a0 Mirafiori-Fiat, Turin (pers.cap); <strong>Sergio Palazzo<\/strong>, Member oft he trade union executive at\u00a0 the Pirelli plant , Settimo Torinese, Turin (pers.cap); <strong>Alessandro Casella<\/strong>, Executive member\u00a0 FP-CGIL, Turin (pers.cap); <strong>Serafino Puccio<\/strong>, executive member -CGIL Turin (pers.cap); <strong>Edoardo Boni<\/strong>, employee; <strong>Simona Rebecchi<\/strong>, teacher; <strong><span style=\"color: #ff0000;\">MOLDAVIA<\/span> Marxist Movement \u201cPopular Resistance\u201d NORWAY Johan Petter Andresen<\/strong>, Board member of Oslo No to the EU <strong><span style=\"color: #ff0000;\">PORTUGAL<\/span> \u00a0<\/strong><strong>Rui Rodrigues,<\/strong> trade unionist SNESUP (university teachers); <strong>Gon\u00e7alo Morais<\/strong>, trade unionist SPGL (teachers union of Lisbon region CGTP); <strong>Jos\u00e9 Santana Henriques<\/strong> \u2013 retired trade unionist\u00a0 CESP\/CGTP; <strong>Jorge Torres<\/strong>, member of the Workers Commission at Saika Pack company <strong><span style=\"color: #ff0000;\">RUSSIA \u00a0<\/span>Boris Kagarlitsky<\/strong> &#8211; Director of Institute for Globalization Studies and Social Movements\u00a0 (IGSO), Moscow; \u00a0<strong><span style=\"color: #ff0000;\">SERBIA<\/span> Branislav Markus<\/strong> \u2013 Chair\u00a0 Zrenjanin Social Forum, \u00a0<strong><span style=\"color: #ff0000;\">SLOVENIA \u00a0\u00a0<\/span>Dimitar Anakiev <\/strong>\u2013 President Association of Erased Workers (ZID); <strong><span style=\"color: #ff0000;\">SWEDEN<\/span> Jan-Erik Gustafsson<\/strong> &#8211; President People\u2019s Movement No to the EU (Nej till EU); <strong><span style=\"color: #ff0000;\">TURKEY \u00a0<\/span>\u015eadi Ozans\u00fc <\/strong>\u2013 Chairman Party of Workers&#8217; Fraternity (\u0130KP) <strong>Ya\u015far Avc\u0131 <\/strong>&#8211; Party of Workers&#8217; Fraternity (\u0130KP) executive committee member ; <strong>Fulya Ayata<\/strong> &#8211; Party of Workers&#8217; Fraternity (\u0130KP),executive committee member ; <strong>Burcu K\u0131vrak G\u00fccer<\/strong> \u2013 Member\u00a0 SES &#8211; Trade Union Of Public Employees In Health And Social\u00a0 Services; <strong>Birsen Ye\u015filkanat Kaya <\/strong>\u2013 member (Sa\u011fl\u0131k-i\u015f)Trade Union in Health Industry; <strong>Kamil Sar\u0131 <\/strong>\u2013 Member (E\u011fitim-sen), Education and Science Workers&#8217; Union; <strong>Cemal Bilgin <\/strong>\u2013 Chair\u00a0 (Ta\u015fi\u015f-der), Subcontracted Workers&#8217; Solidarity Association; <strong>Mahir Sar\u0131 <\/strong>\u2013 Member (E\u011fitim-sen), Education and Science Workers&#8217; Union; <strong>Esin Umut <\/strong>&#8211; Party of Workers&#8217; Fraternity (\u0130KP)\u2019s Youth Committee member ; <strong>Alperen Orhan<\/strong> &#8211; Party of Workers&#8217; Fraternity (\u0130KP)\u2019s Youth Committee member ; <strong>Deniz Bilgi\u00e7 <\/strong>&#8211; Party of Workers&#8217; Fraternity (\u0130KP)\u2019s Youth Committee member ; <strong>Tarik Safak<\/strong> \u2013 Academic Istanbul; <strong>Ahmet Cavit An<\/strong> \u2013 researcher writer; <strong>Eski\u015fehir-K\u0131rka Branch of Mine Workers&#8217; Union of Turkey<\/strong> (Maden-i\u015f); <strong>Necmettin Durmu\u015f<\/strong> \u2013 founder member (SYKP) Socialist Refoundation Party; <strong>Zeynel A. \u00c7elebi \u2013<\/strong> ex-president of Istanbul-Umraniye Repressentative Office of Chamber of Mechanical Engineers (MMO); <strong><span style=\"color: #ff0000;\">UKRAINE \u00a0<\/span>Sergey Mygal<\/strong><\/p>\n","protected":false},"excerpt":{"rendered":"<p>Britanya i\u015f\u00e7i s\u0131n\u0131f\u0131n\u0131n Haziran&#8217;da yap\u0131lacak Avrupa Birli\u011fi\u2019nde kal\u0131p kalmama referandumunda AB kar\u015f\u0131t\u0131 tutum sergileyen sekt\u00f6rlerini destekleyen\u00a0Alman sendikac\u0131lar ve i\u015f\u00e7i hareketi temsilcileri, Britanyal\u0131 i\u015f\u00e7ilerin AB kar\u015f\u0131t\u0131 kampanyalar\u0131n\u0131 b\u00fct\u00fcn Avrupa\u2019ya yayma \u00e7abas\u0131ndalar. Daha \u015fimdiden Avrupa \u00e7ap\u0131ndaki bu kampanyaya bir\u00e7ok Avrupa \u00fclkesinden,\u00a0i\u015f\u00e7ilerden sendika temsilcilerine, siyasi \u00f6rg\u00fct temsilcilerinden bar\u0131\u015f savunucusu militanlara, akademisyenlerden emeklilere, kad\u0131nlardan gen\u00e7lere&#8230; AB&#8217;ye \u00fcye olan\/olmayan 21 [&hellip;]<\/p>\n","protected":false},"author":1,"featured_media":0,"comment_status":"closed","ping_status":"closed","sticky":false,"template":"","format":"standard","meta":{"footnotes":""},"categories":[49],"tags":[282,284,285,283,53],"class_list":["post-1622","post","type-post","status-publish","format-standard","hentry","category-c43-duyurular","tag-ab-karsiti","tag-ab-referandumu","tag-avrupa-cagrisi","tag-britanya","tag-onsayfa"],"_links":{"self":[{"href":"https:\/\/pgbsosyalizm.org\/index.php?rest_route=\/wp\/v2\/posts\/1622","targetHints":{"allow":["GET"]}}],"collection":[{"href":"https:\/\/pgbsosyalizm.org\/index.php?rest_route=\/wp\/v2\/posts"}],"about":[{"href":"https:\/\/pgbsosyalizm.org\/index.php?rest_route=\/wp\/v2\/types\/post"}],"author":[{"embeddable":true,"href":"https:\/\/pgbsosyalizm.org\/index.php?rest_route=\/wp\/v2\/users\/1"}],"replies":[{"embeddable":true,"href":"https:\/\/pgbsosyalizm.org\/index.php?rest_route=%2Fwp%2Fv2%2Fcomments&post=1622"}],"version-history":[{"count":7,"href":"https:\/\/pgbsosyalizm.org\/index.php?rest_route=\/wp\/v2\/posts\/1622\/revisions"}],"predecessor-version":[{"id":2214,"href":"https:\/\/pgbsosyalizm.org\/index.php?rest_route=\/wp\/v2\/posts\/1622\/revisions\/2214"}],"wp:attachment":[{"href":"https:\/\/pgbsosyalizm.org\/index.php?rest_route=%2Fwp%2Fv2%2Fmedia&parent=1622"}],"wp:term":[{"taxonomy":"category","embeddable":true,"href":"https:\/\/pgbsosyalizm.org\/index.php?rest_route=%2Fwp%2Fv2%2Fcategories&post=1622"},{"taxonomy":"post_tag","embeddable":true,"href":"https:\/\/pgbsosyalizm.org\/index.php?rest_route=%2Fwp%2Fv2%2Ftags&post=1622"}],"curies":[{"name":"wp","href":"https:\/\/api.w.org\/{rel}","templated":true}]}}