{"id":1673,"date":"2016-05-28T20:26:16","date_gmt":"2016-05-28T18:26:16","guid":{"rendered":"http:\/\/pgbsosyalizm.org\/?p=1673"},"modified":"2016-05-30T22:36:55","modified_gmt":"2016-05-30T20:36:55","slug":"amerikan-mali-alin","status":"publish","type":"post","link":"https:\/\/pgbsosyalizm.org\/?p=1673","title":{"rendered":"&#8221; &#8216;Amerikan mal\u0131&#8217; al\u0131n!&#8221;"},"content":{"rendered":"<p style=\"text-align: left;\"><em>[Fransa Ba\u011f\u0131ms\u0131z Demokratik \u00a0\u0130\u015f\u00e7i Partisi&#8217;nin (POID) haftal\u0131k yay\u0131nlanan\u00a0<b>Workers&#8217; Tribune <\/b>(\u0130\u015f\u00e7i K\u00fcrs\u00fcs\u00fc) gazetesinin, 36. say\u0131s\u0131n\u0131n ba\u015fyaz\u0131s\u0131]<\/em><\/p>\n<p style=\"text-align: left;\"><strong>&#8212; Daniel Gluckstein<\/strong><\/p>\n<p style=\"text-align: left;\">&#8220;<em>Yeniden d\u00fczenlenmi\u015f bir Avrupa Birli\u011fi\u2019ne \u00fcyeli\u011fin kendisi i\u00e7in elzem oldu\u011fu<\/em>&#8221; Londra City <sup><a href=\"#footnote_1_1673\" id=\"identifier_1_1673\" class=\"footnote-link footnote-identifier-link\" title=\"&ccedil;ev.- Londra Borsas\u0131&rsquo;n\u0131n da bulundu\u011fu d&uuml;nya finans merkezi\">1<\/a><\/sup>\u00a0ve &#8220;<em>Birle\u015fik Krall\u0131k\u2019\u0131n Avrupa Birli\u011fi projesine kat\u0131l\u0131m\u0131n\u0131n devam etmesinin gerekli oldu\u011funu<\/em>&#8221; deklare eden MEDEF\u2019ten <sup><a href=\"#footnote_2_1673\" id=\"identifier_2_1673\" class=\"footnote-link footnote-identifier-link\" title=\"Fransa i\u015fverenler &ouml;rg&uuml;t;&nbsp;&ccedil;ev.- T&uuml;rkiye&rsquo;nin T&Uuml;S\u0130AD&rsquo;\u0131\">2<\/a><\/sup> sonra, s\u0131ra Obama\u2019da.<\/p>\n<p style=\"text-align: left;\">Avrupa\u2019ya resmi ziyareti s\u0131ras\u0131nda\u00a0ABD Ba\u015fkan\u0131, halk\u0131 Bretix\u2019i <sup><a href=\"#footnote_3_1673\" id=\"identifier_3_1673\" class=\"footnote-link footnote-identifier-link\" title=\"Britanya&rsquo;n\u0131n Avrupa Birli\u011fi&rsquo;nden ayr\u0131lmas\u0131. Bununla ilgili olarak 23 Haziran&rsquo;da referandum ger&ccedil;ekle\u015ftirilecek\">3<\/a><\/sup> reddetmeye \u00e7a\u011f\u0131r\u0131yor, \u201c<em>\u00e7\u00fcnk\u00fc odakland\u0131\u011f\u0131m\u0131z \u015fey b\u00fcy\u00fck bir blokla, Avrupa Birli\u011fi&#8217;yle, m\u00fczakeredir<\/em>\u201d diyor.<\/p>\n<p style=\"text-align: left;\">Obama neyi m\u00fczakere etmek istiyor?<\/p>\n<p style=\"text-align: left;\">Bu m\u00fczakerenin konusu; Soir 3\u2019de <sup><a href=\"#footnote_4_1673\" id=\"identifier_4_1673\" class=\"footnote-link footnote-identifier-link\" title=\"bir TV kanal\u0131\">4<\/a><\/sup> verdi\u011fi r\u00f6portajda bir ekonomi profes\u00f6r\u00fcn\u00fcn ifade etti\u011fi gibi amac\u0131 \u201c<em>uluslararas\u0131 \u015firketlerin kendi standartlar\u0131n\u0131 empoze etmesi<\/em>\u201d\u00a0 olan o me\u015fhur Transatlantik Ticaret ve Yat\u0131r\u0131m Ortakl\u0131\u011f\u0131 <sup><a href=\"#footnote_5_1673\" id=\"identifier_5_1673\" class=\"footnote-link footnote-identifier-link\" title=\"TTIP: Transatlantic Trade and Investment Partnership\">5<\/a><\/sup>.<\/p>\n<p style=\"text-align: left;\">A\u00e7\u0131k\u00e7a s\u00f6ylemek gerekirse:\u00a0m\u00fczakere konusu, \u00fcr\u00fcnlerin ve \u00f6zellikle \u201ci\u015fg\u00fcc\u00fc maliyetleri\u201dnin, dolay\u0131s\u0131yla i\u015f\u00e7i haklar\u0131n\u0131n toptan bir kurals\u0131zla\u015ft\u0131r\u0131lmas\u0131d\u0131r. Bir Amerikan \u00fcniversitesi e\u011fer bu anla\u015fma uygulamaya konulursa Avrupa\u2019da 600.000 i\u015fin yok edilece\u011fini\u00a0hesapl\u0131yor.<\/p>\n<p style=\"text-align: left;\">\u0130\u015fte, Avrupa Birli\u011fi bunun i\u00e7in var; en g\u00fc\u00e7l\u00fc emperyalizmin uysal \u201cbirle\u015fik\u201d orta\u011f\u0131 olmak i\u00e7in!<\/p>\n<p style=\"text-align: left;\">Obama, Hanover&#8217;da (Almanya) a\u00e7\u0131k s\u00f6zl\u00fc slogan\u0131 \u201c&#8217;<em>Amerikan mal\u0131&#8217; al\u0131n<\/em>\u201d\u0131 dile getirip\u00a0turuna devam ederken, Fransa\u2019daki demiryolu i\u015f\u00e7ileri Avrupa Birli\u011fi direktiflerinin uygulanmas\u0131n\u0131n gere\u011fi olan \u201c<em>rekabete tamamen a\u00e7\u0131k olma<\/em>\u201dn\u0131n getirdi\u011fi sonu\u00e7lara kar\u015f\u0131 greve gitti. Demiryolu i\u015f\u00e7ileri \u00f6zellikle mesai saatlerinin uzat\u0131lmas\u0131na ve dinlenme s\u00fcrelerinin azalt\u0131lmas\u0131na itiraz ediyorlard\u0131.<\/p>\n<p style=\"text-align: left;\">Kim hal\u00e2 Britanya\u2019n\u0131n Avrupa Birli\u011fi\u2019nden \u00e7\u0131kmas\u0131n\u0131n s\u0131n\u0131fsal bir sorun olmad\u0131\u011f\u0131n\u0131 s\u00f6ylemeye cesaret edebilir?<\/p>\n<p style=\"text-align: left;\">Bir yanda; sermaye s\u0131n\u0131f\u0131, Obama, h\u00fck\u00fcmet ba\u015fkanlar\u0131 ve t\u00fcm kapitalist \u00fclkelerin y\u00f6neticlierinin hepsinin olu\u015fturdu\u011fu,\u00a0Avrupa Birli\u011fi\u2019yle ger\u00e7ekle\u015ftirilenlerin\u00a0devam\u0131n\u0131 ve hatta \u201ctransatlantik ortakl\u0131k\u201d ile yo\u011funla\u015ft\u0131r\u0131lmas\u0131n\u0131\u00a0talep eden bir blok var. Ba\u015fta \u0130\u015f Kanunu\u2019nu (Avrupa Birli\u011fi\u2019nin taleplerine cevaben) yok etmeyi hedefleyen El Khomri Bill olmak \u00fczere i\u015f\u00e7i haklar\u0131n\u0131n tamamen kurals\u0131zla\u015ft\u0131r\u0131lmas\u0131n\u0131 talep eden birle\u015fik bir blok.<\/p>\n<p style=\"text-align: left;\">Di\u011fer yanda; Britanya\u2019da oldu\u011fu gibi Fransa\u2019da da i\u015f\u00e7i s\u0131n\u0131f\u0131 grevler, g\u00f6steriler vb. \u015fekillerde kendi \u00f6rg\u00fctleriyle ve ayn\u0131 zamanda\u00a0f\u0131rsat do\u011fdu\u011funda referandumlarla kar\u015f\u0131 koyuyor.<\/p>\n<p style=\"text-align: left;\">Bu ko\u015fullarda, i\u015f\u00e7ilerin, i\u015f\u00e7i s\u0131n\u0131f\u0131n\u0131 temsil etti\u011fini iddia eden \u00f6rg\u00fctlerin \u2013Avrupa Birli\u011fi d\u00fczeyinde Avrupa Sendikalar Konfederasyonu (ETUC) ve ayr\u0131ca Britanya ve di\u011fer \u00fclkelerdeki belirli i\u015f\u00e7i \u00f6rg\u00fctlerinin- liderlerinin, Britanya\u2019n\u0131n AB i\u00e7inde kalmas\u0131 i\u00e7in \u0131srarl\u0131 bir kampanya y\u00fcr\u00fctt\u00fckleri ger\u00e7e\u011fini nas\u0131l yorumlamalar\u0131 gerekiyor?<\/p>\n<p style=\"text-align: left;\">S\u0131n\u0131fsal bir bak\u0131\u015f a\u00e7\u0131s\u0131yla, Britanya&#8217;n\u0131n AB\u2019den ayr\u0131lmas\u0131 bu halklar hapishanesinde bir gedik a\u00e7acakt\u0131r. Ve t\u00fcm Avrupa i\u015f\u00e7ileri ve halklar\u0131 kendilerinde bu a\u00e7\u0131lan gedikten s\u0131rayla ge\u00e7me ve bask\u0131 ve s\u00f6m\u00fcr\u00fc kurumlar\u0131n\u0131 parampar\u00e7a etme cesaretini bulacakt\u0131r.<\/p>\n<p style=\"text-align: left;\">Ve bu gedik sayesinde, kendilerinde i\u015f\u00e7ilerin, halklar\u0131n ve Avrupa\u2019n\u0131n \u00f6zg\u00fcr uluslar\u0131n\u0131n \u00f6zg\u00fcr birli\u011finin yolunu a\u00e7ma cesaretini bulacaklard\u0131r.<\/p>\n<ol class=\"footnotes\"><li id=\"footnote_1_1673\" class=\"footnote\">\u00e7ev.- Londra Borsas\u0131&#8217;n\u0131n da bulundu\u011fu d\u00fcnya finans merkezi<span class=\"footnote-back-link-wrapper\">[<a href=\"#identifier_1_1673\" class=\"footnote-link footnote-back-link\">&#8617;<\/a>]<\/span><\/li><li id=\"footnote_2_1673\" class=\"footnote\">Fransa i\u015fverenler \u00f6rg\u00fct;\u00a0\u00e7ev.- T\u00fcrkiye&#8217;nin T\u00dcS\u0130AD&#8217;\u0131<span class=\"footnote-back-link-wrapper\">[<a href=\"#identifier_2_1673\" class=\"footnote-link footnote-back-link\">&#8617;<\/a>]<\/span><\/li><li id=\"footnote_3_1673\" class=\"footnote\">Britanya\u2019n\u0131n Avrupa Birli\u011fi\u2019nden ayr\u0131lmas\u0131. Bununla ilgili olarak 23 Haziran\u2019da referandum ger\u00e7ekle\u015ftirilecek<span class=\"footnote-back-link-wrapper\">[<a href=\"#identifier_3_1673\" class=\"footnote-link footnote-back-link\">&#8617;<\/a>]<\/span><\/li><li id=\"footnote_4_1673\" class=\"footnote\">bir TV kanal\u0131<span class=\"footnote-back-link-wrapper\">[<a href=\"#identifier_4_1673\" class=\"footnote-link footnote-back-link\">&#8617;<\/a>]<\/span><\/li><li id=\"footnote_5_1673\" class=\"footnote\">TTIP: Transatlantic Trade and Investment Partnership<span class=\"footnote-back-link-wrapper\">[<a href=\"#identifier_5_1673\" class=\"footnote-link footnote-back-link\">&#8617;<\/a>]<\/span><\/li><\/ol>","protected":false},"excerpt":{"rendered":"<p>[Fransa Ba\u011f\u0131ms\u0131z Demokratik \u00a0\u0130\u015f\u00e7i Partisi&#8217;nin (POID) haftal\u0131k yay\u0131nlanan\u00a0Workers&#8217; Tribune (\u0130\u015f\u00e7i K\u00fcrs\u00fcs\u00fc) gazetesinin, 36. say\u0131s\u0131n\u0131n ba\u015fyaz\u0131s\u0131] &#8212; Daniel Gluckstein &#8220;Yeniden d\u00fczenlenmi\u015f bir Avrupa Birli\u011fi\u2019ne \u00fcyeli\u011fin kendisi i\u00e7in elzem oldu\u011fu&#8221; Londra City 1\u00a0ve &#8220;Birle\u015fik Krall\u0131k\u2019\u0131n Avrupa Birli\u011fi projesine kat\u0131l\u0131m\u0131n\u0131n devam etmesinin gerekli oldu\u011funu&#8221; deklare eden MEDEF\u2019ten 2 sonra, s\u0131ra Obama\u2019da. Avrupa\u2019ya resmi ziyareti s\u0131ras\u0131nda\u00a0ABD Ba\u015fkan\u0131, halk\u0131 Bretix\u2019i [&hellip;]<\/p>\n","protected":false},"author":1,"featured_media":0,"comment_status":"closed","ping_status":"closed","sticky":false,"template":"","format":"standard","meta":{"footnotes":""},"categories":[310],"tags":[278,277,301,283,173,303,53,302,309],"class_list":["post-1673","post","type-post","status-publish","format-standard","hentry","category-21-sayi-30-mayis-2016","tag-ab","tag-avrupa-birligi","tag-brexit","tag-britanya","tag-daniel-gluckstein","tag-obama","tag-onsayfa","tag-referandum","tag-transatlantik-ticaret-ve-yatirim-ortakligi"],"_links":{"self":[{"href":"https:\/\/pgbsosyalizm.org\/index.php?rest_route=\/wp\/v2\/posts\/1673","targetHints":{"allow":["GET"]}}],"collection":[{"href":"https:\/\/pgbsosyalizm.org\/index.php?rest_route=\/wp\/v2\/posts"}],"about":[{"href":"https:\/\/pgbsosyalizm.org\/index.php?rest_route=\/wp\/v2\/types\/post"}],"author":[{"embeddable":true,"href":"https:\/\/pgbsosyalizm.org\/index.php?rest_route=\/wp\/v2\/users\/1"}],"replies":[{"embeddable":true,"href":"https:\/\/pgbsosyalizm.org\/index.php?rest_route=%2Fwp%2Fv2%2Fcomments&post=1673"}],"version-history":[{"count":8,"href":"https:\/\/pgbsosyalizm.org\/index.php?rest_route=\/wp\/v2\/posts\/1673\/revisions"}],"predecessor-version":[{"id":1703,"href":"https:\/\/pgbsosyalizm.org\/index.php?rest_route=\/wp\/v2\/posts\/1673\/revisions\/1703"}],"wp:attachment":[{"href":"https:\/\/pgbsosyalizm.org\/index.php?rest_route=%2Fwp%2Fv2%2Fmedia&parent=1673"}],"wp:term":[{"taxonomy":"category","embeddable":true,"href":"https:\/\/pgbsosyalizm.org\/index.php?rest_route=%2Fwp%2Fv2%2Fcategories&post=1673"},{"taxonomy":"post_tag","embeddable":true,"href":"https:\/\/pgbsosyalizm.org\/index.php?rest_route=%2Fwp%2Fv2%2Ftags&post=1673"}],"curies":[{"name":"wp","href":"https:\/\/api.w.org\/{rel}","templated":true}]}}