{"id":1678,"date":"2016-05-30T23:44:46","date_gmt":"2016-05-30T21:44:46","guid":{"rendered":"http:\/\/pgbsosyalizm.org\/?p=1678"},"modified":"2016-05-30T23:45:24","modified_gmt":"2016-05-30T21:45:24","slug":"brezilyada-neler-oluyor-son-dakika-kitleler-son-sozlerini-henuz-soylemediler","status":"publish","type":"post","link":"https:\/\/pgbsosyalizm.org\/?p=1678","title":{"rendered":"Brezilya\u2019da neler oluyor? SON DAK\u0130KA! Kitleler son s\u00f6zlerini hen\u00fcz s\u00f6ylemediler!"},"content":{"rendered":"<h3>Dilma\u2019n\u0131n Senato karar\u0131yla g\u00f6revden al\u0131nd\u0131\u011f\u0131 tarihten bu yana neler oluyor?<\/h3>\n<p><strong>Uluslararas\u0131 Kom\u00fcnist Hareket<\/strong>\u2019ten bir militan\u0131n bize g\u00f6nderdi\u011fi notlar:<\/p>\n<p>(\u2026) \u201cKarar\u0131n hemen ard\u0131ndan, \u00fclkenin her yerinde hen\u00fcz hi\u00e7bir \u00f6rg\u00fct\u00fcn \u00e7a\u011fr\u0131s\u0131 olmadan kendili\u011finden kitle g\u00f6sterileri patlak verdi: Sao Paulo\u2019da 30 bin, Rio\u2019da 15 bin, Porto Alegre\u2019de 10 bin ki\u015fi\u2026 1964 askeri darbesinin u\u011fursuz an\u0131s\u0131n\u0131 canland\u0131r\u0131r tarzda sil\u00e2hl\u0131 atl\u0131 polisler kitlenin \u00fczerine s\u00fcr\u00fcld\u00fc. \u00dclkedeki hi\u00e7bir i\u015f\u00e7i ve halk \u00f6rg\u00fct\u00fc ba\u015f\u0131nda mafyac\u0131 Temer\u2019in bulundu\u011fu bir h\u00fck\u00fcmetin me\u015frulu\u011funu kabul etmiyor.\u201d<\/p>\n<p>(\u2026) \u201c\u00dclke \u00e7ap\u0131nda, h\u00fck\u00fcmet darbesine kar\u015f\u0131 \u00e7ok b\u00fcy\u00fck bir \u00f6fke var. Darbe hen\u00fcz ba\u015far\u0131ya ula\u015famad\u0131. \u0130\u015f\u00e7iler, yoksul k\u00f6yl\u00fcler ve gen\u00e7ler darbeye kar\u015f\u0131 direnmenin yollar\u0131n\u0131 ar\u0131yorlar. G\u00fcn, direni\u015f g\u00fcn\u00fcd\u00fcr. Biz, bulundu\u011fumuz b\u00fct\u00fcn eyaletlerde ve b\u00f6lgelerde bu direni\u015fi somutla\u015ft\u0131rmak i\u00e7in \u015fu \u015fekilde hareket ediyoruz: <strong>Darbenin bo\u011fulmas\u0131 i\u00e7in Genel Grev! Darbeye kar\u015f\u0131 m\u00fccadele komitelerinin yayg\u0131nla\u015ft\u0131r\u0131lmas\u0131!, Temer defol!, Kahrolsun h\u00fck\u00fcmet darbesi!, S\u00f6z halka geri verilsin!<\/strong>\u00a0Bunlar i\u00e7in tek bir acil talep: <strong>Egemen bir kurucu meclis!<\/strong>\u00a0Bunu hayata ge\u00e7irmeninse tek yolu var: <strong>\u0130\u015f\u00e7iler, topraks\u0131z k\u00f6yl\u00fcler ve gen\u00e7ler kendi \u00f6rg\u00fctleriyle birlikte Genel Greve!<\/strong><\/p>\n<p>(\u2026) \u201cHer yerde; fabrikalarda, at\u00f6lyelerde, devlet dairelerinde, okullarda, hastanelerde, otellerde, b\u00fct\u00fcn hizmet sekt\u00f6r\u00fcnde, i\u015fgal edilecek topraklarda h\u00fck\u00fcmet darbesine kar\u015f\u0131 bir kurucu meclis i\u00e7in birle\u015fik m\u00fccadele komiteleri! H\u00fck\u00fcmet darbesine kar\u015f\u0131 m\u00fccadele i\u00e7ine girmi\u015f komitelerin delegeleriyle bir ulusal Halk Meclisi!\u201d<\/p>\n<p>(\u2026) &#8220;\u0130\u015f\u00e7i ve halk \u00f6rg\u00fctlerinin \u00f6n\u00fcnde iki yol var: Ya darbecilerin yarg\u0131 kurumlar\u0131 taraf\u0131ndan \u2013 ki bu kurumlar\u0131n bug\u00fcne kadar par\u00e7alanmam\u0131\u015f olmas\u0131 PT\u2019nin Lula ve Dilma \u00f6nderliklerinin a\u011f\u0131r su\u00e7udur- saptanan 180 g\u00fcnl\u00fck mahkeme s\u00fcrecinin sonlanmas\u0131 s\u00fcreci beklenerek karara boyun e\u011filecek. Kald\u0131 ki bu \u00e7\u00fcr\u00fcm\u00fc\u015f kurumlardan i\u015f\u00e7iler, halk ve gen\u00e7lik i\u00e7in olumlu bir karar beklemekten b\u00fcy\u00fck bir gaflet olamaz.<\/p>\n<p>Ya da, darbecilere kar\u015f\u0131 milyonlar taraf\u0131ndan en az alt\u0131 ayd\u0131r defalarca hayk\u0131r\u0131ld\u0131\u011f\u0131 gibi duruma bu kitleler taraf\u0131ndan el konulacak ve halk egemenli\u011fi \u00fczerine kurulu bir politik \u00e7\u0131k\u0131\u015f yolu a\u00e7\u0131lacakt\u0131r.\u201d<\/p>\n","protected":false},"excerpt":{"rendered":"<p>Dilma\u2019n\u0131n Senato karar\u0131yla g\u00f6revden al\u0131nd\u0131\u011f\u0131 tarihten bu yana neler oluyor? Uluslararas\u0131 Kom\u00fcnist Hareket\u2019ten bir militan\u0131n bize g\u00f6nderdi\u011fi notlar: (\u2026) \u201cKarar\u0131n hemen ard\u0131ndan, \u00fclkenin her yerinde hen\u00fcz hi\u00e7bir \u00f6rg\u00fct\u00fcn \u00e7a\u011fr\u0131s\u0131 olmadan kendili\u011finden kitle g\u00f6sterileri patlak verdi: Sao Paulo\u2019da 30 bin, Rio\u2019da 15 bin, Porto Alegre\u2019de 10 bin ki\u015fi\u2026 1964 askeri darbesinin u\u011fursuz an\u0131s\u0131n\u0131 canland\u0131r\u0131r tarzda sil\u00e2hl\u0131 [&hellip;]<\/p>\n","protected":false},"author":1,"featured_media":0,"comment_status":"closed","ping_status":"closed","sticky":false,"template":"","format":"standard","meta":{"footnotes":""},"categories":[310],"tags":[68,286,299,64,53,307],"class_list":["post-1678","post","type-post","status-publish","format-standard","hentry","category-21-sayi-30-mayis-2016","tag-brezilya","tag-darbe","tag-dilma","tag-kurucu-meclis","tag-onsayfa","tag-senato"],"_links":{"self":[{"href":"https:\/\/pgbsosyalizm.org\/index.php?rest_route=\/wp\/v2\/posts\/1678","targetHints":{"allow":["GET"]}}],"collection":[{"href":"https:\/\/pgbsosyalizm.org\/index.php?rest_route=\/wp\/v2\/posts"}],"about":[{"href":"https:\/\/pgbsosyalizm.org\/index.php?rest_route=\/wp\/v2\/types\/post"}],"author":[{"embeddable":true,"href":"https:\/\/pgbsosyalizm.org\/index.php?rest_route=\/wp\/v2\/users\/1"}],"replies":[{"embeddable":true,"href":"https:\/\/pgbsosyalizm.org\/index.php?rest_route=%2Fwp%2Fv2%2Fcomments&post=1678"}],"version-history":[{"count":3,"href":"https:\/\/pgbsosyalizm.org\/index.php?rest_route=\/wp\/v2\/posts\/1678\/revisions"}],"predecessor-version":[{"id":1709,"href":"https:\/\/pgbsosyalizm.org\/index.php?rest_route=\/wp\/v2\/posts\/1678\/revisions\/1709"}],"wp:attachment":[{"href":"https:\/\/pgbsosyalizm.org\/index.php?rest_route=%2Fwp%2Fv2%2Fmedia&parent=1678"}],"wp:term":[{"taxonomy":"category","embeddable":true,"href":"https:\/\/pgbsosyalizm.org\/index.php?rest_route=%2Fwp%2Fv2%2Fcategories&post=1678"},{"taxonomy":"post_tag","embeddable":true,"href":"https:\/\/pgbsosyalizm.org\/index.php?rest_route=%2Fwp%2Fv2%2Ftags&post=1678"}],"curies":[{"name":"wp","href":"https:\/\/api.w.org\/{rel}","templated":true}]}}