{"id":1685,"date":"2016-05-30T20:27:07","date_gmt":"2016-05-30T18:27:07","guid":{"rendered":"http:\/\/pgbsosyalizm.org\/?p=1685"},"modified":"2016-05-30T22:32:26","modified_gmt":"2016-05-30T20:32:26","slug":"obama-avrupa-birligini-savunmak-icin-en-onsafta","status":"publish","type":"post","link":"https:\/\/pgbsosyalizm.org\/?p=1685","title":{"rendered":"Obama Avrupa Birli\u011fi&#8217;ni savunmak i\u00e7in en \u00f6nsafta"},"content":{"rendered":"<p style=\"text-align: left;\">[Fransa Ba\u011f\u0131ms\u0131z Demokratik \u0130\u015f\u00e7i Partisi&#8217;nin (POID) haftal\u0131k yay\u0131nlanan <strong>Workers&#8217; Tribune<\/strong> (\u0130\u015f\u00e7i K\u00fcrs\u00fcs\u00fc) gazetesinin 36. say\u0131s\u0131 &#8211; Uluslararas\u0131 G\u00fcnl\u00fck]<\/p>\n<p style=\"text-align: left;\"><strong>&#8212; Fran\u00e7ois Forgue<\/strong><\/p>\n<p style=\"text-align: left;\">ABD ba\u015fkan\u0131 Barack Obama 22 Nisan\u2019da Londra\u2019ya vard\u0131. Derhal, diplomatik gelene\u011fi\u00a0de \u00e7i\u011fneyerek ve hatta bas\u0131n\u0131n fikrini sormas\u0131n\u0131 bile beklemeden, \u0130ngiliz\u00a0se\u00e7menlere 23 Haziran&#8217;daki referandumda sorulacak olan \u201c<em>\u0130ngiltere AB\u2019de kals\u0131n m\u0131, ayr\u0131ls\u0131n m\u0131?<\/em>\u201d sorusuna vermeleri gereken cevab\u0131 dikte etti.<\/p>\n<p style=\"text-align: left;\">Obama\u2019ya g\u00f6re, AB i\u00e7inde kalmak istiyoruz demeleri onlar\u0131n g\u00f6reviydi. E\u011fer bunu\u00a0yapmazlarsa, Obama \u201c<em>\u0130ngiltere ve ABD aras\u0131nda yap\u0131lacak olan ticari anla\u015fman\u0131n\u00a0s\u0131ran\u0131n sonuna at\u0131laca\u011f\u0131<\/em>\u201d konusunda uyard\u0131. <em>(Financial Times<\/em>, 23 Nisan).<\/p>\n<p style=\"text-align: left;\">Obama\u2019n\u0131n pervas\u0131zl\u0131\u011f\u0131, Avrupa Birli\u011fi gerici yap\u0131s\u0131na ayr\u0131lma y\u00f6n\u00fcnde oy kullanarak\u00a0indirilecek bir darbenin t\u00fcm d\u00fcnya d\u00fczenine bir tehdit olu\u015fturaca\u011f\u0131 ger\u00e7e\u011finin alt\u0131n\u0131\u00a0\u00e7iziyor. Dolay\u0131s\u0131yla, \u0130ngiltere se\u00e7menlerine her t\u00fcrl\u00fc otorite\u00a0ve kurum &#8211; h\u00fck\u00fcmet\u00a0ba\u015fkanlar\u0131, IMF, Londra City <sup><a href=\"#footnote_1_1685\" id=\"identifier_1_1685\" class=\"footnote-link footnote-identifier-link\" title=\"&ccedil;ev.- Londra Borsas\u0131&rsquo;n\u0131n da bulundu\u011fu d&uuml;nya finans merkezi\">1<\/a><\/sup> ve ayr\u0131ca Avrupa i\u015f\u00e7ileri ad\u0131na konu\u015fma hakk\u0131\u00a0oldu\u011funu iddia eden &#8220;Avrupa Sendikalar Birli\u011fi&#8221; olarak yanl\u0131\u015f adland\u0131r\u0131lan ETUC &#8211; taraf\u0131ndan verilen buyruklar \u015fu mesaj\u0131 iyice vurguluyor: &#8220;Obama ve Cameron&#8217;un emirlerine\u00a0itaat etmelisiniz.&#8221;<\/p>\n<p style=\"text-align: left;\">Bu geni\u015f seferberlik i\u00e7inde, son durak, Avrupa Birli\u011fi\u2019yle ba\u011flar\u0131n korunmas\u0131 i\u00e7in\u00a0\u00e7a\u011fr\u0131da bulunan \u0130ngiltere ve ba\u015fka yerlerdeki i\u015f\u00e7i hareketi \u00f6nderleri\u00a0taraf\u0131ndan temsil ediliyor. S\u00fcrekli tekrar edilen arg\u00fcman \u015fu: Muhafazakar Parti\u2019nin en gerici unsurlar\u0131 olan\u00a0yabanc\u0131 d\u00fc\u015fman\u0131 ve fa\u015fist a\u015f\u0131r\u0131-sa\u011f \u0130ngiltere\u2019nin AB\u2019den ayr\u0131lmas\u0131 \u00e7a\u011fr\u0131s\u0131n\u0131\u00a0yap\u0131yor.<\/p>\n<p style=\"text-align: left;\">Elbette, referandum, siyasi\u00a0demokrasinin son derece indirgenmi\u015f bir\u00a0formudur \u00e7\u00fcnk\u00fc se\u00e7menler,\u00a0k\u00f6kten kar\u015f\u0131t politik g\u00fc\u00e7lerin tamamen farkl\u0131 nedenlerle ayn\u0131 yan\u0131t\u0131 verebilecekleri bir\u00a0soruya \u201cEvet\u201d ya da \u201cHay\u0131r\u201d cevab\u0131 vermeye \u00e7a\u011fr\u0131l\u0131r.<\/p>\n<p style=\"text-align: left;\">Asl\u0131nda, referandumlar\u0131n \u00e7o\u011fu zaman onlar\u0131 d\u00fczenleyenlerin lehine d\u00f6nmesinin temel nedeni de\u00a0budur. Durum bu olmad\u0131\u011f\u0131nda, referandum derin bir krizin i\u015faretidir. General de\u00a0Gaulle\u2019\u00fcn korporatist projesinin birle\u015fik bir \u201cHay\u0131r\u201d oyu seferberli\u011fi sayesinde\u00a0yenildi\u011fi 1969 y\u0131l\u0131nda Fransa\u2019da olan da buydu. Bu seferberlik karar\u0131n\u0131 ilk olarak Force\u00a0Ouvri\u00e8re sendika konfederasyonu alm\u0131\u015f ve CGT\u2019de karara uymu\u015ftu.<\/p>\n<p style=\"text-align: left;\">Burjuvazinin t\u00fcm kesimlerinin \u2013\u201cFransa Cezayir\u201di konusunda nostaljik bir \u00f6zlem i\u00e7inde\u00a0olanlar\u0131 da dahil- kendine \u00f6zg\u00fc nedenlerle \u201cHay\u0131r\u201d oyu i\u00e7in \u00e7a\u011fr\u0131 yapm\u0131\u015f olmas\u0131, halk\u0131n\u00a0i\u015f\u00e7i s\u0131n\u0131f\u0131n\u0131n \u00e7\u0131karlar\u0131n\u0131n nerede yatt\u0131\u011f\u0131n\u0131 net bir bi\u00e7imde g\u00f6rmesine engel olmam\u0131\u015ft\u0131.<\/p>\n<p style=\"text-align: left;\">Ayn\u0131 \u015fey bug\u00fcn \u0130ngiltere i\u00e7in ge\u00e7erli. Cameron&#8217;un gerici h\u00fck\u00fcmetinin yenilmesi ve AB\u00a0kurumlar\u0131n\u0131n reddedilmesi i\u015f\u00e7i s\u0131n\u0131f\u0131n\u0131n \u00e7\u0131kar\u0131nad\u0131r.<\/p>\n<p style=\"text-align: left;\">Bu nedenle, t\u00fcm Avrupa\u2019da i\u015f\u00e7i s\u0131n\u0131f\u0131n\u0131n \u00e7\u0131karlar\u0131n\u0131 ve onun \u00f6rg\u00fctl\u00fcl\u00fcklerinin\u00a0ba\u011f\u0131ms\u0131zl\u0131\u011f\u0131n\u0131 savunanlar, AB\u2019den ayr\u0131lmak i\u00e7in \u00e7a\u011fr\u0131 yapan Britanya i\u015f\u00e7i\u00a0hareketinin t\u00fcm kesimlerine ko\u015fulsuz desteklerini sunmaktad\u0131r.<\/p>\n<ol class=\"footnotes\"><li id=\"footnote_1_1685\" class=\"footnote\">\u00e7ev.- Londra Borsas\u0131\u2019n\u0131n da bulundu\u011fu d\u00fcnya finans merkezi<span class=\"footnote-back-link-wrapper\">[<a href=\"#identifier_1_1685\" class=\"footnote-link footnote-back-link\">&#8617;<\/a>]<\/span><\/li><\/ol>","protected":false},"excerpt":{"rendered":"<p>[Fransa Ba\u011f\u0131ms\u0131z Demokratik \u0130\u015f\u00e7i Partisi&#8217;nin (POID) haftal\u0131k yay\u0131nlanan Workers&#8217; Tribune (\u0130\u015f\u00e7i K\u00fcrs\u00fcs\u00fc) gazetesinin 36. say\u0131s\u0131 &#8211; Uluslararas\u0131 G\u00fcnl\u00fck] &#8212; Fran\u00e7ois Forgue ABD ba\u015fkan\u0131 Barack Obama 22 Nisan\u2019da Londra\u2019ya vard\u0131. Derhal, diplomatik gelene\u011fi\u00a0de \u00e7i\u011fneyerek ve hatta bas\u0131n\u0131n fikrini sormas\u0131n\u0131 bile beklemeden, \u0130ngiliz\u00a0se\u00e7menlere 23 Haziran&#8217;daki referandumda sorulacak olan \u201c\u0130ngiltere AB\u2019de kals\u0131n m\u0131, ayr\u0131ls\u0131n m\u0131?\u201d sorusuna vermeleri gereken [&hellip;]<\/p>\n","protected":false},"author":1,"featured_media":0,"comment_status":"closed","ping_status":"closed","sticky":false,"template":"","format":"standard","meta":{"footnotes":""},"categories":[1,310],"tags":[301,283,311,303,53],"class_list":["post-1685","post","type-post","status-publish","format-standard","hentry","category-uncategorized","category-21-sayi-30-mayis-2016","tag-brexit","tag-britanya","tag-francois-forgue","tag-obama","tag-onsayfa"],"_links":{"self":[{"href":"https:\/\/pgbsosyalizm.org\/index.php?rest_route=\/wp\/v2\/posts\/1685","targetHints":{"allow":["GET"]}}],"collection":[{"href":"https:\/\/pgbsosyalizm.org\/index.php?rest_route=\/wp\/v2\/posts"}],"about":[{"href":"https:\/\/pgbsosyalizm.org\/index.php?rest_route=\/wp\/v2\/types\/post"}],"author":[{"embeddable":true,"href":"https:\/\/pgbsosyalizm.org\/index.php?rest_route=\/wp\/v2\/users\/1"}],"replies":[{"embeddable":true,"href":"https:\/\/pgbsosyalizm.org\/index.php?rest_route=%2Fwp%2Fv2%2Fcomments&post=1685"}],"version-history":[{"count":10,"href":"https:\/\/pgbsosyalizm.org\/index.php?rest_route=\/wp\/v2\/posts\/1685\/revisions"}],"predecessor-version":[{"id":1701,"href":"https:\/\/pgbsosyalizm.org\/index.php?rest_route=\/wp\/v2\/posts\/1685\/revisions\/1701"}],"wp:attachment":[{"href":"https:\/\/pgbsosyalizm.org\/index.php?rest_route=%2Fwp%2Fv2%2Fmedia&parent=1685"}],"wp:term":[{"taxonomy":"category","embeddable":true,"href":"https:\/\/pgbsosyalizm.org\/index.php?rest_route=%2Fwp%2Fv2%2Fcategories&post=1685"},{"taxonomy":"post_tag","embeddable":true,"href":"https:\/\/pgbsosyalizm.org\/index.php?rest_route=%2Fwp%2Fv2%2Ftags&post=1685"}],"curies":[{"name":"wp","href":"https:\/\/api.w.org\/{rel}","templated":true}]}}