{"id":1718,"date":"2016-06-19T12:44:49","date_gmt":"2016-06-19T10:44:49","guid":{"rendered":"http:\/\/pgbsosyalizm.org\/?p=1718"},"modified":"2016-06-20T12:48:38","modified_gmt":"2016-06-20T10:48:38","slug":"britanyanin-abden-cikisi-icin-enternasyonal-toplanti","status":"publish","type":"post","link":"https:\/\/pgbsosyalizm.org\/?p=1718","title":{"rendered":"Britanya&#8217;n\u0131n AB&#8217;den \u00e7\u0131k\u0131\u015f\u0131 i\u00e7in Enternasyonal Toplant\u0131"},"content":{"rendered":"<p><!-- Embed Container --><\/p>\n<div class='embed-container'><iframe loading=\"lazy\" width=\"1140\" height=\"641\" src=\"https:\/\/www.youtube.com\/embed\/TIRyd170ebQ?feature=oembed\" frameborder=\"0\" allowfullscreen><\/iframe><\/div>\n<p>\t<!--\/\/end embed-container--><\/p>\n<h4 align=\"left\">Videoda yer alan konu\u015fmac\u0131lar:<\/h4>\n<p><span class=\"mimi-ul\"><span class=\"mimi-bullet\">\u25aa <\/span><strong>HE\u0130NZ-WERNER SCHUSTER<\/strong> &#8211; Ver.di sendikac\u0131s\u0131, SPD D\u00fcsseldorf \u0130\u015f\u00e7i Komisyonu \u00fcyesi, Almanya<br \/>\n<span class=\"mimi-bullet\">\u25aa <\/span><strong>STEVE HEDLEY<\/strong> &#8211; Britanya Deniz ve Demiryolu \u0130\u015f\u00e7ileri Federasyonu (RMT) Genel Sekreter Yard\u0131mc\u0131s\u0131<br \/>\n<span class=\"mimi-bullet\">\u25aa <\/span><strong>CLAUDE CHARMONT<\/strong> &#8211; 17 May\u0131s tarihinden bu yana FO ve CGT sendikalar\u0131 i\u015f\u00e7ilerinin birlik halinde grevde olduklar\u0131 RP rafinerisindeki B\u00fcy\u00fck Kuyular mevkiindeki Seine et Marne B\u00f6lgesi sendika militan\u0131, Fransa<br \/>\n<span class=\"mimi-bullet\">\u25aa <\/span><strong>PANAG\u0130OT\u0130S TASSOPOULOS<\/strong> &#8211; \u00d6\u011frenci, LAE (Halk Birli\u011fi) partisi militan\u0131, Yunanistan<br \/>\n<span class=\"mimi-bullet\">\u25aa <\/span><strong>KLAUS SCH\u00dcLLER<\/strong> &#8211; SPD\u2019nin Th\u00fcringen Eyaleti \u0130\u015f\u00e7i Komisyonu \u00fcyesi, demiryolu i\u015f\u00e7isi, sendikac\u0131, Almanya<br \/>\n<span class=\"mimi-bullet\">\u25aa <\/span><strong>PAUL\u0130NE GEORGES<\/strong> &#8211; SNCF sendikas\u0131 militan\u0131, Fransa<br \/>\n<span class=\"mimi-bullet\">\u25aa <\/span><strong>DAR\u0130O GRANAGL\u0130A<\/strong> &#8211; FIOM -CGIL sendikas\u0131 (metalurji) delegesi, Turin-\u0130talya<br \/>\n<span class=\"mimi-bullet\">\u25aa <\/span><strong>MAR\u0130E-LUCE MOULY<\/strong> &#8211; Ocak 2016&#8217;ya kadar Sol Parti&#8217;nin Eure-et-Loir E\u015f-sekreteri, Fransa<br \/>\n<span class=\"mimi-bullet\">\u25aa <\/span><strong>ROBERTO G\u0130ORROCCO<\/strong> &#8211; Flaman-Valon birlik komitesi \u00fcyesi, Bel\u00e7ika<br \/>\n<span class=\"mimi-bullet\">\u25aa <\/span><strong>ALEX GORDON<\/strong> &#8211; Demiryolu i\u015f\u00e7isi, Lexit (Left+exit) Kampanyas\u0131 ile sendikac\u0131lar aras\u0131ndaki ba\u011f\u0131 kurmakla g\u00f6revli eski sorumlu, Britanya<br \/>\n<span class=\"mimi-bullet\">\u25aa <\/span><strong>DAN\u0130EL GLUCKSTE\u0130N<\/strong> &#8211; Ba\u011f\u0131ms\u0131z Demokratik \u0130\u015f\u00e7i Partisi (PO\u0130D) Genel Sekreteri, Fransa<\/span><\/p>\n","protected":false},"excerpt":{"rendered":"<p>Videoda yer alan konu\u015fmac\u0131lar: \u25aa HE\u0130NZ-WERNER SCHUSTER &#8211; Ver.di sendikac\u0131s\u0131, SPD D\u00fcsseldorf \u0130\u015f\u00e7i Komisyonu \u00fcyesi, Almanya \u25aa STEVE HEDLEY &#8211; Britanya Deniz ve Demiryolu \u0130\u015f\u00e7ileri Federasyonu (RMT) Genel Sekreter Yard\u0131mc\u0131s\u0131 \u25aa CLAUDE CHARMONT &#8211; 17 May\u0131s tarihinden bu yana FO ve CGT sendikalar\u0131 i\u015f\u00e7ilerinin birlik halinde grevde olduklar\u0131 RP rafinerisindeki B\u00fcy\u00fck Kuyular mevkiindeki Seine et [&hellip;]<\/p>\n","protected":false},"author":1,"featured_media":0,"comment_status":"closed","ping_status":"closed","sticky":false,"template":"","format":"standard","meta":{"footnotes":""},"categories":[49],"tags":[319,278,277,301,283,315,53,302],"class_list":["post-1718","post","type-post","status-publish","format-standard","hentry","category-c43-duyurular","tag-23-haziran","tag-ab","tag-avrupa-birligi","tag-brexit","tag-britanya","tag-ingiltere","tag-onsayfa","tag-referandum"],"_links":{"self":[{"href":"https:\/\/pgbsosyalizm.org\/index.php?rest_route=\/wp\/v2\/posts\/1718","targetHints":{"allow":["GET"]}}],"collection":[{"href":"https:\/\/pgbsosyalizm.org\/index.php?rest_route=\/wp\/v2\/posts"}],"about":[{"href":"https:\/\/pgbsosyalizm.org\/index.php?rest_route=\/wp\/v2\/types\/post"}],"author":[{"embeddable":true,"href":"https:\/\/pgbsosyalizm.org\/index.php?rest_route=\/wp\/v2\/users\/1"}],"replies":[{"embeddable":true,"href":"https:\/\/pgbsosyalizm.org\/index.php?rest_route=%2Fwp%2Fv2%2Fcomments&post=1718"}],"version-history":[{"count":3,"href":"https:\/\/pgbsosyalizm.org\/index.php?rest_route=\/wp\/v2\/posts\/1718\/revisions"}],"predecessor-version":[{"id":1721,"href":"https:\/\/pgbsosyalizm.org\/index.php?rest_route=\/wp\/v2\/posts\/1718\/revisions\/1721"}],"wp:attachment":[{"href":"https:\/\/pgbsosyalizm.org\/index.php?rest_route=%2Fwp%2Fv2%2Fmedia&parent=1718"}],"wp:term":[{"taxonomy":"category","embeddable":true,"href":"https:\/\/pgbsosyalizm.org\/index.php?rest_route=%2Fwp%2Fv2%2Fcategories&post=1718"},{"taxonomy":"post_tag","embeddable":true,"href":"https:\/\/pgbsosyalizm.org\/index.php?rest_route=%2Fwp%2Fv2%2Ftags&post=1718"}],"curies":[{"name":"wp","href":"https:\/\/api.w.org\/{rel}","templated":true}]}}