{"id":1724,"date":"2016-07-23T14:36:26","date_gmt":"2016-07-23T12:36:26","guid":{"rendered":"http:\/\/pgbsosyalizm.org\/?p=1724"},"modified":"2016-07-23T14:36:26","modified_gmt":"2016-07-23T12:36:26","slug":"teokratik-diktatorluk-darbesine-hayir","status":"publish","type":"post","link":"https:\/\/pgbsosyalizm.org\/?p=1724","title":{"rendered":"TEOKRAT\u0130K D\u0130KTAT\u00d6RL\u00dcK DARBES\u0130NE HAYIR!"},"content":{"rendered":"<h2 style=\"text-align: left;\">SOKA\u011eA, SINIFIN KEND\u0130 Y\u00d6NTEMLER\u0130YLE DARBEYE KAR\u015eI AKP\u2019DEN AYRI M\u00dcCADELES\u0130NE<\/h2>\n<p style=\"text-align: left;\">\n<p style=\"text-align: left;\"><strong>\u2014\u00a0\u015eadi Ozans\u00fc<\/strong><\/p>\n<p style=\"text-align: left;\">Cemaat \u00f6rg\u00fctlenmesi; 27 May\u0131s \u00fcr\u00fcn\u00fc 1961 Anayasas\u0131\u2019n\u0131n y\u00fcr\u00fcrl\u00fc\u011fe girdi\u011fi tarihten bu yana, onun topluma sundu\u011fu s\u0131n\u0131rl\u0131 da olsa b\u00fct\u00fcn kazan\u0131mlar\u0131 (d\u00fc\u015f\u00fcnce ve ifade \u00f6zg\u00fcrl\u00fc\u011f\u00fc, toplant\u0131 ve g\u00f6steri y\u00fcr\u00fcy\u00fc\u015fleri hakk\u0131, grev hakk\u0131, sendikala\u015fma hakk\u0131, toplu s\u00f6zle\u015fme hakk\u0131, din ve vicdan \u00f6zg\u00fcrl\u00fc\u011f\u00fc, vb.) ortadan kald\u0131rmak amac\u0131yla emperyalizm taraf\u0131ndan devreye sokulan bir \u00f6rg\u00fctlenmedir. Zaman\u0131nda, yani 60\u2019l\u0131 y\u0131llar\u0131n ikinci yar\u0131s\u0131nda ve 70\u2019lerde S\u00fcleyman Demirel h\u00fck\u00fcmetleri taraf\u0131ndan desteklenmi\u015ftir. Erzurum M\u00fcft\u00fcs\u00fc Fethullah G\u00fclen T\u00fcrkiye\u2019de \u201cKom\u00fcnizmle M\u00fccadele Dernekleri\u201dnin \u00f6nc\u00fcl\u00fc\u011f\u00fcn\u00fc yapm\u0131\u015f, i\u015f\u00e7i, sosyalist ve demokratik b\u00fct\u00fcn hareketlere kar\u015f\u0131 devletin yan g\u00fcc\u00fc olarak faaliyet g\u00f6stermi\u015ftir. \u00a0Daha sonra Kenan Evren askeri diktat\u00f6rl\u00fc\u011f\u00fcn\u00fcn g\u00f6z bebe\u011fi olmu\u015f, Turgut \u00d6zal ve ANAP h\u00fck\u00fcmetleri d\u00f6neminde serpilip geli\u015fmi\u015f ve geli\u015fiminin zirvesine AKP h\u00fck\u00fcmetleri d\u00f6neminde ula\u015fm\u0131\u015ft\u0131r. \u00d6zellikle AKP d\u00f6neminde rejimin geleneksel yap\u0131s\u0131n\u0131 y\u0131kmak amac\u0131yla uzunca bir s\u00fcredir zaten son derece konformistle\u015fmi\u015f Kemalist kadrolar\u0131 neredeyse t\u00fcm\u00fcyle tasfiye eden bu \u00f6rg\u00fctlenme o g\u00fcnden bu yana CIA\u2019n\u0131n denetimindeki b\u00fct\u00fcn sofistike teknolojik ara\u00e7lar\u0131 da kullanarak bug\u00fcnlere gelmi\u015ftir. Darbe giri\u015fimiyle alakal\u0131 olduklar\u0131 iddias\u0131yla bug\u00fcn itibariyle 103 general ve amiral g\u00f6zalt\u0131na al\u0131nm\u0131\u015f ve bir k\u0131sm\u0131 tutuklanmaya ba\u015flanm\u0131\u015ft\u0131r. Dikkat edilirse bu general ve amirallerin ana g\u00f6vdesini tu\u011fgeneral ve tu\u011famiraller olu\u015fturmaktad\u0131r. Yani 2010 y\u0131l\u0131 sonras\u0131nda generallik r\u00fctbesini kazanm\u0131\u015f olanlar. Bir ba\u015fka ifadeyle Ergenekon, Balyoz tutuklanmalar\u0131 s\u0131ras\u0131nda generalli\u011fe terfi edenler. \u00d6zellikle Hava ve Deniz Kuvvetlerinde o d\u00f6nemden itibaren pa\u015fal\u0131\u011fa terfi edenlerin neredeyse tamam\u0131 Cemaat kadrolar\u0131d\u0131r ve bug\u00fcnk\u00fc darbe giri\u015fiminin merkezindedirler. TSK\u2019daki toplam general ve amiral say\u0131s\u0131 yakla\u015f\u0131k 400 civar\u0131nda oldu\u011funa g\u00f6re kar\u015f\u0131m\u0131zda \u00e7ok ciddi bir yap\u0131lanma var demektir. \u00d6zellikle AKP h\u00fck\u00fcmetlerinin deste\u011fiyle bu general ve amiraller zaten en kilit noktalara yerle\u015ftirilmi\u015flerdi.<\/p>\n<h3 style=\"text-align: left;\"><strong>\u201cNas\u0131l oldu da bu noktaya gelebildiler?\u201d<\/strong><\/h3>\n<p style=\"text-align: left;\">Bu yanl\u0131\u015f bir sorudur. Yukar\u0131da yapt\u0131\u011f\u0131m\u0131z hesaplama bir ger\u00e7e\u011fi b\u00fct\u00fcn \u00e7\u0131plakl\u0131\u011f\u0131yla g\u00f6zler \u00f6n\u00fcne seriyor. Toplam i\u00e7inde y\u00fczde 25\u2019lik bir oran \u00e7ok y\u00fcksektir. Hadi b\u0131rakal\u0131m y\u00fczde 25\u2019leri TSK i\u00e7inde bug\u00fcn y\u00fczde 10\u2019luk bir merkezile\u015fmi\u015f \u00f6rg\u00fctlenme d\u00fczeyi bile bir darbe giri\u015fiminde bulunmak i\u00e7in yeterlidir.<\/p>\n<h3 style=\"text-align: left;\"><strong>\u201cNe yani bu kadar Fethullah\u00e7\u0131 m\u0131 vard\u0131?\u201d<\/strong><\/h3>\n<p style=\"text-align: left;\">\u0130\u015fte bir apolitik soru daha. TSK i\u00e7inde Fethullah\u00e7\u0131 \u00f6rg\u00fctlenmenin d\u0131\u015f\u0131nda hangi \u00f6rg\u00fctlenme vard\u0131? AKP\u2019liler mi \u00f6rg\u00fctl\u00fcyd\u00fc? Millici solcular ya da bir ba\u015fka ifadeyle Kemalistler mi \u00f6rg\u00fctl\u00fcyd\u00fc? Bu ikinciler zaten be\u015f alt\u0131 y\u0131l \u00f6nce tasfiye edilmemi\u015fler miydi? <strong>\u00a0<\/strong>Dolay\u0131s\u0131yla TSK i\u00e7inde birileri darbe giri\u015fiminde bulunacak idiyse, bunlar\u0131n zaten Cemaat\u00e7ilerin d\u0131\u015f\u0131nda birilerinin olmas\u0131 ihtimali yoktu ki. A\u00e7\u0131kt\u0131r ki, TSK\u2019n\u0131n y\u00fcksek r\u00fctbeli subaylar\u0131n\u0131n Cemaat d\u0131\u015f\u0131nda kalanlar\u0131 zaten son derece apolitiktir. Bu durumda Cemaat\u00e7ilerin darbeye yeltenmelerine \u015fa\u015f\u0131rmak ve <strong>\u201colamaz bunlar\u0131n yan\u0131nda mutlaka Kemalistler vard\u0131r\u201d <\/strong>tekerlemesine sar\u0131lmak en az TSK\u2019n\u0131n apolitik subaylar\u0131 kadar apolitik olmak anlam\u0131na gelir. Bir hat\u0131rlatmada bulunmadan yapamayaca\u011f\u0131m: Bug\u00fcn Hava kuvvetlerinin neredeyse tamam\u0131n\u0131n \u2013yakla\u015f\u0131k 600 pilotun- Cemaat\u00e7ilerin kontrol\u00fcnde oldu\u011fu s\u00f6yleniyor. Peki bunda, bundan birka\u00e7 sene \u00f6nce Balyoz ve Ergenekon operasyonlar\u0131n\u0131 protesto ederek TSK\u2019dan ayr\u0131larak \u00f6zel hava yolu \u015firketlerinde daha dolgun \u00fccretlerle \u00e7al\u0131\u015fmaya y\u00f6nelen en az 250 civar\u0131nda ulusalc\u0131 ya da solcu pilotun ya da onlar\u0131n TSK\u2019dan ayr\u0131lmas\u0131na ses \u00e7\u0131kartmayan \u00fcstlerinin hi\u00e7 mi pay\u0131 yok san\u0131yorsunuz? Cemaat TSK i\u00e7inde bir \u00fcye kazanmak i\u00e7in illegal faaliyetle y\u0131llar\u0131n\u0131 verirken, siz bir \u00e7\u0131rp\u0131da ka\u00e7\u0131p gidiyorsan\u0131z bunun vebalini \u00f6deyeceksiniz demektir. Kimse kimseyi kand\u0131rmas\u0131n bu teokratik darbe giri\u015fimi G\u00fclen cemaatinin eseridir.<\/p>\n<h3 style=\"text-align: left;\"><strong>ABD hen\u00fcz haz\u0131r de\u011fildi<\/strong><\/h3>\n<p style=\"text-align: left;\">G\u00fclen Cemaatinin bu darbe giri\u015fimde tam bu s\u0131rada bulunmas\u0131n\u0131n iki nedeni olmal\u0131: Birincisi kendini g\u00fc\u00e7l\u00fc, Erdo\u011fan\u2019\u0131 ise emperyalizmle ili\u015fkilerinde zay\u0131flam\u0131\u015f g\u00f6rmesi olabilir. Ama tabii daha ger\u00e7ek\u00e7i olansa M\u0130T\u2019ten istihbarat alan Erdo\u011fan\u2019\u0131n Cemaat\u2019in TSK dahil her kanad\u0131na darbe vurmaya haz\u0131rlanm\u0131\u015f olmas\u0131n\u0131n fark edilmesi ve premat\u00fcre do\u011fuma gidilmesidir. ABD D\u0131\u015fi\u015fleri Bakan\u0131 Kerry\u2019nin a\u00e7\u0131klamalar\u0131ndan anla\u015f\u0131lan, geli\u015fmelerden haberdar olduklar\u0131, ancak Cemaat\u2019in \u201c\u00e7ok a\u00e7\u0131k\u201d oynad\u0131\u011f\u0131, bir darbe giri\u015fiminde bulunaca\u011f\u0131n\u0131 b\u00fct\u00fcn NATO \u00fclkelerine s\u0131zd\u0131rd\u0131\u011f\u0131na ili\u015fkin serzeni\u015fte bulundu\u011fudur. Kerry \u00fcst\u00fc kapal\u0131 bir bi\u00e7imde, \u201c biz a\u00e7\u0131k \u00e7ek vermedik, ama ba\u015far\u0131l\u0131 olsalard\u0131 muhtemelen onaylard\u0131k\u201d demek istiyor. Ba\u015far\u0131s\u0131z olunca da tabii ki, \u201cbiz se\u00e7ilmi\u015f h\u00fck\u00fcmetin yan\u0131nday\u0131z\u201d diyor. \u015eu bir ger\u00e7ek ki, ABD emperyalizmi \u00e7ok s\u0131k\u0131\u015fmad\u0131k\u00e7a emir\/komuta zinciri alt\u0131nda darbeleri macerac\u0131 darbe giri\u015fimlerine tercih ediyor.<\/p>\n<h3 style=\"text-align: left;\"><strong>Teokratik darbe giri\u015fimine kar\u015f\u0131 ne yapmal\u0131?<\/strong><\/h3>\n<p style=\"text-align: left;\">AKP ve Erdo\u011fan h\u00fck\u00fcmetinin i\u015f\u00e7i hareketinin ba\u011f\u0131ms\u0131z \u00f6rg\u00fctlenmesine ili\u015fkin d\u00fc\u015fmanca politikalar\u0131n\u0131n, K\u00fcrt halk\u0131na kar\u015f\u0131 d\u00fc\u015fmanca politikalar\u0131n\u0131n, Alevilere y\u00f6nelik d\u00fc\u015fmanca mezhep\u00e7i politikalar\u0131n\u0131n, Suriye\u2019nin par\u00e7alanmas\u0131na y\u00f6nelik d\u00fc\u015fmanca politikalar\u0131n\u0131n asl\u0131nda Cemaat taraf\u0131ndan da son zamanlara kadar nas\u0131l desteklendi\u011fini gayet iyi biliyoruz. Hatta denebilir ki, Cemaat bu konularda da AKP\u2019ye bir d\u00f6nem ak\u0131l hocal\u0131\u011f\u0131 yapm\u0131\u015ft\u0131r. Bug\u00fcn baz\u0131 konularda ayr\u0131 d\u00fc\u015f\u00fcyormu\u015f gibi g\u00f6z\u00fckmesi tamamen taktik gere\u011fiydi. O kadar.<\/p>\n<p style=\"text-align: left;\">\u0130\u015f\u00e7i ve demokratik hareket Erdo\u011fan\u2019\u0131n nispeten uzun vadeli ve \u00f6nce ba\u015fkanl\u0131k sistemi ve oradan hareketle \u201calaturka fa\u015fizme\u201d ula\u015fmak isteyen anlay\u0131\u015f\u0131na kar\u015f\u0131 sonuna kadar m\u00fccadele etmek zorundad\u0131r. Ama burada bir tercih yap\u0131lmal\u0131d\u0131r. Teokratik diktat\u00f6rl\u00fck tehdidi \u015fu an daha yak\u0131c\u0131d\u0131r. <strong>\u0130\u015f\u00e7i ve demokratik hareket AKP\u2019nin ideolojik olarak Cemaat\u2019ten hi\u00e7bir farkl\u0131l\u0131k g\u00f6stermeyen kitlesinden ayr\u0131 ve ba\u011f\u0131ms\u0131z olarak teokratik darbe giri\u015fimine kar\u015f\u0131<\/strong> <strong>kitlesel bir protesto eylemi i\u00e7ine girmelidir. <\/strong>\u0130\u015f\u00e7i s\u0131n\u0131f\u0131 bu gerici darbeye kar\u015f\u0131 kendi m\u00fccadele y\u00f6ntemleriyle soka\u011fa \u00e7\u0131kmal\u0131 ve m\u00fccadeleye \u00e7a\u011fr\u0131lmal\u0131d\u0131r. Dikkat edin, AKP G\u00fclencilere kar\u015f\u0131 m\u00fccadelesinde i\u015fi \u015fova \u00e7evirmi\u015f durumdad\u0131r. \u0130\u015f\u00e7i ve demokratik hareket bu \u015fova kar\u015f\u0131 kendi s\u0131n\u0131fsal y\u00f6ntemleriyle i\u015fyerlerinden \u00e7\u0131karak m\u00fccadeleye kat\u0131lmal\u0131d\u0131r. Gerici darbelere kar\u015f\u0131 ger\u00e7ek m\u00fccadelenin yolunun nereden ge\u00e7ti\u011fi b\u00fct\u00fcn topluma g\u00f6sterilmelidir.<\/p>\n","protected":false},"excerpt":{"rendered":"<p>SOKA\u011eA, SINIFIN KEND\u0130 Y\u00d6NTEMLER\u0130YLE DARBEYE KAR\u015eI AKP\u2019DEN AYRI M\u00dcCADELES\u0130NE \u2014\u00a0\u015eadi Ozans\u00fc Cemaat \u00f6rg\u00fctlenmesi; 27 May\u0131s \u00fcr\u00fcn\u00fc 1961 Anayasas\u0131\u2019n\u0131n y\u00fcr\u00fcrl\u00fc\u011fe girdi\u011fi tarihten bu yana, onun topluma sundu\u011fu s\u0131n\u0131rl\u0131 da olsa b\u00fct\u00fcn kazan\u0131mlar\u0131 (d\u00fc\u015f\u00fcnce ve ifade \u00f6zg\u00fcrl\u00fc\u011f\u00fc, toplant\u0131 ve g\u00f6steri y\u00fcr\u00fcy\u00fc\u015fleri hakk\u0131, grev hakk\u0131, sendikala\u015fma hakk\u0131, toplu s\u00f6zle\u015fme hakk\u0131, din ve vicdan \u00f6zg\u00fcrl\u00fc\u011f\u00fc, vb.) ortadan kald\u0131rmak amac\u0131yla [&hellip;]<\/p>\n","protected":false},"author":1,"featured_media":0,"comment_status":"closed","ping_status":"closed","sticky":false,"template":"","format":"standard","meta":{"footnotes":""},"categories":[50],"tags":[320,323,286,322,321,53,154,324],"class_list":["post-1724","post","type-post","status-publish","format-standard","hentry","category-c44-bildiriler","tag-15-subat","tag-akp","tag-darbe","tag-fethullah-gulen","tag-gulen","tag-onsayfa","tag-sadi-ozansu","tag-teokratik-darbe"],"_links":{"self":[{"href":"https:\/\/pgbsosyalizm.org\/index.php?rest_route=\/wp\/v2\/posts\/1724","targetHints":{"allow":["GET"]}}],"collection":[{"href":"https:\/\/pgbsosyalizm.org\/index.php?rest_route=\/wp\/v2\/posts"}],"about":[{"href":"https:\/\/pgbsosyalizm.org\/index.php?rest_route=\/wp\/v2\/types\/post"}],"author":[{"embeddable":true,"href":"https:\/\/pgbsosyalizm.org\/index.php?rest_route=\/wp\/v2\/users\/1"}],"replies":[{"embeddable":true,"href":"https:\/\/pgbsosyalizm.org\/index.php?rest_route=%2Fwp%2Fv2%2Fcomments&post=1724"}],"version-history":[{"count":3,"href":"https:\/\/pgbsosyalizm.org\/index.php?rest_route=\/wp\/v2\/posts\/1724\/revisions"}],"predecessor-version":[{"id":1727,"href":"https:\/\/pgbsosyalizm.org\/index.php?rest_route=\/wp\/v2\/posts\/1724\/revisions\/1727"}],"wp:attachment":[{"href":"https:\/\/pgbsosyalizm.org\/index.php?rest_route=%2Fwp%2Fv2%2Fmedia&parent=1724"}],"wp:term":[{"taxonomy":"category","embeddable":true,"href":"https:\/\/pgbsosyalizm.org\/index.php?rest_route=%2Fwp%2Fv2%2Fcategories&post=1724"},{"taxonomy":"post_tag","embeddable":true,"href":"https:\/\/pgbsosyalizm.org\/index.php?rest_route=%2Fwp%2Fv2%2Ftags&post=1724"}],"curies":[{"name":"wp","href":"https:\/\/api.w.org\/{rel}","templated":true}]}}