{"id":1731,"date":"2016-07-28T21:25:00","date_gmt":"2016-07-28T19:25:00","guid":{"rendered":"http:\/\/pgbsosyalizm.org\/?p=1731"},"modified":"2016-07-28T21:25:00","modified_gmt":"2016-07-28T19:25:00","slug":"iste-kontrgerilla-haydi-mucadeleye","status":"publish","type":"post","link":"https:\/\/pgbsosyalizm.org\/?p=1731","title":{"rendered":"\u0130\u015fte KONTRGER\u0130LLA! Haydi m\u00fccadeleye!"},"content":{"rendered":"<p><strong>\u2014 \u015eadi Ozans\u00fc (\u0130KP Genel Ba\u015fkan\u0131)<\/strong><\/p>\n<p><strong>\u00a0<\/strong><\/p>\n<p>15 Temmuz: \u0130\u015fte T\u00fcrkiye\u2019nin devrimci hareketlerinin 12 Mart 1971\u2019den bu yana hakl\u0131 olarak l\u00e2netle and\u0131klar\u0131 ABD emperyalizminin eli kanl\u0131 istihbarat \u00f6rg\u00fct\u00fc CIA\u2019n\u0131n d\u00fcnyan\u0131n her \u00fclkesinde uzant\u0131s\u0131 olan <strong>Kontrgerilla<\/strong> \u00f6rg\u00fctlenmesinin T\u00fcrkiye seksiyonu a\u00e7\u0131\u011fa \u00e7\u0131kt\u0131! Ba\u015fka bir deyi\u015fle kendini de\u015fifre etti, yani \u00f6nemli bir b\u00f6l\u00fcm\u00fcyle art\u0131k legal oldu! Daha 12 Mart muht\u0131ras\u0131n\u0131n biraz \u00f6ncesine, yani 1966 y\u0131l\u0131na uzand\u0131\u011f\u0131m\u0131zda bu kar\u015f\u0131-devrimci \u00f6rg\u00fctlenmenin \u00f6n belirtileriyle Tabii Senat\u00f6r Haydar Tun\u00e7kanat\u2019\u0131n kendi ad\u0131yla an\u0131lan raporunda tan\u0131\u015ft\u0131yd\u0131k. Tun\u00e7kanat bu raporunda o s\u0131ralar CIA\u2019n\u0131n T\u00fcrkiye\u2019deki faaliyetlerini \u00f6zetlerken, \u00fclkede geli\u015fmekte olan ABD emperyalizmi aleyhtarl\u0131\u011f\u0131n\u0131 sonland\u0131rabilmek amac\u0131yla CIA\u2019n\u0131n haz\u0131rlad\u0131\u011f\u0131 birka\u00e7 y\u00fcz ki\u015filik bir liste yay\u0131nlad\u0131yd\u0131. Tun\u00e7kanat bu listede yer alan insanlar\u0131n k\u0131sa vadede \u201csolculuk\u201dtan vazge\u00e7irilmesi ya da saf de\u011fi\u015ftirtilmesi, bu yap\u0131lamazsa en az\u0131ndan \u201cn\u00f6tralize\u201d edilmesi gerekti\u011finin d\u00fc\u015f\u00fcn\u00fcld\u00fc\u011f\u00fcn\u00fc yaz\u0131yordu. Aradan \u00e7ok uzun bir s\u00fcre ge\u00e7meden Tun\u00e7kanat\u2019\u0131n t\u00fcm\u00fcyle hakl\u0131 \u00e7\u0131kt\u0131\u011f\u0131 anla\u015f\u0131ld\u0131: Aralar\u0131nda o zamanlar CHP\u2019nin \u201cparlak\u201d hatiplerinden Turhan Feyzio\u011flu\u2019ndan T\u0130P\u2019in \u201cdeli fi\u015fek\u201d milletvekili \u00c7etin Altan\u2019a kadar uzanan bir listeydi s\u00f6z konusu olan. Turhan Fevzio\u011flu bu rapordan \u00e7ok k\u0131sa bir s\u00fcre sonra B\u00fclent Ecevit\u2019i bile \u201ckom\u00fcnistlikle\u201d su\u00e7layarak CHP\u2019den ayr\u0131l\u0131p daha sonra da 12 Mart m\u00fcdahalesini destekleyen bir parti kurdu. \u00c7etin Altan ve \u00e7ocuklar\u0131n\u0131n \u201cgeli\u015fimlerini\u201d ise daha sonra hep birlikte izledik.<\/p>\n<h3><strong>\u201cKanl\u0131 Pazar\u201d 1969\u2019dan 15 Temmuz Darbesi\u2019ne<\/strong><\/h3>\n<p>1968\u2019de Bursa \u0130neg\u00f6l\u2019de \u2013 Demirel\u2019in Adalet Partisi H\u00fck\u00fcmeti iktidarda- daha sonra ad\u0131 T\u00d6B-DER olacak olan T\u00fcrkiye \u00d6\u011fretmenler Sendikas\u0131 T\u00d6S\u2019\u00fcn lokaline, ba\u015f\u0131n\u0131 i\u00e7inde Fethullah G\u00fclen\u2019in de yer ald\u0131\u011f\u0131 \u201cKom\u00fcnizmle M\u00fccadele Dernekleri\u201dnin \u00e7ekti\u011fi kanl\u0131 bir sald\u0131r\u0131 ger\u00e7ekle\u015fti. Ama bu derne\u011fin esas eylemi \u00a0tarihe <strong>Kanl\u0131 Pazar<\/strong> olarak ge\u00e7ecek olan 1969 y\u0131l\u0131ndaki Taksim eylemidir. O tarihte Amerikan 6. Filosunu protesto eden insanlar Taksim\u2019de, \u00f6nemli bir b\u00f6l\u00fcm\u00fc ba\u015fta Bursa olmak \u00fczere \u015fehir d\u0131\u015f\u0131ndan getirilmi\u015f bir yobaz s\u00fcr\u00fcs\u00fcn\u00fcn sald\u0131r\u0131s\u0131na u\u011frad\u0131lar ve aralar\u0131ndan ikisi b\u0131\u00e7aklanarak \u00f6ld\u00fcr\u00fcld\u00fc. Bu a\u00e7\u0131k\u00e7a ABD emperyalizmini savunmak i\u00e7in yap\u0131lm\u0131\u015f bir eylemdi ve Cemaat\u2019in kontrgerillala\u015fmaya ba\u015flamas\u0131 ya da CIA\u2019dan a\u00e7\u0131k destek almaya ba\u015flamas\u0131yd\u0131. Sonra 12 Mart rejimine tan\u0131k olduk. Bu rejim di\u011fer b\u00fct\u00fcn tarikat\u00e7\u0131 \u00f6rg\u00fctlenmelere sald\u0131r\u0131rken G\u00fclen Cemaatine pek dokunmad\u0131. Ecevit CHP\u2019nin 1973 y\u0131l\u0131 se\u00e7im kampanyas\u0131n\u0131 \u201cKontrgerilladan hesap soraca\u011f\u0131z!\u201d diye y\u00fcr\u00fctt\u00fc. H\u00fck\u00fcmet olur olmaz bu s\u00f6zlerini unuttu. K\u0131br\u0131s sava\u015f\u0131 oldu: ABD T\u00fcrk H\u00fck\u00fcmetine afyon ambargosu koydu. Arada 1 May\u0131s 1977 ya\u015fand\u0131. Abdi \u0130pek\u00e7i \u00f6ld\u00fcr\u00fcld\u00fc, katili hapisten ka\u00e7\u0131r\u0131ld\u0131. \u00dclkenin say\u0131s\u0131z ayd\u0131n\u0131, sendikac\u0131s\u0131, devrimcisi kontrgerilla sald\u0131r\u0131lar\u0131nda ya\u015famlar\u0131n\u0131 yitirdiler ve 12 Eyl\u00fcl 1980\u2019e geldik. CIA b\u00fct\u00fcn kontrgerilla faaliyetlerini G\u00fclen Cemaati \u00fczerinden y\u00fcr\u00fctmeye ba\u015flad\u0131. Bu sayede iki avantaj elde ediyordu. Birincisi inan\u0131lmaz say\u0131da yerel ajana\/casusa ula\u015f\u0131yordu (herhalde ajanlar\u0131n\u0131 ABD vatanda\u015flar\u0131ndan se\u00e7meyecekti, onlar sadece istasyon \u015fefleri olurlard\u0131), ikincisi Cemaat\u2019in mali kaynaklar\u0131n\u0131n kullan\u0131m\u0131 sayesinde on binlerce casusuna para vermek zorunda kalm\u0131yordu. Yani bir ta\u015fla iki ku\u015f! Bu arada U\u011fur Mumcu, \u00c7etin Eme\u00e7 \u00f6ld\u00fcr\u00fcld\u00fc. \u0130stanbul Gazi olaylar\u0131nda 26 yurtta\u015f katledildi. Tansu \u00c7iller H\u00fck\u00fcmeti s\u0131ras\u0131nda Mehmet A\u011far\u2019\u0131n ifadesiyle binlerce operasyon yap\u0131ld\u0131. \u0130stanbul\u2019un g\u00f6be\u011finde K\u00fcrt gazetelerinin binalar\u0131 havaya u\u00e7uruldu. K\u00fcrtlere, Alevilere ve sosyalistlere d\u00fc\u015fmanl\u0131k had safhaya ula\u015ft\u0131. \u201cKatillerle gurur duyuldu!\u201d \u00a0K\u00fcrt illerinde say\u0131s\u0131z kontrgerilla cinayeti (faili me\u00e7huller) i\u015flendi. Musa Anter katledildi. HEP milletvekilleri hapse at\u0131ld\u0131, \u00f6ld\u00fcr\u00fcld\u00fc. \u00a0Sivas Mad\u0131mak Oteli katliam\u0131 ya\u015fand\u0131. Art\u0131k Cemaat eylemlerinde iyice pi\u015fiyordu. Hem askeriye i\u00e7inde hem poliste hem de b\u00fct\u00fcn siyasi partilerin yan\u0131 s\u0131ra yarg\u0131 ve \u00f6zellikle e\u011fitim alan\u0131ndaki \u00f6rg\u00fctlenmesini g\u00fc\u00e7lendiriyordu. \u00d6zellikle AKP H\u00fck\u00fcmetleri d\u00f6neminde <strong>Kontrgerilla <\/strong>en ileri \u00f6rg\u00fctlenme d\u00fczeyine ula\u015ft\u0131. Art\u0131k daha \u00f6nceki h\u00fck\u00fcmetler d\u00f6neminden farkl\u0131 olarak bir yan g\u00fc\u00e7 olarak faaliyet g\u00f6sterme de\u011fil, do\u011frudan kendi iktidar\u0131n\u0131 kurmay\u0131 isteme noktas\u0131na geldi. \u0130\u015fte 15 Temmuz tam bu noktad\u0131r. AKP H\u00fck\u00fcmetinin ve Erdo\u011fan\u2019\u0131n bu aciz noktaya gelmi\u015f olmas\u0131n\u0131n nedeni her konuda y\u0131llard\u0131r Cemaat\u2019in politikalar\u0131n\u0131 izlemi\u015f olmas\u0131d\u0131r. Bu i\u00e7 politikada oldu\u011fu kadar d\u0131\u015f politikada da b\u00f6yledir. Tam bu konularda de\u011fi\u015fiklik yapmaya kalkt\u0131\u011f\u0131nda \u2013 ki bunu yapmaya kalk\u0131nca Cemaatle kar\u015f\u0131 kar\u015f\u0131ya gelmek zorundayd\u0131- Kontrgerilla darbesiyle kar\u015f\u0131 kar\u015f\u0131ya kalm\u0131\u015ft\u0131r.<\/p>\n<h3><strong>\u015eimdi ne olacak?<\/strong><\/h3>\n<p>\u00dcst d\u00fczey general ve amirallerinin en az\u0131ndan \u00fc\u00e7te biri gitmi\u015f (alt r\u00fctbelerde durum daha da beter olabilir), Deniz ve Hava Kuvvetlerinin yan\u0131 s\u0131ra Jandarmas\u0131 \u00e7\u00f6km\u00fc\u015f bir orduyla kar\u015f\u0131 kar\u015f\u0131yay\u0131z. Polis Te\u015fkilat\u0131n\u0131n \u00fcst kademelerinde tasfiye daha \u00f6nce yap\u0131lm\u0131\u015f olsa da, bu te\u015fkilat kontrgerillan\u0131n kalelerinden biri olmaya devam ediyor. Yarg\u0131n\u0131n yar\u0131ya yak\u0131n\u0131, e\u011fitimin ise neredeyse hepsi Cemaat\u2019in elindedir. Sa\u011fl\u0131k ve benzeri kurumlar\u0131 saym\u0131yorum bile. B\u00fct\u00fcn siyasi partilerin i\u00e7inde, hatta y\u00f6netim kadrolar\u0131nda illegal faaliyet g\u00f6stermeye devam eden Cemaat kadrolar\u0131n\u0131n varl\u0131\u011f\u0131 bir tahmin olmaktan \u00f6tedir. \u0130\u015fte bu ko\u015fullar alt\u0131nda Tayyip Erdo\u011fan\u2019\u0131n neredeyse tek ba\u015f\u0131na \u2013 galiba yan\u0131nda g\u00fcvenebilece\u011fi bir Bekir Bozda\u011f, bir de bir ihtimal Efkan Ala kalm\u0131\u015f g\u00f6z\u00fck\u00fcyor- hareket etmek zorunda kald\u0131\u011f\u0131 bir durumda kontrgerillaya kar\u015f\u0131 ba\u015far\u0131l\u0131 bir m\u00fccadele y\u00fcr\u00fctebilmesinin imkan\u0131 var m\u0131d\u0131r? \u00c7\u00f6km\u00fc\u015f yap\u0131n\u0131n yerine kime g\u00fcvenip ne koyacakt\u0131r? Kendi yaverinin verdi\u011fi bilgiyle ikameti saptanan ve Marmaris\u2019ten\u00a0kale olarak in\u015fa ettirdi\u011fi Saray\u2019a bile gelemeyen bir cumhurba\u015fkan\u0131n\u0131n bir de tek tabanca <strong>Ba\u015fkanl\u0131k Sistemi<\/strong> istemesinin art\u0131k anla\u015f\u0131l\u0131r bir yan\u0131 kalm\u0131\u015f m\u0131d\u0131r? Dolay\u0131s\u0131yla Ba\u015fkanl\u0131k Sistemi yerine en yayg\u0131n parlamenter sistemin hayata ge\u00e7mesi b\u00fct\u00fcn toplumun kurtulu\u015fu a\u00e7\u0131s\u0131ndan bir zorunluluktur. En demokratik parlamenter sistem ancak bir<strong> Kurucu Meclis<\/strong>tir. Bu Kurucu Meclis\u2019in olu\u015fmas\u0131 i\u00e7in \u00f6nce b\u00fct\u00fcn partilerin \u2013 buna AKP de dahildir- i\u00e7indeki ve y\u00f6netimindeki illegal konumdaki Cemaat\u00e7ilerin tasfiyesi ile ba\u015flanmak zorundad\u0131r. CIA patentli kontrgerillac\u0131lar\u0131n ve onlar\u0131n uzant\u0131lar\u0131n\u0131n tasfiye edildi\u011fi bir partiler sistemiyle e\u015fit, \u00f6zg\u00fcr, hi\u00e7bir baraj\u0131n olmad\u0131\u011f\u0131 bir Kurucu Meclis se\u00e7imine gitmek tek \u00e7\u00f6z\u00fcm yoludur. Emperyalizmden ba\u011f\u0131ms\u0131z egemen bir kurucu meclis se\u00e7imi ancak her partiye e\u015fit imk\u00e2nlarla propaganda yapma f\u0131rsat\u0131 verildi\u011finde do\u011far. B\u00fct\u00fcn imk\u00e2nlar\u0131n esas olarak sadece AKP\u2019ye sunuldu\u011fu ortamda yap\u0131lacak bir se\u00e7imden do\u011fan bir meclis her zamankinden daha fazla emperyalizmin kontrol\u00fcnde bir meclis olacakt\u0131r. Tayyip Erdo\u011fan bile kendi gelece\u011fi a\u00e7\u0131s\u0131ndan sadece AKP\u2019nin milletvekillerinden olu\u015facak b\u00f6yle bir meclistense egemen bir meclisten yana olmak zorundad\u0131r.<\/p>\n<h3><strong>Sosyalist sol ne yapmal\u0131?<\/strong><\/h3>\n<p>Sosyalist sol \u00f6nce sekterlikten ve bir k\u00fc\u00e7\u00fck burjuva hastal\u0131\u011f\u0131 olan \u201csolculuk\u201dtan \u00a0vaz ge\u00e7mek zorundad\u0131r. Alaturka fa\u015fizme gidi\u015fin yolunun kesilebilmesi i\u00e7in Kontrgerillaya kar\u015f\u0131 m\u00fccadele etmek sosyalist solun olmazsa olmaz g\u00f6revidir. Kontrgerillan\u0131n kim oldu\u011fu ise art\u0131k b\u00fct\u00fcn \u00e7\u0131plakl\u0131\u011f\u0131yla ortadad\u0131r. Bu kontrgerillan\u0131n ABD emperyalizmi ve Avrupa\u2019n\u0131n belli ba\u015fl\u0131 emperyalist \u00fclkeleri taraf\u0131ndan desteklenmekte oldu\u011fu ise a\u015fik\u00e2rd\u0131r. Ancak kitleler hen\u00fcz bunun bilincinde de\u011fildirler. NATO\u2019nun ve emperyalizmin kendi d\u00fc\u015fmanlar\u0131 oldu\u011funu sosyalist solun propaganda ve ajitasyonuyla, ama esas olarak kendi deneyimleri ile \u00f6\u011frenecekler. Bu y\u00fczden emperyalizmden ba\u011f\u0131ms\u0131z egemen bir kurucu meclis \u015fiar\u0131 kitlelerin bilincinde muazzam bir ilerletici g\u00fcce sahiptir. \u00d6te yandan \u201cbiz burjuva demokrasisine kar\u015f\u0131y\u0131z, proletarya demokrasisini savunuyoruz!\u201d diyerek politika yapmaya kalk\u0131\u015fmak asl\u0131nda hi\u00e7bir \u015fey yapmamakla e\u015f anlaml\u0131d\u0131r. CHP\u2019nin mitingine kat\u0131l\u0131p kat\u0131lmamak da bu \u00e7er\u00e7evede de\u011ferlendirilmek durumundad\u0131r. Biz, proletarya demokrasisinin kitlelerce dayat\u0131ld\u0131\u011f\u0131 ko\u015fullarda burjuva demokrasisini savunman\u0131n en b\u00fcy\u00fck yanl\u0131\u015f oldu\u011funu s\u00f6yleriz. Ancak bu ko\u015fullar\u0131n hen\u00fcz do\u011fmad\u0131\u011f\u0131 ve \u00fcstelik totaliter despotizmin g\u00fcndeme geldi\u011fi durumlarda, i\u015f\u00e7i s\u0131n\u0131f\u0131n\u0131n \u00f6rg\u00fctlenmesi i\u00e7in en elveri\u015fli zeminin ise burjuva demokrasisi oldu\u011funu belirtmekten geri kalmay\u0131z. Kald\u0131 ki, kapitalist sistemin bu genel \u00e7\u00f6k\u00fc\u015f evresinde, burjuvazi, burjuva demokrasisine bile tahamm\u00fcl edemeyecek durumdad\u0131r. Yani bir\u00e7ok burjuva demokratik talep do\u011frudan devrimci talep bi\u00e7imine b\u00fcr\u00fcnebilir. Tek \u00f6rnek: Burjuva demokrasisi \u00fclkesi Fransa\u2019da h\u00fck\u00fcmet, anti-demokratik yasalar\u0131 meclisten ge\u00e7irebilmek i\u00e7in bizdeki kanun h\u00fckm\u00fcnde kararnamelerden bile daha anti-demokratik bir y\u00f6ntemle bu kanunlar\u0131 mecliste oylatmadan ge\u00e7iriyor. Meclis oylamas\u0131 gibi en basit burjuva demokratik talep \u2013 yani asl\u0131nda burjuva demokrasisi talebi- bu durumda kitleleri burjuva h\u00fck\u00fcmetlere kar\u015f\u0131 harekete ge\u00e7irip devrimci durumlar\u0131n do\u011fmas\u0131na neden olabiliyor.\u00a0 Tabii anlayana!<\/p>\n<p>K\u0131rk y\u0131ld\u0131r hesapla\u015fmak istedi\u011fimiz kontrgerilla ile hesapla\u015fmak f\u0131rsat\u0131 ilk kez \u00f6n\u00fcm\u00fcze bu \u00e7\u0131plakl\u0131kta \u00e7\u0131kt\u0131\u011f\u0131nda orta yolculuk belas\u0131ndan kurtulamay\u0131p, \u201cNe darbe, ne dikta!\u201d diyerek i\u015fi suland\u0131rmaya daha ne kadar devam edece\u011fiz? (27.07.2016)<\/p>\n","protected":false},"excerpt":{"rendered":"<p>\u2014 \u015eadi Ozans\u00fc (\u0130KP Genel Ba\u015fkan\u0131) \u00a0 15 Temmuz: \u0130\u015fte T\u00fcrkiye\u2019nin devrimci hareketlerinin 12 Mart 1971\u2019den bu yana hakl\u0131 olarak l\u00e2netle and\u0131klar\u0131 ABD emperyalizminin eli kanl\u0131 istihbarat \u00f6rg\u00fct\u00fc CIA\u2019n\u0131n d\u00fcnyan\u0131n her \u00fclkesinde uzant\u0131s\u0131 olan Kontrgerilla \u00f6rg\u00fctlenmesinin T\u00fcrkiye seksiyonu a\u00e7\u0131\u011fa \u00e7\u0131kt\u0131! Ba\u015fka bir deyi\u015fle kendini de\u015fifre etti, yani \u00f6nemli bir b\u00f6l\u00fcm\u00fcyle art\u0131k legal oldu! Daha 12 [&hellip;]<\/p>\n","protected":false},"author":1,"featured_media":0,"comment_status":"closed","ping_status":"closed","sticky":false,"template":"","format":"standard","meta":{"footnotes":""},"categories":[50],"tags":[323,158,286,332,64,53,154],"class_list":["post-1731","post","type-post","status-publish","format-standard","hentry","category-c44-bildiriler","tag-akp","tag-cemaat","tag-darbe","tag-kontrgerilla","tag-kurucu-meclis","tag-onsayfa","tag-sadi-ozansu"],"_links":{"self":[{"href":"https:\/\/pgbsosyalizm.org\/index.php?rest_route=\/wp\/v2\/posts\/1731","targetHints":{"allow":["GET"]}}],"collection":[{"href":"https:\/\/pgbsosyalizm.org\/index.php?rest_route=\/wp\/v2\/posts"}],"about":[{"href":"https:\/\/pgbsosyalizm.org\/index.php?rest_route=\/wp\/v2\/types\/post"}],"author":[{"embeddable":true,"href":"https:\/\/pgbsosyalizm.org\/index.php?rest_route=\/wp\/v2\/users\/1"}],"replies":[{"embeddable":true,"href":"https:\/\/pgbsosyalizm.org\/index.php?rest_route=%2Fwp%2Fv2%2Fcomments&post=1731"}],"version-history":[{"count":1,"href":"https:\/\/pgbsosyalizm.org\/index.php?rest_route=\/wp\/v2\/posts\/1731\/revisions"}],"predecessor-version":[{"id":1732,"href":"https:\/\/pgbsosyalizm.org\/index.php?rest_route=\/wp\/v2\/posts\/1731\/revisions\/1732"}],"wp:attachment":[{"href":"https:\/\/pgbsosyalizm.org\/index.php?rest_route=%2Fwp%2Fv2%2Fmedia&parent=1731"}],"wp:term":[{"taxonomy":"category","embeddable":true,"href":"https:\/\/pgbsosyalizm.org\/index.php?rest_route=%2Fwp%2Fv2%2Fcategories&post=1731"},{"taxonomy":"post_tag","embeddable":true,"href":"https:\/\/pgbsosyalizm.org\/index.php?rest_route=%2Fwp%2Fv2%2Ftags&post=1731"}],"curies":[{"name":"wp","href":"https:\/\/api.w.org\/{rel}","templated":true}]}}