{"id":1803,"date":"2016-12-21T12:33:46","date_gmt":"2016-12-21T10:33:46","guid":{"rendered":"http:\/\/pgbsosyalizm.org\/?p=1803"},"modified":"2016-12-21T13:03:53","modified_gmt":"2016-12-21T11:03:53","slug":"mumbay-dunya-konferansi-turkiye-delegasyonu-konusmalari-1","status":"publish","type":"post","link":"https:\/\/pgbsosyalizm.org\/?p=1803","title":{"rendered":"Mumbay D\u00fcnya Konferans\u0131 T\u00fcrkiye Delegasyonu Konu\u015fmalar\u0131-1"},"content":{"rendered":"<div class=\"module header\">\n<table width=\"100%\">\n<tbody>\n<tr>\n<td align=\"left\" width=\"530\">\n<div class=\"madmimi-header-container\">\n<h2 align=\"left\"><\/h2>\n<h2 align=\"left\">Cemal Bilgin:<\/h2>\n<\/div>\n<\/td>\n<\/tr>\n<\/tbody>\n<\/table>\n<\/div>\n<div class=\"module text\">\n<table width=\"100%\">\n<tbody>\n<tr>\n<td align=\"left\" width=\"530\">\n<div class=\"madmimi-text-container\">\n<p align=\"left\"><strong><em>\u201c\u2026sadece kendi \u00fclkelerimizde de\u011fil d\u00fcnya \u00e7ap\u0131nda birlik olmak zorunday\u0131z. Buradan bu y\u00f6nde kararlar \u00e7\u0131kartmak zorunday\u0131z. Her \u00fclkede patronlardan, onlar\u0131n h\u00fck\u00fcmetlerinden ve devletlerinden ba\u011f\u0131ms\u0131z i\u015f\u00e7i sendikalar\u0131 ve kitlesel i\u015f\u00e7i partileri in\u015fa etmek zorunday\u0131z.\u201d<\/em><\/strong><\/p>\n<p><img loading=\"lazy\" decoding=\"async\" class=\"alignnone size-full wp-image-1804\" src=\"https:\/\/pgbsosyalizm.org\/yenicms\/wp-content\/uploads\/2016\/12\/14563529_10154127341485975_8334445125825291459_n.jpg\" alt=\"\" width=\"960\" height=\"540\" srcset=\"https:\/\/pgbsosyalizm.org\/yenicms\/wp-content\/uploads\/2016\/12\/14563529_10154127341485975_8334445125825291459_n.jpg 960w, https:\/\/pgbsosyalizm.org\/yenicms\/wp-content\/uploads\/2016\/12\/14563529_10154127341485975_8334445125825291459_n-150x84.jpg 150w, https:\/\/pgbsosyalizm.org\/yenicms\/wp-content\/uploads\/2016\/12\/14563529_10154127341485975_8334445125825291459_n-300x169.jpg 300w, https:\/\/pgbsosyalizm.org\/yenicms\/wp-content\/uploads\/2016\/12\/14563529_10154127341485975_8334445125825291459_n-768x432.jpg 768w\" sizes=\"auto, (max-width: 960px) 100vw, 960px\" \/><\/p>\n<p align=\"left\"><em><strong>Sevgili karde\u015flerim,<\/strong><\/em><br \/>\nBen Cemal Bilgin. 36 ya\u015f\u0131nday\u0131m. T\u00fcrkiye\u2019den geliyorum. 15 y\u0131ll\u0131k hasta bak\u0131c\u0131y\u0131m ve bu ay Ola\u011fan\u00fcst\u00fc Hal bahane edilerek i\u015ften at\u0131ld\u0131m. \u00c7al\u0131\u015ft\u0131\u011f\u0131m yer, yar\u0131s\u0131 Avrupa k\u0131tas\u0131nda di\u011fer yar\u0131s\u0131 Asya k\u0131tas\u0131nda olan T\u00fcrkiye\u2019nin 20 milyon n\u00fcfuslu \u2013 ki bu sizin i\u00e7in \u00e7ok bir n\u00fcfus ifade etmeyebilir- en b\u00fcy\u00fck kenti olan \u0130stanbul\u2019daki bir devlet hastanesi. Burada yakla\u015f\u0131k 1000 ta\u015feron i\u015f\u00e7i olarak \u00e7al\u0131\u015f\u0131yoruz. Y\u0131llard\u0131r hi\u00e7bir sosyal g\u00fcvenceye sahip de\u011filiz. Sendika hakk\u0131m\u0131z yok. Toplu s\u00f6zle\u015fme hakk\u0131m\u0131z yok. Ge\u00e7ti\u011fimiz y\u0131llara kadar haftal\u0131k izin hakk\u0131m\u0131z dahi yoktu. Zorunlu olarak aram\u0131zda birlik olup Ta\u015f-\u0130\u015f-Der (Ta\u015feron \u0130\u015f\u00e7ileri Yard\u0131mla\u015fma ve Dayan\u0131\u015fma Derne\u011fi) ad\u0131yla bir i\u015f\u00e7i derne\u011fi kurduk. Toplu s\u00f6zle\u015fme hakk\u0131 olmad\u0131\u011f\u0131 i\u00e7in sendikan\u0131n yerini tutamayan ama birlikte eyleme imk\u00e2n sa\u011flayan bir dernektir bu. Bu derne\u011fin eylemleri sayesinde y\u0131llar sonra ilk defa haftal\u0131k \u00fccretli izin hakk\u0131m\u0131z\u0131 kazanmam\u0131z\u0131n yan\u0131 s\u0131ra y\u0131ll\u0131k \u00fccretli izin hakk\u0131m\u0131z\u0131 da kazand\u0131k. \u00d6te yandan asgari \u00fccret almaya ba\u015flad\u0131k. Ben bu derne\u011fin y\u00fcr\u00fctme kurulu \u00fcyesiyim. Bizim bu hak alma eylemlerimizden rahats\u0131z olan \u0130dare, H\u00fck\u00fcmetin ilan etti\u011fi ola\u011fan\u00fcst\u00fc hali bahane ederek beni i\u015ften att\u0131, derne\u011fin y\u00f6neticilerinden bir kad\u0131n arkada\u015f\u0131m\u0131z\u0131 da a\u00e7\u0131\u011fa ald\u0131. Ola\u011fan\u00fcst\u00fc hal yasaklamalar\u0131na ra\u011fmen protesto eylemlerimizi hastane \u00f6n\u00fcnde yapt\u0131\u011f\u0131m\u0131z ve s\u00fcreklilik kazanan kitlesel bas\u0131n a\u00e7\u0131klamalar\u0131yla s\u00fcrd\u00fcr\u00fcyoruz. H\u00fck\u00fcmetin \u015fimdilerde de\u011fi\u015ftirmek istedi\u011fi mevcut Anayasaya g\u00f6re bas\u0131n a\u00e7\u0131klamas\u0131 yapmak hala serbest. Bu eylemler s\u0131ras\u0131nda \u00e7e\u015fitli sendikalardan destek istedik. T\u00fcrkiye\u2019deki sa\u011fdan sola b\u00fct\u00fcn sendikalar WFTUC\u2019ya ba\u011fl\u0131 ETUC \u2018un \u00fcyesi. H\u00fck\u00fcmete ba\u011fl\u0131 sa\u011f sendikalar zaten hi\u00e7bir i\u015f\u00e7i kazan\u0131m\u0131n\u0131 savunmak i\u00e7in m\u00fccadele etmiyorlar. Hatta T\u00fcrkiye\u2019nin en b\u00fcy\u00fck i\u015f\u00e7i konfederasyonu T\u00dcRK-\u0130\u015e\u2019e ba\u011fl\u0131 T\u00dcRK-METAL Sendikas\u0131 gibi baz\u0131lar\u0131 mafyatik y\u00f6ntemler kullan\u0131yorlar. Bu sendikan\u0131n Genel Ba\u015fkan\u0131 ayn\u0131 zamanda T\u00dcRK-\u0130\u015e konfederasyonunun Genel Sekreteri. Bu y\u0131l bu sendikan\u0131n \u00fcyesi Renault ve Fiat Otomobil fabrikas\u0131 i\u015f\u00e7ileri aylarca i\u015f b\u0131rak\u0131p greve giderek bu sendikadan istifa edip ba\u015fka sendikaya ge\u00e7mek istediler ama H\u00fck\u00fcmet-T\u00dcRK METAL Sendikas\u0131- Renault ve Fiat\u2019\u0131n Frans\u0131z ve \u0130talyan i\u015fverenlerinin i\u015fbirli\u011fiyle i\u015f\u00e7ilerin m\u00fccadelesini \u015fimdilik k\u0131rd\u0131lar.<\/p>\n<p align=\"left\">Bizim m\u00fccadelemizle daha \u00e7ok ilgilenenler sol sendikal konfederasyonla ba\u011fl\u0131 sendikalar oldu. Ama onlar da ETUC\u2019un \u00e7izgisinden uzak d\u00fc\u015fmek istemeyen sendikalar olduklar\u0131ndan korporatist bir anlay\u0131\u015fa tam anlam\u0131yla sahip olmasalar da ge\u00e7mi\u015f y\u0131llar\u0131n b\u00fcrokratik sendikac\u0131l\u0131k anlay\u0131\u015f\u0131n\u0131n d\u0131\u015f\u0131na \u00e7\u0131kmak istemediklerinden, hem i\u015f\u00e7ilerin \u00f6nc\u00fclerine pek fazla g\u00fcvenmiyorlar hem de ETUC y\u00f6netiminin \u201cdiyalogcu\u201d ve \u201crefakat\u00e7i\u201d, yani i\u015fverenlere ve h\u00fck\u00fcmetlere destek olan sendikac\u0131l\u0131k anlay\u0131\u015f\u0131yla pek g\u00fczel uyu\u015fuyorlar. Bu y\u00fczden y\u00fcr\u00fctt\u00fc\u011f\u00fcm\u00fcz eylemler s\u0131ras\u0131nda benim s\u00f6z al\u0131p i\u015f\u00e7ilere do\u011frudan hitap etmemden rahats\u0131z oldular. Hem m\u00fccadele ediyor gibi g\u00f6z\u00fckmek hem de bir \u015fey yapmamak i\u00e7in yerlerinde duruyorlar. Koltuklar\u0131n\u0131 kaybetmek istemediklerinden \u00f6nc\u00fc i\u015f\u00e7ileri m\u00fcmk\u00fcn oldu\u011funca frenliyorlar ve sadece kendi anlay\u0131\u015flar\u0131na kazand\u0131klar\u0131nda destekliyorlar.<\/p>\n<p align=\"left\">T\u00fcrkiye\u2019de sendikal\u0131 i\u015f\u00e7i oran\u0131 y\u00fczde 3. \u0130\u015f\u00e7i s\u0131n\u0131f\u0131n\u0131n geri kalanlar\u0131 nerdeyse t\u00fcm\u00fcyle e\u011freti, g\u00fcvencesiz ko\u015fullarda \u00e7al\u0131\u015f\u0131yorlar. Gen\u00e7 n\u00fcfusta i\u015fsizlik oran\u0131 y\u00fczde 50\u2019lere var\u0131yor. \u00dcniversite mezunu i\u015fsiz say\u0131s\u0131 \u00e7ok y\u00fcksek. Sava\u015f y\u00fcz\u00fcnden \u015fu anda T\u00fcrkiye\u2019de 3,5 milyon kadar Suriyeli g\u00f6\u00e7men bulunuyor. Bunlar\u0131n \u00e7ok az bir k\u0131sm\u0131, yani nispeten paral\u0131 olanlar\u0131 Avrupa \u00fclkelerine ge\u00e7tiler, ama \u00e7o\u011funlu\u011fu bug\u00fcn T\u00fcrkiye\u2019nin b\u00fcy\u00fck kentlerinde dilencilik yap\u0131yorlar ya da asgari \u00fccretin bile \u00e7ok alt\u0131nda \u00fccretlerle \u00e7al\u0131\u015fmak zorunda kal\u0131yorlar. \u00c7ok k\u0131sa bir s\u00fcre sonra bu insanlar\u0131n b\u00fcy\u00fcmeye ba\u015flayacak \u00e7ocuklar\u0131 fuhu\u015f ve uyu\u015fturucu sekt\u00f6r\u00fcn\u00fcn kuca\u011f\u0131na d\u00fc\u015fecekler ya da d\u00fc\u015fm\u00fc\u015f durumdalar.<\/p>\n<p align=\"left\">Erdo\u011fan h\u00fck\u00fcmetleri sendikal m\u00fccadeleyi geriletip, buradan elde etti\u011fi imk\u00e2nlarla kendi yanda\u015flar\u0131n\u0131 yeni i\u015flere al\u0131yor ve dolay\u0131s\u0131yla hem bunlar\u0131n \u00fczerinde hem kendi yanda\u015flar\u0131 olmayanlar \u00fczerinde \u201ci\u015ften atar\u0131m!\u201d tehdidiyle bask\u0131 kuruyor, se\u00e7imlerde oy al\u0131yor. T\u00fcrkiye\u2019de neredeyse b\u00fct\u00fcn sanayi in\u015faat sekt\u00f6r\u00fcne d\u00f6nm\u00fc\u015f durumda. \u0130n\u015faat sekt\u00f6r\u00fcnde daha ucuz bir i\u015fg\u00fcc\u00fc oldu\u011fu i\u00e7in daha \u00e7ok K\u00fcrt i\u015f\u00e7iler istihdam ediliyor. \u00dclkenin bir di\u011fer geli\u015fkin sekt\u00f6r\u00fc olan turizmde de en pis i\u015flerde K\u00fcrt i\u015f\u00e7iler \u00e7al\u0131\u015ft\u0131r\u0131l\u0131yor. K\u00f6ylerinin, kentlerinin bombalanmas\u0131ndan ka\u00e7an K\u00fcrt gen\u00e7leri b\u00fcy\u00fck \u015fehirlerde d\u00fc\u015f\u00fck \u00fccretlerle \u00e7al\u0131\u015fmak zorunda kal\u0131yorlar. Ama bu daha d\u00fc\u015f\u00fck \u00fccrete \u00e7al\u0131\u015ft\u0131rma giri\u015fiminin sonu yok: \u015eimdilerde Suriyeli gen\u00e7ler ve hatta T\u00fcrk\u00ee Cumhuriyetlerden (K\u0131rg\u0131zistan, Tacikistan, \u00d6zbekistan gibi eski Sovyet Cumhuriyetleri) gelenler daha da d\u00fc\u015f\u00fck \u00fccretlere istihdam ediliyorlar. Ge\u00e7mi\u015fin b\u00fct\u00fcn kamu iktisadi te\u015fekk\u00fclleri y\u0131k\u0131l\u0131p onlar\u0131n yerine ya enternasyonal b\u00fcy\u00fck oteller ya da \u00e7ok b\u00fcy\u00fck al\u0131\u015fveri\u015f merkezleri a\u00e7\u0131l\u0131yor.<\/p>\n<p align=\"left\">T\u00fcrkiye\u2019nin b\u00fcy\u00fck \u015fehirleri Suudi Arabistan, Katar ve Birle\u015fik Arap Emirlikleri\u2019ne benzemeye ba\u015flad\u0131. \u0130n\u015faat sekt\u00f6r\u00fcn\u00fcn doludizgin patlamas\u0131 y\u00fcz\u00fcnden \u00e7ok b\u00fcy\u00fck g\u00f6kdelenler g\u00fcvencesiz bir bi\u00e7imde \u00e7ok k\u0131sa s\u00fcrede in\u015fa ediliyorlar. Ve bu durum muazzam i\u015f kazalar\u0131na neden oluyor. Biz bunlara art\u0131k \u201ci\u015f kazas\u0131\u201d de\u011fil \u201ci\u015f cinayetleri\u201d diyoruz.<\/p>\n<p align=\"left\"><em><strong>Sevgili karde\u015flerim,<img loading=\"lazy\" decoding=\"async\" class=\" wp-image-1775 alignright\" src=\"https:\/\/pgbsosyalizm.org\/yenicms\/wp-content\/uploads\/2016\/12\/mumbai-imza.png\" alt=\"\" width=\"254\" height=\"355\" srcset=\"https:\/\/pgbsosyalizm.org\/yenicms\/wp-content\/uploads\/2016\/12\/mumbai-imza.png 364w, https:\/\/pgbsosyalizm.org\/yenicms\/wp-content\/uploads\/2016\/12\/mumbai-imza-107x150.png 107w, https:\/\/pgbsosyalizm.org\/yenicms\/wp-content\/uploads\/2016\/12\/mumbai-imza-215x300.png 215w\" sizes=\"auto, (max-width: 254px) 100vw, 254px\" \/><\/strong><\/em><\/p>\n<p>Buraya gelip sizinle tan\u0131\u015fmaktan b\u00fcy\u00fck mutluluk duydum. Dolay\u0131s\u0131yla bu b\u00fcy\u00fck bulu\u015fmay\u0131 haz\u0131rlayan b\u00fct\u00fcn arkada\u015flara \u015f\u00fckranlar\u0131m\u0131 iletiyorum. G\u00f6r\u00fcyorum ki, d\u00fcnya i\u015f\u00e7i s\u0131n\u0131flar\u0131n\u0131n b\u00fct\u00fcn sorunlar\u0131 ortak. Art\u0131k emperyalist \u00fclke i\u015f\u00e7i s\u0131n\u0131flar\u0131yla ezilen \u00fclke i\u015f\u00e7i s\u0131n\u0131flar\u0131 aras\u0131ndaki farklar da olduk\u00e7a azalmaya ba\u015flam\u0131\u015f. \u0130nsanlar her tarafta yoksulluk ko\u015fullar\u0131nda ve giderek daha fazla i\u015fsizlikle birlikte hayatta kalma m\u00fccadelesi veriyorlar. O zaman <strong>sadece kendi \u00fclkelerimizde de\u011fil d\u00fcnya \u00e7ap\u0131nda birlik olmak zorunday\u0131z. Buradan bu y\u00f6nde kararlar \u00e7\u0131kartmak zorunday\u0131z. Her \u00fclkede patronlardan, onlar\u0131n h\u00fck\u00fcmetlerinden ve devletlerinden ba\u011f\u0131ms\u0131z i\u015f\u00e7i sendikalar\u0131 ve kitlesel i\u015f\u00e7i partileri in\u015fa etmek zorunday\u0131z.<\/strong> Bu toplant\u0131y\u0131 bunun bir ad\u0131m\u0131 olarak g\u00f6r\u00fcyor ve hepinizi yolda\u015fl\u0131k duygular\u0131mla selaml\u0131yorum. (19 Kas\u0131m 2016)<\/p>\n<\/div>\n<\/td>\n<\/tr>\n<\/tbody>\n<\/table>\n<\/div>\n","protected":false},"excerpt":{"rendered":"<p>Cemal Bilgin: \u201c\u2026sadece kendi \u00fclkelerimizde de\u011fil d\u00fcnya \u00e7ap\u0131nda birlik olmak zorunday\u0131z. Buradan bu y\u00f6nde kararlar \u00e7\u0131kartmak zorunday\u0131z. Her \u00fclkede patronlardan, onlar\u0131n h\u00fck\u00fcmetlerinden ve devletlerinden ba\u011f\u0131ms\u0131z i\u015f\u00e7i sendikalar\u0131 ve kitlesel i\u015f\u00e7i partileri in\u015fa etmek zorunday\u0131z.\u201d Sevgili karde\u015flerim, Ben Cemal Bilgin. 36 ya\u015f\u0131nday\u0131m. T\u00fcrkiye\u2019den geliyorum. 15 y\u0131ll\u0131k hasta bak\u0131c\u0131y\u0131m ve bu ay Ola\u011fan\u00fcst\u00fc Hal bahane edilerek i\u015ften [&hellip;]<\/p>\n","protected":false},"author":1,"featured_media":0,"comment_status":"closed","ping_status":"closed","sticky":false,"template":"","format":"standard","meta":{"footnotes":""},"categories":[50],"tags":[342,334,339,338,348,354,350,353,53],"class_list":["post-1803","post","type-post","status-publish","format-standard","hentry","category-c44-bildiriler","tag-cemal-bilgin","tag-mumbai","tag-mumbai-konferansi","tag-mumbay","tag-mumbay-dunya-konferansi","tag-mumbay-konferansi-turkiye-delegasyonu","tag-mumbay-manifestosu","tag-mumbay-sonuc-bildirgesi","tag-onsayfa"],"_links":{"self":[{"href":"https:\/\/pgbsosyalizm.org\/index.php?rest_route=\/wp\/v2\/posts\/1803","targetHints":{"allow":["GET"]}}],"collection":[{"href":"https:\/\/pgbsosyalizm.org\/index.php?rest_route=\/wp\/v2\/posts"}],"about":[{"href":"https:\/\/pgbsosyalizm.org\/index.php?rest_route=\/wp\/v2\/types\/post"}],"author":[{"embeddable":true,"href":"https:\/\/pgbsosyalizm.org\/index.php?rest_route=\/wp\/v2\/users\/1"}],"replies":[{"embeddable":true,"href":"https:\/\/pgbsosyalizm.org\/index.php?rest_route=%2Fwp%2Fv2%2Fcomments&post=1803"}],"version-history":[{"count":4,"href":"https:\/\/pgbsosyalizm.org\/index.php?rest_route=\/wp\/v2\/posts\/1803\/revisions"}],"predecessor-version":[{"id":1812,"href":"https:\/\/pgbsosyalizm.org\/index.php?rest_route=\/wp\/v2\/posts\/1803\/revisions\/1812"}],"wp:attachment":[{"href":"https:\/\/pgbsosyalizm.org\/index.php?rest_route=%2Fwp%2Fv2%2Fmedia&parent=1803"}],"wp:term":[{"taxonomy":"category","embeddable":true,"href":"https:\/\/pgbsosyalizm.org\/index.php?rest_route=%2Fwp%2Fv2%2Fcategories&post=1803"},{"taxonomy":"post_tag","embeddable":true,"href":"https:\/\/pgbsosyalizm.org\/index.php?rest_route=%2Fwp%2Fv2%2Ftags&post=1803"}],"curies":[{"name":"wp","href":"https:\/\/api.w.org\/{rel}","templated":true}]}}