{"id":1844,"date":"2017-04-07T00:57:30","date_gmt":"2017-04-06T22:57:30","guid":{"rendered":"http:\/\/pgbsosyalizm.org\/?p=1844"},"modified":"2017-04-07T00:57:30","modified_gmt":"2017-04-06T22:57:30","slug":"maruti-suzuki-iscileri-sendikasindan-cagri","status":"publish","type":"post","link":"https:\/\/pgbsosyalizm.org\/?p=1844","title":{"rendered":"MARUT\u0130 SUZUK\u0130 \u0130\u015e\u00c7\u0130LER\u0130 SEND\u0130KASINDAN \u00c7A\u011eRI:"},"content":{"rendered":"<p style=\"text-align: center;\"><strong>13 \u0130\u015f\u00e7i arkada\u015f\u0131m\u0131za \u00d6M\u00dcR BOYU HAP\u0130S cezas\u0131 verildi<\/strong><\/p>\n<p style=\"text-align: center;\"><strong> 13 Maruti Sendikas\u0131 \u00fcyesine sendika kurmak ve ta\u015feron sistemini kald\u0131rmak i\u00e7in verdikleri m\u00fccadeleden dolay\u0131 \u00d6M\u00dcR BOYU HAP\u0130S cezas\u0131 verildi<\/strong><\/p>\n<h2 style=\"text-align: center;\">Maruti \u0130\u015f\u00e7ilerine \u00d6zg\u00fcrl\u00fck!<\/h2>\n<div class=\"module caption combo-right\">\n<table width=\"100%\">\n<tbody>\n<tr>\n<td align=\"left\" width=\"530\">\n<div class=\"madmimi-text-container\">\n<div id=\"attachment_1845\" style=\"width: 292px\" class=\"wp-caption alignright\"><img loading=\"lazy\" decoding=\"async\" aria-describedby=\"caption-attachment-1845\" class=\"wp-image-1845\" src=\"https:\/\/pgbsosyalizm.org\/yenicms\/wp-content\/uploads\/2017\/04\/2011.jpg\" alt=\"\" width=\"282\" height=\"189\" srcset=\"https:\/\/pgbsosyalizm.org\/yenicms\/wp-content\/uploads\/2017\/04\/2011.jpg 635w, https:\/\/pgbsosyalizm.org\/yenicms\/wp-content\/uploads\/2017\/04\/2011-150x100.jpg 150w, https:\/\/pgbsosyalizm.org\/yenicms\/wp-content\/uploads\/2017\/04\/2011-300x201.jpg 300w\" sizes=\"auto, (max-width: 282px) 100vw, 282px\" \/><p id=\"caption-attachment-1845\" class=\"wp-caption-text\">Maruti Suzuki grevi (2012). \u00d6zel g\u00fcvenlik\u00e7ilerin i\u015f\u00e7ilere sald\u0131rd\u0131\u011f\u0131 s\u0131rada fabrikada \u00e7\u0131kan \u015faibeli yang\u0131nda m\u00fcd\u00fcr Awanish Kumar Dev dumandan zehirlenerek hayat\u0131n\u0131 kaybetti. Bunun ard\u0131ndan y\u00fczden fazla Maruti i\u015f\u00e7isi \u201ccinayet\u201d su\u00e7lamas\u0131yla hapse at\u0131ld\u0131. Sendikan\u0131n resmile\u015fmesine yard\u0131m etmi\u015f olan ve i\u015f\u00e7ilikten gelen bir y\u00f6netici olan Dev\u2019in talihsiz \u00f6l\u00fcm\u00fcyle i\u015f\u00e7ilerin herhangi bir ilgisi yoktur.<\/p><\/div>\n<p align=\"left\">18 Mart g\u00fcn\u00fc \u00f6\u011fleden sonra Gurgaon Mahkemesi\u2019nde on \u00fc\u00e7 karde\u015fimize temelsiz bir cinayet su\u00e7lamas\u0131 ile <strong>\u00f6m\u00fcr boyu hapis<\/strong> cezalar\u0131 verildi \u2013 bunlar\u0131n aras\u0131ndan 12\u2019si Maruti Suzuki \u0130\u015f\u00e7i Sendikas\u0131 organlar\u0131nda g\u00f6revli i\u015f\u00e7iler. D\u00f6rt i\u015f\u00e7iye de 5\u2019er y\u0131l hapis cezas\u0131 verildi. 14 i\u015f\u00e7iye ise 3 y\u0131l hapis cezas\u0131 verildi ama bu i\u015f\u00e7iler zaten 4 y\u0131ld\u0131r hapisteydiler, dolay\u0131s\u0131yla serbest b\u0131rak\u0131ld\u0131lar. Yine 4 y\u0131l hapis yatm\u0131\u015f ama sonras\u0131nda beraat etmi\u015f olan 117 i\u015f\u00e7iye ise bu kaybettikleri y\u0131llar\u0131 kim geri verecek bilemiyoruz. 2012 y\u0131l\u0131ndan bu yana 148 i\u015f\u00e7i 4 y\u0131l hapiste tutuldu, bunun \u00f6ncesinde ise 2500 i\u015f\u00e7i yasad\u0131\u015f\u0131 \u015fekilde i\u015ften \u00e7\u0131kart\u0131lm\u0131\u015f ve devam\u0131nda da devletin bask\u0131s\u0131na maruz kalm\u0131\u015flard\u0131.<\/p>\n<\/div>\n<\/td>\n<\/tr>\n<\/tbody>\n<\/table>\n<\/div>\n<div class=\"module text\">\n<table width=\"100%\">\n<tbody>\n<tr>\n<td align=\"left\" width=\"530\">\n<div class=\"madmimi-text-container\">\n<p align=\"left\">\u201cObjektif bir h\u00fck\u00fcm\u201d verilmi\u015f oldu\u011fu yalan\u0131n\u0131 reddediyoruz. Gerek iddianame gerekse h\u00fck\u00fcm hi\u00e7bir delile dayanmamaktad\u0131r. Yalanc\u0131 tan\u0131kl\u0131klara ve saf s\u0131n\u0131f nefretine dayanmaktad\u0131r. Kar\u015f\u0131 kar\u015f\u0131ya oldu\u011fumuz savlar\u0131n detaylar\u0131n\u0131 burada aktaraca\u011f\u0131z. <strong>Sendikan\u0131n resmile\u015fmesine yard\u0131m etmi\u015f olan ve i\u015f\u00e7ilikten gelen bir y\u00f6netici olan Avanish Kumar Dev\u2019in talihsiz \u00f6l\u00fcm\u00fc ile i\u015f\u00e7ilerin herhangi bir ilgisi yoktur.<\/strong> Savunman\u0131n ortaya koymu\u015f olduklar\u0131 bunu kesin bir \u015fekilde kan\u0131tlamaktad\u0131r.18 Temmuz 2012 g\u00fcn\u00fc ya\u015fanan \u00e7at\u0131\u015fma bir s\u00fcperviz\u00f6r\u00fcn bir Dalit i\u015f\u00e7isi olan Jiyalal\u2019e sald\u0131rmas\u0131 ile ba\u015flad\u0131. Jiyalal ise daha sonra kast \u00f6nyarg\u0131l\u0131 bir su\u00e7lama ile bu davadaki esas su\u00e7lu haline getirildi ve i\u015ften uzakla\u015ft\u0131r\u0131ld\u0131. Bu dava t\u00fcm\u00fcyle y\u00f6netimin sendikay\u0131 bitirmek i\u00e7in y\u00fcr\u00fctt\u00fc\u011f\u00fc komplonun par\u00e7as\u0131 idi. Esas olarak da <strong>Sendikala\u015fma Hakk\u0131na ve sendikan\u0131n y\u00fckseltmekte oldu\u011fu taleplere \u2013 \u00f6zellikle de ta\u015feron i\u015f\u00e7ilik sisteminin kald\u0131r\u0131lmas\u0131 talebi- ve bunun i\u015f\u00e7ilerin m\u00fccadelesinde bir sembol haline gelmesine y\u00f6nelik bir sald\u0131r\u0131<\/strong>yd\u0131.<\/p>\n<\/div>\n<\/td>\n<\/tr>\n<\/tbody>\n<\/table>\n<p><img loading=\"lazy\" decoding=\"async\" class=\"alignright wp-image-1850\" src=\"https:\/\/pgbsosyalizm.org\/yenicms\/wp-content\/uploads\/2017\/04\/poster-18-march.jpg\" alt=\"\" width=\"289\" height=\"218\" srcset=\"https:\/\/pgbsosyalizm.org\/yenicms\/wp-content\/uploads\/2017\/04\/poster-18-march.jpg 600w, https:\/\/pgbsosyalizm.org\/yenicms\/wp-content\/uploads\/2017\/04\/poster-18-march-150x113.jpg 150w, https:\/\/pgbsosyalizm.org\/yenicms\/wp-content\/uploads\/2017\/04\/poster-18-march-300x227.jpg 300w\" sizes=\"auto, (max-width: 289px) 100vw, 289px\" \/><\/p>\n<div id=\"attachment_1851\" style=\"width: 289px\" class=\"wp-caption alignright\"><img loading=\"lazy\" decoding=\"async\" aria-describedby=\"caption-attachment-1851\" class=\" wp-image-1851\" src=\"https:\/\/pgbsosyalizm.org\/yenicms\/wp-content\/uploads\/2017\/04\/posters-wsc-eng21.jpg\" alt=\"\" width=\"279\" height=\"171\" srcset=\"https:\/\/pgbsosyalizm.org\/yenicms\/wp-content\/uploads\/2017\/04\/posters-wsc-eng21.jpg 600w, https:\/\/pgbsosyalizm.org\/yenicms\/wp-content\/uploads\/2017\/04\/posters-wsc-eng21-150x92.jpg 150w, https:\/\/pgbsosyalizm.org\/yenicms\/wp-content\/uploads\/2017\/04\/posters-wsc-eng21-300x184.jpg 300w\" sizes=\"auto, (max-width: 279px) 100vw, 279px\" \/><p id=\"caption-attachment-1851\" class=\"wp-caption-text\">\u0130\u015f\u00e7i s\u0131n\u0131f\u0131n\u0131n siyasi tutsaklar\u0131 olan Maruti i\u015f\u00e7ilerine \u00f6zg\u00fcrl\u00fck!<\/p><\/div>\n<div>\n<div><\/div>\n<div><\/div>\n<div><\/div>\n<div><\/div>\n<div><\/div>\n<div><\/div>\n<div><\/div>\n<div><\/div>\n<div><\/div>\n<div><\/div>\n<div><\/div>\n<div><\/div>\n<div><\/div>\n<div>G\u00f6r\u00fclen hukuk davas\u0131nda ba\u015flang\u0131\u00e7tan itibaren, 18 Temmuz 2012 tarihinden sonra y\u00f6netimle h\u00fck\u00fcmetin i\u015fbirli\u011fiyle (bu i\u015fbirli\u011fine polis, idare ve \u00c7al\u0131\u015fma Bakanl\u0131\u011f\u0131 birimleri de d\u00e2hil) nas\u0131l binlerce i\u015f\u00e7inin vah\u015fi bir bask\u0131 alt\u0131na al\u0131nd\u0131\u011f\u0131 mahkemeye aktar\u0131lm\u0131\u015ft\u0131r. <strong>Verilen bu h\u00fck\u00fcm t\u00fcm\u00fcyle i\u015f\u00e7i d\u00fc\u015fman\u0131d\u0131r<\/strong> ve ciddi bi\u00e7imde \u015eirket y\u00f6netiminin \u00e7\u0131karlar\u0131n\u0131n, \u201cbir ders verme\u201d, t\u00fcm \u00fclkede, \u00f6zellikle de Haryana ve Racastan\u2019daki Gurgaon\u2019dan Neemrana\u2019ya uzanan ku\u015faktaki sanayi i\u015f\u00e7ileri aras\u0131nda korku salma ve ter\u00f6rize etme hedefi do\u011frultusunda verilmi\u015ftir. Savc\u0131l\u0131k son m\u00fctalaas\u0131nda i\u015f\u00e7iler i\u00e7in <strong>\u201c\u00f6l\u00fcm cezas\u0131\u201d<\/strong> isterken \u2013 Chandigarh Y\u00fcksek Mahkemesi\u2019nin 2013 May\u0131s tarihli i\u015f\u00e7ilerin serbest b\u0131rak\u0131lmas\u0131n\u0131 reddeden karar\u0131na \u00e7ok benzer bir \u015fekilde- <strong>sermayenin \u201cg\u00fcveninin\u201d yeniden sa\u011flanmas\u0131ndan ve Ba\u015fbakan\u0131n k\u00fcresel yat\u0131r\u0131mc\u0131lar\u0131 \u201cHindistan mal\u0131\u201d \u00fcretmek i\u00e7in davet etti\u011fi giri\u015fimden<\/strong> bahsetmektedir. Bu yabanc\u0131 ve ulusal kapitalistlerin g\u00fcveni tek bir \u015feye ba\u011fl\u0131d\u0131r: ucuz ve itaatkar bir i\u015fg\u00fcc\u00fc; dolay\u0131s\u0131yla sendikalar veya taleplerin y\u00fckseltilmesine yer yoktur.T\u00fcm sendikan\u0131n \u00f6zel olarak hedef al\u0131nmas\u0131yla Raj \u015eirketi, \u00fclkedeki i\u015f\u00e7i hareketinin, sendika kurma hakk\u0131n\u0131n ve di\u011fer sendikal haklar\u0131n ve i\u015f\u00e7ilerin insan haklar\u0131n\u0131n sermayedarlar ve Devlet taraf\u0131ndan legal ve illegal yollarla bast\u0131r\u0131laca\u011f\u0131n\u0131 g\u00f6stermek istemektedir. <strong>Sendika organlar\u0131nda g\u00f6revli arkada\u015flar\u0131m\u0131za y\u00f6nelik sald\u0131r\u0131lar sadece bu arkada\u015flar\u0131m\u0131z 2011 y\u0131l\u0131ndan beri fabrikadaki emek s\u00f6m\u00fcr\u00fcs\u00fc uygulamalar\u0131na kar\u015f\u0131 m\u00fccadelede liderlik etmelerinden, sendikal haklar\u0131 ve onurlar\u0131 i\u00e7in daimi ve ta\u015feron i\u015f\u00e7ilerin birli\u011fini sa\u011flayarak uzun s\u00fcreli me\u015fru bir m\u00fccadele i\u00e7inde olmalar\u0131ndan, ta\u015feronluk sisteminin kald\u0131r\u0131lmas\u0131n\u0131, i\u015fyerinde onurlu \u00e7al\u0131\u015fmay\u0131 ve y\u00f6netimin s\u00f6m\u00fcr\u00fcc\u00fc uygulamalar\u0131na son verilmesini talep etmi\u015f olmalar\u0131ndan ve nihayet 1 Mart 2012 tarihinde sendikam\u0131z\u0131 resmen tescil ettirmi\u015f olmalar\u0131ndan dolay\u0131 ya\u015fanm\u0131\u015ft\u0131r.<\/strong> Y\u00f6netim, i\u015f\u00e7ilerin bu hak talebini kabul etmemi\u015f ve sendikam\u0131z\u0131 ezmek istemi\u015ftir; \u00f6zellikle de Nisan 2012\u2019de ta\u015feronluk sisteminin kald\u0131r\u0131lmas\u0131 gerekti\u011fini savunan <strong>Talepler Bildirgemizi<\/strong> sunduktan sonra. \u0130\u015fte bu nedenle 18 Temmuz 2012\u2019de ya\u015fanm\u0131\u015f olan \u00e7at\u0131\u015fmay\u0131 k\u0131\u015fk\u0131rtt\u0131lar ve h\u0131zland\u0131rd\u0131lar.<\/p>\n<table width=\"100%\">\n<tbody>\n<tr>\n<td align=\"left\" width=\"530\">\n<div class=\"madmimi-text-container\">\n<p align=\"left\">Enerjik ve umut dolu m\u00fccadelemiz Honda\u2019dan Rico\u2019ya Asti\u2019den Shriram Pistons\u2019a, Daikin AC\u2019den Bellsonica\u2019ya sanayi b\u00f6lgesinde ve \u00f6tesinde benzer s\u00f6m\u00fcr\u00fc ko\u015fullar\u0131na kar\u015f\u0131 ba\u015fka i\u015f\u00e7ilerin de m\u00fccadele etmeleri i\u00e7in onlara g\u00fc\u00e7 verdi. \u0130\u015f\u00e7ilerin bu ortak kar\u015f\u0131 \u00e7\u0131k\u0131\u015f\u0131 ezilmeli, \u015firket y\u00f6netimlerinin \u00e7\u0131kar\u0131na onlara \u201cbir ders verilmeliydi\u201d.<\/p>\n<div id=\"attachment_1853\" style=\"width: 286px\" class=\"wp-caption alignright\"><img loading=\"lazy\" decoding=\"async\" aria-describedby=\"caption-attachment-1853\" class=\" wp-image-1853\" src=\"https:\/\/pgbsosyalizm.org\/yenicms\/wp-content\/uploads\/2017\/04\/12548851_953009061432444_4558503355042012160_n.jpg\" alt=\"\" width=\"276\" height=\"201\" srcset=\"https:\/\/pgbsosyalizm.org\/yenicms\/wp-content\/uploads\/2017\/04\/12548851_953009061432444_4558503355042012160_n.jpg 824w, https:\/\/pgbsosyalizm.org\/yenicms\/wp-content\/uploads\/2017\/04\/12548851_953009061432444_4558503355042012160_n-150x109.jpg 150w, https:\/\/pgbsosyalizm.org\/yenicms\/wp-content\/uploads\/2017\/04\/12548851_953009061432444_4558503355042012160_n-300x218.jpg 300w, https:\/\/pgbsosyalizm.org\/yenicms\/wp-content\/uploads\/2017\/04\/12548851_953009061432444_4558503355042012160_n-768x559.jpg 768w\" sizes=\"auto, (max-width: 276px) 100vw, 276px\" \/><p id=\"caption-attachment-1853\" class=\"wp-caption-text\">Maruti i\u015f\u00e7ileri grevde (2012)<\/p><\/div>\n<p align=\"left\">\u0130\u015f\u00e7i hareketlerine y\u00f6nelik benzer \u00e7at\u0131\u015fmalar ve bask\u0131lar Noida\u2019da Graziano Transmissions firmas\u0131nda, Puducherry Regent Ceramics\u2019de, Chennai\u2019da Pricol firmas\u0131nda ve ba\u015fka yerlerde de ya\u015fanm\u0131\u015ft\u0131. Verilmi\u015f olan bu h\u00fck\u00fcm de ya\u015fanm\u0131\u015f bu bask\u0131larla ayn\u0131 do\u011frultudad\u0131r ve bu bask\u0131lar\u0131 daha da \u015fiddetlendirmektedir. Bu \u015fekilde <strong>sanayi b\u00f6lgeleri polis kamplar\u0131na d\u00f6n\u00fc\u015fmektedir.<\/strong><\/p>\n<\/div>\n<\/td>\n<\/tr>\n<\/tbody>\n<\/table>\n<p align=\"left\">Maruti Suzuki CEO\u2019su RC Bhargava bunun bir <strong>\u201cs\u0131n\u0131f sava\u015f\u0131\u201d<\/strong> oldu\u011funu ifade etti. H\u00fck\u00fcmetin yapt\u0131\u011f\u0131 ise i\u015f\u00e7ilerin \u015firketler ile anla\u015fmazl\u0131klar\u0131n\u0131 bir \u201cHukuk ve Asayi\u015f sorununa\u201d d\u00f6n\u00fc\u015ft\u00fcrmek, sendikal haklar\u0131 i\u00e7in ve ta\u015feron sistemine kar\u015f\u0131 m\u00fccadele eden i\u015f\u00e7ileri kriminalize etmek. Bunu lanetliyoruz. Korkmuyoruz. Bu muazzam ve s\u00fcrekli bask\u0131dan yorgun d\u00fc\u015fm\u00fc\u015f de de\u011filiz. <strong>Ancak i\u015f\u00e7ilerin daimi i\u015f\u00e7iler-ta\u015feronlar \u015feklinde b\u00f6l\u00fcnm\u00fc\u015fl\u00fc\u011f\u00fcn\u00fc a\u015farak ve i\u015f\u00e7iler aras\u0131ndaki birli\u011fi y\u00fckselterek, \u015eirket-Devlet s\u00f6m\u00fcr\u00fc-bask\u0131 rejiminin s\u00fcrekli sald\u0131r\u0131lar\u0131na kar\u015f\u0131 ba\u011f\u0131ms\u0131z s\u0131n\u0131f davam\u0131z\u0131 y\u00fckselterek m\u00fccadelemizi ileriye ta\u015f\u0131yabiliriz.<\/strong> Sanayi b\u00f6lgelerindeki y\u00fcz binlerce i\u015f\u00e7i 9 Mart\u2019tan beri dayan\u0131\u015fma eylemleri d\u00fczenliyorlar ve 16 Mart\u2019ta Haryana, Racastan, UP, Tamil Nadu\u2019da y\u00fczbinin \u00fczerinde i\u015f\u00e7i a\u00e7l\u0131k grevine gitti. Karar\u0131n hemen ard\u0131ndan 18\u2019inde 5 Maruti Suzuki fabrikas\u0131ndaki 30.000 i\u015f\u00e7i y\u00f6netimin bast\u0131rma \u00e7abas\u0131na ve 8 g\u00fcnl\u00fck \u00fccret kesintisi tehdidine ra\u011fmen bir saatlik bir i\u015f b\u0131rakma eylemi yapt\u0131lar. 16 Mart\u2019tan bu yana 20\u2019den fazla \u015fehirde bir\u00e7ok i\u015f\u00e7i, \u00f6\u011frenci, insan haklar\u0131 \u00f6rg\u00fctleri ve di\u011fer \u00f6rg\u00fctler protestolar d\u00fczenledi; 21 \u00fclkede \u00e7e\u015fitli heyetler dayan\u0131\u015fma eylemleri ger\u00e7ekle\u015ftirdi.<\/p>\n<p align=\"left\">4 Nisan g\u00fcn\u00fc i\u00e7in bir Ulusal Protesto g\u00fcn\u00fc \u00e7a\u011fr\u0131s\u0131 yap\u0131yoruz. Bu tayin edici ve \u00f6nemli d\u00f6neme\u00e7te t\u00fcm i\u015f\u00e7ilere ve i\u015f\u00e7iden yana g\u00fc\u00e7lere su\u00e7lanan i\u015f\u00e7ilerin serbest b\u0131rak\u0131lmalar\u0131, adaletin sa\u011flanmas\u0131 ve i\u015f\u00e7ilerin haklar\u0131n elde edebilmeleri i\u00e7in ellerinden gelen her yolla bizimle dayan\u0131\u015fma i\u00e7erisinde olmalar\u0131 \u00e7a\u011fr\u0131s\u0131n\u0131 yap\u0131yoruz.<\/p>\n<h3 align=\"left\">Maruti \u0130\u015f\u00e7ileri serbest b\u0131rak\u0131ls\u0131n!<\/h3>\n<h3 align=\"left\">Sanayi b\u00f6lgelerindeki s\u00f6m\u00fcr\u00fc ve bask\u0131 rejimine son!<\/h3>\n<p>&nbsp;<\/p>\n<p align=\"left\"><strong>Maruti Suzuki \u0130\u015f\u00e7ileri Sendikas\u0131 Ge\u00e7ici Komitesi<\/strong><br \/>\n18 Mart 2017<\/p>\n<p align=\"left\"><strong>Ba\u011flant\u0131 adresi:<\/strong> 7011865350 (Ramniwas), 9911258717 (Khusiram) on behalf of the PWC, MSWU.<br \/>\n<strong>E-mail:<\/strong> <a href=\"&#109;&#x61;&#105;&#x6c;&#116;&#x6f;:&#x6d;a&#114;&#x75;&#116;&#x69;&#119;&#x6f;r&#x6b;e&#114;&#x73;&#116;&#x72;&#117;&#x67;&#103;&#x6c;e&#x40;g&#109;&#x61;&#105;&#x6c;&#46;&#x63;o&#x6d;\">&#x6d;a&#x72;u&#x74;&#105;&#x77;&#111;r&#x6b;e&#x72;&#115;&#x74;&#114;&#x75;&#103;g&#x6c;e&#x40;&#103;&#x6d;&#97;&#x69;&#x6c;&#46;&#x63;o&#x6d;<\/a><br \/>\nG\u00fcncel bilgiler i\u00e7in bak\u0131n\u0131z: <a href=\"http:\/\/marutisuzukiworkersunion.wordpress.com\/\" target=\"_blank\" rel=\"noopener noreferrer\">marutisuzukiworkersunion.wordpress.com<\/a><\/p>\n<hr \/>\n<p align=\"left\"><em>2016 y\u0131l\u0131 sonunda Hindistan\u2019da ger\u00e7ekle\u015ftirilen,<\/em><\/p>\n<div id=\"attachment_1856\" style=\"width: 228px\" class=\"wp-caption alignright\"><img loading=\"lazy\" decoding=\"async\" aria-describedby=\"caption-attachment-1856\" class=\" wp-image-1856\" src=\"https:\/\/pgbsosyalizm.org\/yenicms\/wp-content\/uploads\/2017\/04\/pardeep-ve-ram-mumbay-konferans\u0131.jpg\" alt=\"\" width=\"218\" height=\"101\" srcset=\"https:\/\/pgbsosyalizm.org\/yenicms\/wp-content\/uploads\/2017\/04\/pardeep-ve-ram-mumbay-konferans\u0131.jpg 793w, https:\/\/pgbsosyalizm.org\/yenicms\/wp-content\/uploads\/2017\/04\/pardeep-ve-ram-mumbay-konferans\u0131-150x70.jpg 150w, https:\/\/pgbsosyalizm.org\/yenicms\/wp-content\/uploads\/2017\/04\/pardeep-ve-ram-mumbay-konferans\u0131-300x139.jpg 300w, https:\/\/pgbsosyalizm.org\/yenicms\/wp-content\/uploads\/2017\/04\/pardeep-ve-ram-mumbay-konferans\u0131-768x356.jpg 768w\" sizes=\"auto, (max-width: 218px) 100vw, 218px\" \/><p id=\"caption-attachment-1856\" class=\"wp-caption-text\"><em>\u00d6m\u00fcr boyu hapis cezas\u0131 verilen Maruti Sendikas\u0131 i\u015f\u00e7ilerinden Ram ve Pardeep, Mumbay D\u00fcnya Konferans\u0131 delegeleriydi.<\/em><\/p><\/div>\n<p align=\"left\"><em>T\u00fcrkiye\u2019den de iki delegenin kat\u0131ld\u0131\u011f\u0131 <strong>Sava\u015fa, S\u00f6m\u00fcr\u00fcye ve G\u00fcvencesiz \u00c7al\u0131\u015ft\u0131rmaya kar\u015f\u0131<\/strong> toplanan <a href=\"https:\/\/iscikardesligi.org\/mumbay-dunya-konferansi-sonuc-bildirgesi\/\" target=\"_blank\" rel=\"noopener noreferrer\">Mumbay D\u00fcnya Konferans\u0131<\/a>\u2018nda Maruti Suzuki i\u015f\u00e7ilerinin dayan\u0131\u015fma \u00e7a\u011fr\u0131s\u0131 \u00f6nemli bir yer tutmu\u015ftu. Konferans, t\u00fcm kat\u0131l\u0131mc\u0131lar\u0131ndan <strong>\u201ci\u015f\u00e7i heyetleriyle \u00fclkelerindeki Hindistan el\u00e7iliklerine gitmelerini ve halen hapiste olan Maruti Suzuki i\u015f\u00e7ilerinin derhal sal\u0131verilmesini ve sendikalar\u0131 Maruti Suzuki \u0130\u015f\u00e7ileri Sendikas\u0131 (MSWU) i\u00e7in t\u00fcm sendikal haklar\u0131n tan\u0131nmas\u0131n\u0131 talep etmelerini\u201d<\/strong> istedi.<\/em><\/p>\n<p><em>Hindistan\u2019\u0131n Manesar-Gurgaon sanayi b\u00f6lgesinde ya\u015fanan bask\u0131ya ve ta\u015feron sistemine kar\u015f\u0131 grevler ve fabrika i\u015fgali ger\u00e7ekle\u015ftiren Maruti i\u015f\u00e7ileri y\u0131llard\u0131r cezaevinde, <strong>\u201cidam cezas\u0131\u201d ile yarg\u0131land\u0131lar<\/strong> ve \u015fimdi de <strong>\u201c\u00f6m\u00fcr boyu hapse\u201d mahkum edildiler<\/strong>. Mumbay D\u00fcnya Konferans\u0131\u2019nda dayan\u0131\u015fma \u00e7a\u011fr\u0131lar\u0131n\u0131 y\u00fckselten Maruti i\u015f\u00e7ileri \u015fimdi d\u00fcnya i\u015f\u00e7i s\u0131n\u0131flar\u0131ndan destek bekliyor.<\/em><\/p>\n<div id=\"attachment_1782\" style=\"width: 1034px\" class=\"wp-caption alignnone\"><img loading=\"lazy\" decoding=\"async\" aria-describedby=\"caption-attachment-1782\" class=\"size-large wp-image-1782\" src=\"https:\/\/pgbsosyalizm.org\/yenicms\/wp-content\/uploads\/2016\/12\/konf-3-1024x295.png\" alt=\"\" width=\"1024\" height=\"295\" srcset=\"https:\/\/pgbsosyalizm.org\/yenicms\/wp-content\/uploads\/2016\/12\/konf-3-1024x295.png 1024w, https:\/\/pgbsosyalizm.org\/yenicms\/wp-content\/uploads\/2016\/12\/konf-3-150x43.png 150w, https:\/\/pgbsosyalizm.org\/yenicms\/wp-content\/uploads\/2016\/12\/konf-3-300x86.png 300w, https:\/\/pgbsosyalizm.org\/yenicms\/wp-content\/uploads\/2016\/12\/konf-3-768x221.png 768w, https:\/\/pgbsosyalizm.org\/yenicms\/wp-content\/uploads\/2016\/12\/konf-3.png 1077w\" sizes=\"auto, (max-width: 1024px) 100vw, 1024px\" \/><p id=\"caption-attachment-1782\" class=\"wp-caption-text\">Mumbay D\u00fcnya Konferans\u0131 kapan\u0131\u015f oturumu (20 Kas\u0131m 2016)<\/p><\/div>\n<\/div>\n<\/div>\n<\/div>\n","protected":false},"excerpt":{"rendered":"<p>13 \u0130\u015f\u00e7i arkada\u015f\u0131m\u0131za \u00d6M\u00dcR BOYU HAP\u0130S cezas\u0131 verildi 13 Maruti Sendikas\u0131 \u00fcyesine sendika kurmak ve ta\u015feron sistemini kald\u0131rmak i\u00e7in verdikleri m\u00fccadeleden dolay\u0131 \u00d6M\u00dcR BOYU HAP\u0130S cezas\u0131 verildi Maruti \u0130\u015f\u00e7ilerine \u00d6zg\u00fcrl\u00fck! 18 Mart g\u00fcn\u00fc \u00f6\u011fleden sonra Gurgaon Mahkemesi\u2019nde on \u00fc\u00e7 karde\u015fimize temelsiz bir cinayet su\u00e7lamas\u0131 ile \u00f6m\u00fcr boyu hapis cezalar\u0131 verildi \u2013 bunlar\u0131n aras\u0131ndan 12\u2019si Maruti [&hellip;]<\/p>\n","protected":false},"author":1,"featured_media":0,"comment_status":"closed","ping_status":"closed","sticky":false,"template":"","format":"standard","meta":{"footnotes":""},"categories":[49],"tags":[341,335,369,370,368,334,339,338,348,53],"class_list":["post-1844","post","type-post","status-publish","format-standard","hentry","category-c43-duyurular","tag-acik-dunya-konferansi","tag-hindistan","tag-maruti","tag-maruti-suzuki","tag-mswu","tag-mumbai","tag-mumbai-konferansi","tag-mumbay","tag-mumbay-dunya-konferansi","tag-onsayfa"],"_links":{"self":[{"href":"https:\/\/pgbsosyalizm.org\/index.php?rest_route=\/wp\/v2\/posts\/1844","targetHints":{"allow":["GET"]}}],"collection":[{"href":"https:\/\/pgbsosyalizm.org\/index.php?rest_route=\/wp\/v2\/posts"}],"about":[{"href":"https:\/\/pgbsosyalizm.org\/index.php?rest_route=\/wp\/v2\/types\/post"}],"author":[{"embeddable":true,"href":"https:\/\/pgbsosyalizm.org\/index.php?rest_route=\/wp\/v2\/users\/1"}],"replies":[{"embeddable":true,"href":"https:\/\/pgbsosyalizm.org\/index.php?rest_route=%2Fwp%2Fv2%2Fcomments&post=1844"}],"version-history":[{"count":15,"href":"https:\/\/pgbsosyalizm.org\/index.php?rest_route=\/wp\/v2\/posts\/1844\/revisions"}],"predecessor-version":[{"id":1864,"href":"https:\/\/pgbsosyalizm.org\/index.php?rest_route=\/wp\/v2\/posts\/1844\/revisions\/1864"}],"wp:attachment":[{"href":"https:\/\/pgbsosyalizm.org\/index.php?rest_route=%2Fwp%2Fv2%2Fmedia&parent=1844"}],"wp:term":[{"taxonomy":"category","embeddable":true,"href":"https:\/\/pgbsosyalizm.org\/index.php?rest_route=%2Fwp%2Fv2%2Fcategories&post=1844"},{"taxonomy":"post_tag","embeddable":true,"href":"https:\/\/pgbsosyalizm.org\/index.php?rest_route=%2Fwp%2Fv2%2Ftags&post=1844"}],"curies":[{"name":"wp","href":"https:\/\/api.w.org\/{rel}","templated":true}]}}