{"id":1875,"date":"2017-04-23T00:36:17","date_gmt":"2017-04-22T22:36:17","guid":{"rendered":"http:\/\/pgbsosyalizm.org\/?p=1875"},"modified":"2017-04-23T00:36:17","modified_gmt":"2017-04-22T22:36:17","slug":"mevcut-durumda-ikp-ne-oneriyor","status":"publish","type":"post","link":"https:\/\/pgbsosyalizm.org\/?p=1875","title":{"rendered":"Mevcut durumda \u0130KP ne \u00f6neriyor?"},"content":{"rendered":"<p>&nbsp;<\/p>\n<ul>\n<li>16 Nisan referandumu ya da daha do\u011fru ifadeyle plebisiti (bask\u0131 rejimlerinin referandum gibi halk\u0131n g\u00f6r\u00fc\u015f\u00fcne dan\u0131\u015fmas\u0131 de\u011fil, halka kendi niyetini dayatmas\u0131 demektir) \u015faibeli de\u011fildir. Onun da \u00f6tesinde 12 Eyl\u00fcl 1980 rejimine, onun a\u00e7t\u0131\u011f\u0131 yolu kullanarak rahmet okutacak bir kar\u015f\u0131-devrim giri\u015fimidir. Bu giri\u015fim e\u011fer muhalif kesim \u00f6nderlikleri taraf\u0131ndan &#8211; ki bunlar a\u011f\u0131rl\u0131kl\u0131 olarak burjuva\/k\u00fc\u00e7\u00fck burjuva karakterlidir- <strong>\u00e7ok kararl\u0131 bir bi\u00e7imde reddedilmezse \u00f6n\u00fcm\u00fczdeki k\u0131sa vadede benzer plebisitler arac\u0131l\u0131\u011f\u0131yla her konuda alaturka fa\u015fizme y\u00fcr\u00fcy\u00fc\u015f yolunun ta\u015flar\u0131 d\u00f6\u015fenecek<\/strong>tir. Art\u0131k plebisitler yoluyla cumhuriyetin de, laikli\u011fin de ve tabii zaten 12 Eyl\u00fcl 1980&#8217;den itibaren deli g\u00f6mle\u011fine sokulmu\u015f bulunan &#8220;demokrasi&#8221;nin de oylanmas\u0131 m\u00fcmk\u00fcn olacakt\u0131r. Art\u0131k idam yasa\u011f\u0131 da, kad\u0131n haklar\u0131 da, i\u015f\u00e7i haklar\u0131 da daha 2019 \u00f6ncesinde oylanabilecektir.<\/li>\n<\/ul>\n<div dir=\"ltr\"><\/div>\n<ul>\n<li dir=\"ltr\">16 Nisan plebisiti sadece <strong>propaganda imkanlar\u0131n\u0131n e\u015fitsiz olarak kullan\u0131m\u0131<\/strong> de\u011fildir. Bunun \u00e7ok \u00f6tesinde <strong>sand\u0131k kurullar\u0131na ordu ve polis g\u00fc\u00e7lerinin yan\u0131 s\u0131ra paramiliter g\u00fc\u00e7lerle m\u00fcdahale<\/strong>de bulunulmu\u015f olmas\u0131d\u0131r. MHP ve BBP \u00f6nderlikleri ve Erdo\u011fan&#8217;\u0131n te\u015fekk\u00fcr etti\u011fi H\u00dcDA-PAR bu misyonlar\u0131n\u0131 hakk\u0131yla yerine getirmi\u015fler ve y\u00fczde 55 dolay\u0131nda &#8216;HAYIR&#8217; oyunu tam da s\u0131n\u0131r olan y\u00fczde 49&#8217;a indirmi\u015flerdir. Muhalefetin su\u00e7lamas\u0131 gereken kurum YSK de\u011fildir. \u0130\u015fi doland\u0131rmaya gerek yok. <strong>Su\u00e7lu olan Erdo\u011fan\/Bah\u00e7eli kli\u011fidir. YSK art\u0131k aynen Anayasa Mahkemesi gibi kap\u0131kulu kurumu<\/strong> haline gelmi\u015ftir.<\/li>\n<\/ul>\n<div dir=\"ltr\"><\/div>\n<ul>\n<li id=\"m_-2388082277787455323yui_3_16_0_ym19_1_1492838867668_5144\" dir=\"ltr\">Mevcut meclis bu kar\u015f\u0131-devrimci referandum karar\u0131n\u0131 340 oyla, yani 550 milletvekili \u00fczerinden y\u00fczde 60 \u00fczeri oyla alm\u0131\u015ft\u0131r.\u00a0 Sonu\u00e7, en olumsuz ko\u015fullarda bile halk\u0131n, meclisin karar\u0131n\u0131 kahir ekseriyetle reddetti\u011fi anlam\u0131na gelmektedir. Bu meclis yenilgisini kabul edip derhal kendini fesh etmelidir.\u00a0 Dolay\u0131s\u0131yla <strong>CHP&#8217;li, E\u015fBa\u015fkanlar\u0131 ve say\u0131s\u0131z milletvekilleri hapiste olan HDP&#8217;li ve kararl\u0131l\u0131kla &#8216;HAYIR&#8217; kampanyas\u0131 y\u00fcr\u00fctm\u00fc\u015f olan MHP&#8217;li milletvekileri sine-i millete d\u00f6nmeli<\/strong>dirler. Bug\u00fcnk\u00fcnden bile daha anti-demokratik ko\u015fullar alt\u0131nda cereyan edece\u011fi a\u015fikar olan <strong>2019 se\u00e7imlerini bir \u00e7are olarak g\u00f6rmek halk\u0131 aldatmaktan ba\u015fka bir anlam ta\u015f\u0131maz<\/strong>. Bilinmelidir ki, iktidar\u0131n\u0131 hi\u00e7bir ko\u015ful alt\u0131nda teslim etmemeye kararl\u0131 olan klik se\u00e7imlerde ezilse bile yerinde durman\u0131n yollar\u0131n\u0131 arayacakt\u0131r.<\/li>\n<\/ul>\n<div id=\"m_-2388082277787455323yui_3_16_0_ym19_1_1492838867668_5236\" dir=\"ltr\"><\/div>\n<ul>\n<li id=\"m_-2388082277787455323yui_3_16_0_ym19_1_1492838867668_5314\" dir=\"ltr\">Baz\u0131 AKP s\u00f6zc\u00fcleri &#8220;Gezi g\u00fcnlerinde de\u011filiz, o g\u00fcnlerdeki gibi sokaklar\u0131 teroristlere teslim etmeyece\u011fiz, <strong>art\u0131k polisin yan\u0131 s\u0131ra halk\u0131 da silahland\u0131rd\u0131k&#8221; diyorlar. Bu da alaturka fa\u015fizme y\u00fcr\u00fcy\u00fc\u015f\u00fcn a\u00e7\u0131k bir itiraf\u0131<\/strong>d\u0131r. &#8220;Asker polis yetmezse, paramiliter e\u015fkiyayla vururuz&#8221; demek istiyorlar. Ayr\u0131ca her kim ki &#8220;Gezi olaylar\u0131nda teroristler vard\u0131&#8221; diyorsa, namerttir ve kendi i\u015fleyece\u011fi su\u00e7lar\u0131 kamufle etmeye \u00e7al\u0131\u015f\u0131yordur.\u00a0 Gezi olaylar\u0131nda protestocular\u0131n b\u0131rak\u0131n ate\u015fli silah\u0131, \u00e7ak\u0131 bile bulundurmad\u0131\u011f\u0131n\u0131 herkes biliyor, ama g\u00f6stericiler h\u00fck\u00fcmetin ve onlar\u0131n yalakalar\u0131n\u0131n ate\u015fli\/ate\u015fsiz silahlar\u0131yla katledilmi\u015flerdir.<\/li>\n<\/ul>\n<div id=\"m_-2388082277787455323yui_3_16_0_ym19_1_1492838867668_5429\" dir=\"ltr\"><\/div>\n<ul>\n<li id=\"m_-2388082277787455323yui_3_16_0_ym19_1_1492838867668_5507\" dir=\"ltr\">Olaylar\u0131n geli\u015fimi plebisit s\u0131ras\u0131nda ve sonras\u0131nda cumhuriyet ve laiklik de\u011ferlerini kararl\u0131l\u0131kla savunmu\u015f olan ve savunmaya devam eden halk\u0131n \u00f6n\u00fcnde \u00e7ok b\u00fcy\u00fck bir f\u0131rsat\u0131n a\u00e7\u0131lm\u0131\u015f oldu\u011funu g\u00f6steriyor. <strong>Her\u015fey halk\u0131n muhalefetini y\u00fcr\u00fctme konusundaki siyasal \u00f6nderliklerin alacaklar\u0131 tavra ba\u011fl\u0131d\u0131r.<\/strong> E\u011fer bu \u00f6nderlikler olaylar\u0131n gerekti\u011fi cesarette davranamaz ve zaten olmayan bir hukuki s\u00fcre\u00e7le vakit ge\u00e7irme yolunu se\u00e7erlerse, yani &#8220;hele bir Anayasa Mahkemesine gidelim oradan da Avrupa \u0130nsan Halklar\u0131 Mahkemesinin yolunu tutar\u0131z, aman \u015fimdi kimse soka\u011fa \u00e7\u0131kmas\u0131n&#8221; anlay\u0131\u015f\u0131nda olurlarsa dava ba\u015f\u0131ndan kaybedilmi\u015f demektir.\u00a0 Anayasa Mahkemesinin durumunu yukar\u0131da ifade ettik. Avrupa Mahkemeleriyse, \u00f6nce kendi \u00fclkelerindeki durumlara baks\u0131nlar, Fransa&#8217;da s\u00fcregiden ve Erdo\u011fan&#8217;\u0131n burada ekme\u011fine ya\u011f s\u00fcren OHAL uygulamas\u0131na laf etsinler, Ukrayna&#8217;daki rezalete laf etsinler, \u0130srail&#8217;in uygulad\u0131\u011f\u0131 zulme laf etsinler!<\/li>\n<\/ul>\n<div dir=\"ltr\" style=\"padding-left: 30px;\"><\/div>\n<div id=\"m_-2388082277787455323yui_3_16_0_ym19_1_1492838867668_5724\" dir=\"ltr\" style=\"padding-left: 30px;\">T\u00fcrkiye halk\u0131n\u0131n \u00f6n\u00fcnde a\u00e7\u0131lm\u0131\u015f olan f\u0131rsat T\u00fcrkiye demokrasisini Avrupa demokrasilerinden daha ileri noktalara ta\u015f\u0131ma imkan\u0131 sunuyor. Muhalefet bunun bilinciyle hareket etmelidir.<\/div>\n<p>&nbsp;<\/p>\n<div id=\"m_-2388082277787455323yui_3_16_0_ym19_1_1492838867668_5784\" dir=\"ltr\"><\/div>\n<ul>\n<li id=\"m_-2388082277787455323yui_3_16_0_ym19_1_1492838867668_5785\" dir=\"ltr\">G\u00fcn, T\u00fcrkiye&#8217;de engin bir siyasal demokrasi talebiyle hareket etme g\u00fcn\u00fcd\u00fcr. Bu bir sokak eylemi g\u00fcn\u00fcd\u00fcr, \u015fiddet yolunu se\u00e7me g\u00fcn\u00fc de de\u011fildir. \u015eiddeti se\u00e7eceklerini s\u00f6yleyenler iktidar kli\u011finin s\u00f6zc\u00fcleridir. <strong>Ba\u015fta CHP \u00f6nderli\u011fi olmak \u00fczere muhalefet, meclisten \u00e7ekilmeli ve sokak m\u00fccadelesinden geri ad\u0131m atmamal\u0131d\u0131r<\/strong>. \u015eu anda halk siyasal partilerden daha cesur ad\u0131mlar bekliyor ve bu talebi devam edecek.<\/li>\n<\/ul>\n<div id=\"m_-2388082277787455323yui_3_16_0_ym19_1_1492838867668_5877\" dir=\"ltr\" style=\"padding-left: 30px;\">Ama halka da bu m\u00fccadele y\u00fcr\u00fct\u00fcl\u00fcrken somut talepler g\u00f6t\u00fcrnek gerekir. Bug\u00fcn\u00fcn T\u00fcrkiyesinde mevcut meclisin yerini alacak egemen bir Kurucu Meclis talebiyle hareket edilmedi\u011fi takdirde hi\u00e7bir \u015fey yap\u0131lmam\u0131\u015f olacak, olaylar\u0131n ak\u0131\u015f\u0131na teslim olunacak demektir.<\/div>\n<p>&nbsp;<\/p>\n<div id=\"m_-2388082277787455323yui_3_16_0_ym19_1_1492838867668_5938\" dir=\"ltr\"><\/div>\n<ul>\n<li id=\"m_-2388082277787455323yui_3_16_0_ym19_1_1492838867668_5974\" dir=\"ltr\"><strong>Egemen bir Kurucu Meclis<\/strong>; her siyasi yap\u0131ya e\u015fit propaganda imkan\u0131n\u0131n sunuldu\u011fu, hi\u00e7bir se\u00e7im baraj\u0131n\u0131n olmad\u0131\u011f\u0131, \u00fcyelerinin kendilerini se\u00e7enler taraf\u0131ndan geri \u00e7a\u011f\u0131r\u0131labildi\u011fi genel oyla se\u00e7ilmi\u015f bir meclis demektir. B\u00f6yle bir se\u00e7ime siyasi partilerin d\u0131\u015f\u0131nda kesimlerin, yani sendikalar\u0131n ve di\u011fer kitle \u00f6rg\u00fctlerinin de kat\u0131l\u0131m\u0131 m\u00fcmk\u00fcn olmal\u0131d\u0131r. Onlar da kendi adaylar\u0131n\u0131 g\u00f6sterip propagandalar\u0131n\u0131 yapabilmeliler. Nispi temsil usuluyle ger\u00e7ekle\u015fecek b\u00f6yle bir se\u00e7imde herkesin bu mecliste ald\u0131\u011f\u0131 oy oran\u0131na g\u00f6re temsili m\u00fcmk\u00fcn olacakt\u0131r. Bakal\u0131m bu ko\u015fullarda bir se\u00e7im yap\u0131ld\u0131\u011f\u0131nda nas\u0131l bir tabloyla kar\u015f\u0131la\u015faca\u011f\u0131z? Bug\u00fcnk\u00fcnden inan\u0131lmaz \u00f6l\u00e7\u00fcde daha demokratik bir sonu\u00e7 \u00e7\u0131kaca\u011f\u0131 kesindir. Kurucu Meclisin Ba\u015fkan\u0131 l\u00fczumsuz bir israf mekanizmas\u0131 haline gelmi\u015f bulunan cumhurba\u015fkanl\u0131\u011f\u0131n\u0131n yerini almal\u0131 ve devleti temsil etmelidir. \u0130\u00e7ine girdi\u011fimiz d\u00f6nemde mevcut kitle hareketi bu talepler etraf\u0131nda harekete ge\u00e7irilmeli, bunun i\u00e7in her yerde <strong>Kurucu Meclis Komiteleri<\/strong> olu\u015fturulmal\u0131d\u0131r. \u00dclkedeki i\u00e7 bar\u0131\u015f\u0131 sa\u011flaman\u0131n yan\u0131 s\u0131ra b\u00f6lgedeki bar\u0131\u015f\u0131 tesis etmek i\u00e7in de T\u00fcrkiye&#8217;nin d\u0131\u015f \u00fclkelere kar\u015f\u0131 macerac\u0131 askeri giri\u015fimlere ba\u015fvurmas\u0131n\u0131 yasaklayacak bir meclis olacakt\u0131r bu.<\/li>\n<\/ul>\n<div id=\"m_-2388082277787455323yui_3_16_0_ym19_1_1492838867668_6230\" dir=\"ltr\"><\/div>\n<ul>\n<li id=\"m_-2388082277787455323yui_3_16_0_ym19_1_1492838867668_6266\" dir=\"ltr\">Bu egemen kurucu meclis se\u00e7imine giden yolda bir dizi yasan\u0131n de\u011fi\u015ftirilmesi \u00f6ne \u00e7\u0131kart\u0131lmal\u0131, tutuklu b\u00fct\u00fcn milletvekilleri, belediye ba\u015fkanlar\u0131, gazeteciler, sendikac\u0131lar derhal serbest b\u0131rak\u0131lmal\u0131 ve \u00f6zg\u00fcr bir se\u00e7im kampanyas\u0131 y\u00fcr\u00fctmenin imkanlar\u0131na kavu\u015fmal\u0131d\u0131rlar.<strong> \u0130\u015f\u00e7i Karde\u015fli\u011fi Partisi<\/strong> olarak \u00f6ne s\u00fcrd\u00fc\u011f\u00fcm\u00fcz bu siyasal hat kesinlikle afaki olmay\u0131p bar\u0131\u015f\u00e7\u0131l bir kitle hareketinin de yolunun a\u00e7\u0131lmas\u0131na imkan verecek tek hatt\u0131r. \u00d6nerimiz budur. Haydi tart\u0131\u015fmaya!<\/li>\n<\/ul>\n<p style=\"text-align: right;\"><strong>\u0130\u015f\u00e7i Karde\u015fli\u011fi Partisi (\u0130KP)<\/strong><\/p>\n<p style=\"text-align: right;\"><strong>Merkez Y\u00fcr\u00fctme Kurulu<\/strong><\/p>\n<p style=\"text-align: right;\">(22 Nisan 2017)<\/p>\n","protected":false},"excerpt":{"rendered":"<p>&nbsp; 16 Nisan referandumu ya da daha do\u011fru ifadeyle plebisiti (bask\u0131 rejimlerinin referandum gibi halk\u0131n g\u00f6r\u00fc\u015f\u00fcne dan\u0131\u015fmas\u0131 de\u011fil, halka kendi niyetini dayatmas\u0131 demektir) \u015faibeli de\u011fildir. Onun da \u00f6tesinde 12 Eyl\u00fcl 1980 rejimine, onun a\u00e7t\u0131\u011f\u0131 yolu kullanarak rahmet okutacak bir kar\u015f\u0131-devrim giri\u015fimidir. Bu giri\u015fim e\u011fer muhalif kesim \u00f6nderlikleri taraf\u0131ndan &#8211; ki bunlar a\u011f\u0131rl\u0131kl\u0131 olarak burjuva\/k\u00fc\u00e7\u00fck burjuva [&hellip;]<\/p>\n","protected":false},"author":1,"featured_media":0,"comment_status":"closed","ping_status":"closed","sticky":false,"template":"","format":"standard","meta":{"footnotes":""},"categories":[371],"tags":[373,269,343,344,183,366,65,273,325,378,64,53,376,302],"class_list":["post-1875","post","type-post","status-publish","format-standard","hentry","category-26-sayi-22-nisan-2017","tag-16-nisan","tag-alaturka-fasizm","tag-baskanlik","tag-baskanlik-rejimi","tag-baskanlik-sistemi","tag-hayir","tag-ikp","tag-ikp-merkez-yurutme-kurulu","tag-isci-kardesligi-partisi","tag-komite","tag-kurucu-meclis","tag-onsayfa","tag-plebisit","tag-referandum"],"_links":{"self":[{"href":"https:\/\/pgbsosyalizm.org\/index.php?rest_route=\/wp\/v2\/posts\/1875","targetHints":{"allow":["GET"]}}],"collection":[{"href":"https:\/\/pgbsosyalizm.org\/index.php?rest_route=\/wp\/v2\/posts"}],"about":[{"href":"https:\/\/pgbsosyalizm.org\/index.php?rest_route=\/wp\/v2\/types\/post"}],"author":[{"embeddable":true,"href":"https:\/\/pgbsosyalizm.org\/index.php?rest_route=\/wp\/v2\/users\/1"}],"replies":[{"embeddable":true,"href":"https:\/\/pgbsosyalizm.org\/index.php?rest_route=%2Fwp%2Fv2%2Fcomments&post=1875"}],"version-history":[{"count":8,"href":"https:\/\/pgbsosyalizm.org\/index.php?rest_route=\/wp\/v2\/posts\/1875\/revisions"}],"predecessor-version":[{"id":1883,"href":"https:\/\/pgbsosyalizm.org\/index.php?rest_route=\/wp\/v2\/posts\/1875\/revisions\/1883"}],"wp:attachment":[{"href":"https:\/\/pgbsosyalizm.org\/index.php?rest_route=%2Fwp%2Fv2%2Fmedia&parent=1875"}],"wp:term":[{"taxonomy":"category","embeddable":true,"href":"https:\/\/pgbsosyalizm.org\/index.php?rest_route=%2Fwp%2Fv2%2Fcategories&post=1875"},{"taxonomy":"post_tag","embeddable":true,"href":"https:\/\/pgbsosyalizm.org\/index.php?rest_route=%2Fwp%2Fv2%2Ftags&post=1875"}],"curies":[{"name":"wp","href":"https:\/\/api.w.org\/{rel}","templated":true}]}}