{"id":1885,"date":"2017-05-14T00:47:12","date_gmt":"2017-05-13T22:47:12","guid":{"rendered":"http:\/\/pgbsosyalizm.org\/?p=1885"},"modified":"2017-05-14T00:47:12","modified_gmt":"2017-05-13T22:47:12","slug":"kurucu-meclis-talebinde-neden-israr-edilmeli-bu-talep-ne-anlama-geliyor","status":"publish","type":"post","link":"https:\/\/pgbsosyalizm.org\/?p=1885","title":{"rendered":"Kurucu Meclis talebinde neden \u0131srar edilmeli? Bu talep ne anlama geliyor?"},"content":{"rendered":"<table width=\"100%\">\n<tbody>\n<tr>\n<td align=\"left\" width=\"530\">\n<div class=\"madmimi-text-container\">\n<p align=\"left\">&#8212; <strong>\u015eadi Ozans\u00fc<\/strong><\/p>\n<p align=\"left\">T\u00fcrkiye bir plebisit ya\u015fad\u0131 ve sonu\u00e7 ortada. \u00dclkenin bir\u00e7ok ilinde, il\u00e7esinde, k\u00f6y\u00fcnde ve beldesinde silahl\u0131 e\u015fk\u0131yan\u0131n kontrol\u00fcnde bir plebisitti bu. &#8220;Hay\u0131r&#8221; oylar\u0131n\u0131n y\u00fczde 90&#8217;lar\u0131 a\u015ft\u0131\u011f\u0131 baz\u0131 kent merkezlerinde bile \u015fehir e\u015fk\u0131yas\u0131 ile k\u00f6y korucular\u0131n\u0131n cirit att\u0131\u011f\u0131 bir s\u00f6zde &#8220;halk oylamas\u0131&#8221;. Bu durumda var\u0131n Erzurum&#8217;da, Konya&#8217;da, Bing\u00f6l&#8217;de ve benzeri yerlerde oylar\u0131n nas\u0131l kullan\u0131ld\u0131\u011f\u0131n\u0131 ya da &#8216;kullan\u0131lamad\u0131\u011f\u0131n\u0131&#8217; hesap edin. \u0130stanbul&#8217;da, Ankara&#8217;da, \u0130zmir&#8217;de bunu yapan\u0131n, g\u00fc\u00e7l\u00fc oldu\u011fu yerlerde neler yapt\u0131\u011f\u0131n\u0131 d\u00fc\u015f\u00fcn\u00fcn. \u0130\u015fte bu ko\u015fullar alt\u0131nda en az y\u00fczde 55&#8217;lik &#8220;Hay\u0131r&#8221; oylar\u0131 Erdo\u011fan-Bah\u00e7eli kli\u011fi i\u00e7in \u201cgerekli&#8221; olan y\u00fczde 49 s\u0131n\u0131r\u0131na geriletilebildi.<\/p>\n<h2 align=\"left\">Bir tabu y\u0131k\u0131ld\u0131<\/h2>\n<p align=\"left\">Erdo\u011fan-Bah\u00e7eli kli\u011fi Cumhurba\u015fkan\u0131n\u0131n halk taraf\u0131ndan se\u00e7ilmesi anlay\u0131\u015f\u0131n\u0131n hakim k\u0131l\u0131nmas\u0131n\u0131n kendilerine sunaca\u011f\u0131 imkan\u0131 \u015f\u00f6yle tasarlam\u0131\u015flard\u0131: &#8220;T\u00fcrkiye&#8217;de geleneksel olarak y\u00fczde 70 sa\u011f, y\u00fczde 30 sol oy vard\u0131r. Bu iki kamp\u0131n kar\u015f\u0131 kar\u015f\u0131ya kalmas\u0131 halinde sonu\u00e7 her zaman bizim lehimize olur. \u00c7\u00fcnk\u00fc M\u00fcsl\u00fcman toplumumuz esasen ezici olarak S\u00fcnni a\u011f\u0131rl\u0131kl\u0131d\u0131r.&#8221; Se\u00e7im sonu\u00e7lar\u0131n\u0131n Erdo\u011fan-Bah\u00e7eli kli\u011fini \u015fa\u015f\u0131rtmas\u0131n\u0131n alt\u0131nda bu tabunun \u00e7at\u0131r \u00e7at\u0131r y\u0131k\u0131lm\u0131\u015f olmas\u0131 yat\u0131yor. Art\u0131k 1950&#8217;li y\u0131llarda de\u011filiz ve Alevi\/S\u00fcnni ayr\u0131m\u0131 \u00fczerinden kampanya y\u00fcr\u00fctmek Malatya, Elaz\u0131\u011f, Mara\u015f ve benzeri birka\u00e7 il d\u0131\u015f\u0131nda s\u00f6km\u00fcyor. Kald\u0131 ki ezici \u00e7o\u011funlu\u011fu S\u00fcnni olan K\u00fcrt halk\u0131 da zaten uzun zamand\u0131r bu y\u00f6r\u00fcngenin d\u0131\u015f\u0131nda tav\u0131r al\u0131yor.<\/p>\n<h2 align=\"left\">Cumhuriyet ve laiklik kendini savunuyor,<\/h2>\n<h2 align=\"left\">baz\u0131 umutsuzlara inat san\u0131ld\u0131\u011f\u0131ndan daha g\u00fc\u00e7l\u00fc olarak \u00fcstelik<\/h2>\n<p align=\"left\">Hem cumhuriyet hem de laiklik T\u00fcrkiye toplumuna fazlas\u0131yla yerle\u015fmi\u015f, k\u00f6kle\u015fmi\u015f durumda. Bu plebisiti, yani &#8220;Cumhuriyet mi, Saltanat m\u0131?&#8221; oylamas\u0131n\u0131 1923 y\u0131l\u0131nda bile yapm\u0131\u015f olsayd\u0131n\u0131z, sonu\u00e7 y\u00fczde 90 Saltanat ve hilafet lehine \u00e7\u0131kard\u0131. Kar\u015f\u0131-devrimci \u00e7evrelerin yan\u0131lsamas\u0131 1923 &#8220;kesintisi&#8221;ne 2023&#8217;te son verebileceklerini sanmalar\u0131yd\u0131. Art\u0131k bu ama\u00e7lar\u0131na varmak i\u00e7in ger\u00e7ek bir kar\u015f\u0131-devrim \u00f6rg\u00fctlemeleri gerekti\u011fini g\u00f6r\u00fcyorlar, ama zaten alaturka fa\u015fizm niyetleri de bundan ba\u015fka bir \u015fey de\u011fil.<\/p>\n<h2 align=\"left\">Halk, \u00f6nderliklerinden daha ileri<\/h2>\n<p align=\"left\">T\u00fcrkiye halklar\u0131n\u0131 b\u00fcnyesinde toplayan T\u00fcrkiye milleti, \u00f6nderliklerinden daha cesur ve m\u00fccadeleci bir noktada. Yukar\u0131da and\u0131\u011f\u0131m\u0131z &#8220;y\u00fczde 70\/y\u00fczde 30&#8221; tabusundan sonra bu plebisitle birlikte bir tabu daha y\u0131k\u0131ld\u0131: &#8220;Bu millet, millet de\u011fil illet!&#8221; ya da &#8220;bu millet de\u011fil, \u00fcmmet!&#8221; Hay\u0131r! Bu plebisit, halklar\u0131n hi\u00e7 de \u00fcmmet olmad\u0131klar\u0131n\u0131 ve \u00e7o\u011funlukla ger\u00e7ek birer yurtta\u015f bilincine sahip olduklar\u0131n\u0131 g\u00f6stermi\u015ftir. Zaten d\u00fcnyan\u0131n her yerinde oldu\u011fu gibi emperyalizmi ve onun emrindeki egemen burjuvaziyi de korkutan budur. Emperyalist burjuvazinin korkusu haline geldi &#8220;burjuva demokrasisi&#8221;. Halk\u0131n egemenli\u011fi ve kendi kaderini tayin hakk\u0131 gibi bir &#8220;burjuva&#8221; talep art\u0131k bir ge\u00e7i\u015f talebi (kapitalizmden sosyalizme) haline geldi. Ancak milletin kendi kaderine sahip \u00e7\u0131kmak istemesi, hileli se\u00e7imleri reddetmesi ve soka\u011fa \u00e7\u0131karak bunu protesto etmek istemesi bizzat kendi \u00f6nderlikleri taraf\u0131ndan engelleniyor. Bu engelleme ve giderek ne olaca\u011f\u0131 art\u0131k a\u015fik\u00e2r olan 2019 se\u00e7imlerine &#8220;haz\u0131rlanma&#8221; manevralar\u0131 en \u00e7ok emperyalizmi ve Erdo\u011fan-Bah\u00e7eli kli\u011fini mutlu ediyor. \u00c7\u00fcnk\u00fc bu zaten y\u00fczde 51&#8217;i me\u015fru g\u00f6rmekten ba\u015fka bir anlama gelmiyor.<\/p>\n<\/div>\n<\/td>\n<\/tr>\n<\/tbody>\n<\/table>\n<p><img loading=\"lazy\" decoding=\"async\" class=\"alignnone size-large wp-image-1754\" src=\"https:\/\/pgbsosyalizm.org\/yenicms\/wp-content\/uploads\/2016\/11\/1may\u0131s2016-ikp-1024x768.jpg\" alt=\"\" width=\"1024\" height=\"768\" srcset=\"https:\/\/pgbsosyalizm.org\/yenicms\/wp-content\/uploads\/2016\/11\/1may\u0131s2016-ikp-1024x768.jpg 1024w, https:\/\/pgbsosyalizm.org\/yenicms\/wp-content\/uploads\/2016\/11\/1may\u0131s2016-ikp-150x113.jpg 150w, https:\/\/pgbsosyalizm.org\/yenicms\/wp-content\/uploads\/2016\/11\/1may\u0131s2016-ikp-300x225.jpg 300w, https:\/\/pgbsosyalizm.org\/yenicms\/wp-content\/uploads\/2016\/11\/1may\u0131s2016-ikp-768x576.jpg 768w, https:\/\/pgbsosyalizm.org\/yenicms\/wp-content\/uploads\/2016\/11\/1may\u0131s2016-ikp-1140x855.jpg 1140w, https:\/\/pgbsosyalizm.org\/yenicms\/wp-content\/uploads\/2016\/11\/1may\u0131s2016-ikp.jpg 1280w\" sizes=\"auto, (max-width: 1024px) 100vw, 1024px\" \/><\/p>\n<h2 align=\"left\">Kurucu Meclis ne anlama geliyor ve bu talepte neden \u0131srar edilmeli?<\/h2>\n<p align=\"left\">Egemen bir kurucu meclis talebi en geli\u015fkin siyasal demokrasi talebidir. Halk\u0131n kendi kaderine sahip \u00e7\u0131kmas\u0131 anlam\u0131na gelir. &#8220;Ben kendi kendimi y\u00f6netmek istiyorum!&#8221; talebidir. San\u0131ld\u0131\u011f\u0131n\u0131n tersine hukuki bir yan\u0131 yoktur, t\u00fcm\u00fcyle siyasal bir taleptir. Bu talep, &#8220;hukuk\u00e7ular\u0131n, anayasa profes\u00f6rlerinin anayasa yapmas\u0131&#8221; demek de\u011fildir. Tarih boyunca siyasal demokrasi talebi kurucu meclis form\u00fcl\u00fcyle kar\u015f\u0131lanm\u0131\u015ft\u0131r. <strong>Bug\u00fcn T\u00fcrkiye&#8217;de egemen bir kurucu meclis talebi demokrasinin, ulusal egemenli\u011fin, K\u00fcrt kalk\u0131n\u0131n kendi kaderini tayin hakk\u0131n\u0131n ve dolay\u0131s\u0131yla bir i\u015f\u00e7i-k\u00f6yl\u00fc h\u00fck\u00fcmetinin yolunu a\u00e7man\u0131n form\u00fcl\u00fcd\u00fcr.<\/strong><\/p>\n<p align=\"left\">Emperyalizmin ne merkez \u00fclkelerinde ne de ba\u011f\u0131ml\u0131 \u00fclkelerde tahamm\u00fcl edebildi\u011fi bir taleptir kurucu meclis. Nitekim bak\u0131n, art\u0131k sadece T\u00fcrkiye&#8217;de de\u011fil, hem emperyalist Fransa&#8217;da, hem emperyalizmin a\u011fa babas\u0131 ABD&#8217;de halk egemenli\u011finden s\u00f6z etmek m\u00fcmk\u00fcn de\u011fil. Fransa&#8217;da OHAL uygulamas\u0131 karar\u0131, De Gaulle Anayasas\u0131\u2019n\u0131n 49-3 Maddesi sayesinde, T\u00fcrkiye&#8217;den bile daha gerici bir bi\u00e7imiyle Meclis&#8217;te oylanmadan al\u0131nabiliyor. ABD&#8217;de iki partili sistem komedisi s\u00fcr\u00fcyor ve \u00fcst\u00fcne \u00fcstl\u00fck daha az oy alan aday Ba\u015fkan bile se\u00e7ilebiliyor.<\/p>\n<p align=\"left\">Kurucu Meclis talebiyle ilgili en \u00f6nemli nokta \u015fu: Talebin \u00f6nemi kitle hareketine ivme kazand\u0131rmas\u0131ndan ge\u00e7iyor. Evet, hi\u00e7bir se\u00e7im baraj\u0131n\u0131n olmad\u0131\u011f\u0131, b\u00fct\u00fcn siyasal yap\u0131lara programlar\u0131n\u0131 oylatabilecekleri bir imk\u00e2n e\u015fitli\u011finin tan\u0131nd\u0131\u011f\u0131, se\u00e7ilmi\u015f vekillerin ald\u0131klar\u0131 vek\u00e2lete ayk\u0131r\u0131 davrand\u0131klar\u0131nda se\u00e7menleri taraf\u0131ndan g\u00f6revden al\u0131nabilecekleri bir se\u00e7im. Hi\u00e7bir yabanc\u0131 \u00fclkeye macerac\u0131 askeri m\u00fcdahalelerde bulunmayacak olan bir meclisin se\u00e7imi vs. Ama b\u00fct\u00fcn bu ko\u015fullar\u0131n yerine gelebilmesi i\u00e7in mutlak bir siyasal \u00f6zg\u00fcrl\u00fck ortam\u0131n\u0131n yarat\u0131lmas\u0131, OHAL\u2019in sonland\u0131r\u0131lmas\u0131, b\u00fct\u00fcn siyasi tutuklular\u0131n serbest b\u0131rak\u0131lmas\u0131, program\u0131 olan her partinin, sendikan\u0131n, demokratik kitle \u00f6rg\u00fct\u00fcn\u00fcn kendi adaylar\u0131yla se\u00e7imlere kat\u0131lma imk\u00e2n\u0131na kavu\u015fmas\u0131. Yoksa <strong>mevcut ko\u015fullar\u0131n de\u011fi\u015fmemesi halinde bir se\u00e7ime gidilmesi ancak Erdo\u011fan-Bah\u00e7eli kli\u011finin bir tercihi olman\u0131n \u00f6tesine ge\u00e7mez ve tabii bu bir Kurucu Meclis se\u00e7imi de\u011fildir.<\/strong><\/p>\n<p align=\"left\">Son olarak s\u00f6ylenmesi gereken bir nokta: <strong>Egemen kurucu meclis se\u00e7imi i\u015f\u00e7i s\u0131n\u0131f\u0131n\u0131n iktidar m\u00fccadelesinde zorunlu bir durak de\u011fildir.<\/strong> Ko\u015fullar bunun a\u015f\u0131lmas\u0131na ve daha geli\u015fkin kurumlar\u0131n do\u011fmas\u0131na imk\u00e2n tan\u0131yabilir. Sadece \u015fu an i\u00e7in kitleleri harekete ge\u00e7irebilmenin olmazsa olmaz politik form\u00fcl\u00fcd\u00fcr egemen kurucu meclis, o kadar. Dolay\u0131s\u0131yla bir i\u015f\u00e7i-k\u00f6yl\u00fc h\u00fck\u00fcmeti i\u00e7in egemen bir kurucu meclis mevcut durumda ana hedefimiz olacakt\u0131r.<\/p>\n<h2 align=\"left\">Kurucu Meclis Komitelerinin kurulmas\u0131 i\u00e7in daha fazla gecikmeden harekete ge\u00e7ilmelidir<\/h2>\n<p align=\"left\">Yukar\u0131da ileri s\u00fcrd\u00fc\u011f\u00fcm\u00fcz t\u00fcrden bir kurucu meclisin olu\u015fmas\u0131 i\u00e7in acil olarak Kurucu Meclis Komitelerinin her mahallede, her fabrikada, her i\u015fyerinde, her k\u00f6yde yarat\u0131lmas\u0131 bir zorunluluktur. Bunun i\u00e7in daha fazla geciktirmeden, \u00f6ncelikle sokakta bulu\u015fan \u201cHay\u0131r\u201dc\u0131lardan ba\u015flayarak t\u00fcm ezilen ve s\u00f6m\u00fcr\u00fclenleri ifade, eylem ve bas\u0131n \u00f6zg\u00fcrl\u00fc\u011f\u00fc i\u00e7in; siyasal ve sendikal \u00f6rg\u00fctlenme \u00f6zg\u00fcrl\u00fc\u011f\u00fc i\u00e7in; grev hakk\u0131 ve g\u00fcvenceli \u00e7al\u0131\u015fma i\u00e7in ve geli\u015fkin bir siyasal demokrasinin gerektirdi\u011fi t\u00fcm taleplerle Kurucu Meclis Komiteleri etraf\u0131nda \u00f6rg\u00fctlenmeye \u00e7a\u011f\u0131rmal\u0131y\u0131z.<\/p>\n<p align=\"left\">T\u00fcrk halk\u0131yla K\u00fcrt halk\u0131n\u0131n tabandan y\u00fckselecek bir m\u00fccadele i\u00e7inde Kurucu Meclis Komiteleri olu\u015fturmaya ba\u015flamalar\u0131 ve bu yolda m\u00fccadele etmeleri, ka\u00e7\u0131n\u0131lmaz olarak s\u0131n\u0131f temelli daha farkl\u0131 meclislerin de ortaya \u00e7\u0131kmas\u0131na f\u0131rsat verecektir. \u0130\u015f\u00e7i \u00f6rg\u00fctleri, emperyalizm alt\u0131nda her \u00fclkede ko\u015fullar\u0131n her an de\u011fi\u015febilece\u011fini g\u00f6zden ka\u00e7\u0131rmadan bu \u00f6rg\u00fctlenmenin de i\u00e7inde olmak zorundad\u0131rlar.<\/p>\n<h2 align=\"left\">\u0130KP ne yapacak?<\/h2>\n<p align=\"left\">B\u00f6yle egemen bir kurucu mecliste <strong><em>\u0130\u015f\u00e7i Karde\u015fli\u011fi Partisi (\u0130KP)<\/em><\/strong> olarak, i\u015f\u00e7i s\u0131n\u0131f\u0131n\u0131n yoksul k\u00f6yl\u00fcl\u00fckle birlikte h\u00fck\u00fcmet olabilmesi i\u00e7in i\u015f\u00e7i s\u0131n\u0131f\u0131ndan yana b\u00fct\u00fcn \u00f6rg\u00fctlerin bir araya gelerek geni\u015f ve ba\u011f\u0131ms\u0131z bir i\u015f\u00e7i partisi in\u015fa etmeleri i\u00e7in seferber olmalar\u0131 gerekti\u011fini savunuyoruz. Bu olmad\u0131\u011f\u0131 takdirde Kurucu Meclis i\u00e7in m\u00fccadelenin bir i\u015f\u00e7i-k\u00f6yl\u00fc h\u00fck\u00fcmetiyle ta\u00e7lanmas\u0131n\u0131n m\u00fcmk\u00fcn olmayaca\u011f\u0131n\u0131n ve bu meclisin de -bug\u00fcne g\u00f6re \u00e7ok daha ileri olsa da- sadece bir burjuva meclisi olarak kalaca\u011f\u0131n\u0131n bilincinde olmal\u0131y\u0131z.<\/p>\n","protected":false},"excerpt":{"rendered":"<p>&#8212; \u015eadi Ozans\u00fc T\u00fcrkiye bir plebisit ya\u015fad\u0131 ve sonu\u00e7 ortada. \u00dclkenin bir\u00e7ok ilinde, il\u00e7esinde, k\u00f6y\u00fcnde ve beldesinde silahl\u0131 e\u015fk\u0131yan\u0131n kontrol\u00fcnde bir plebisitti bu. &#8220;Hay\u0131r&#8221; oylar\u0131n\u0131n y\u00fczde 90&#8217;lar\u0131 a\u015ft\u0131\u011f\u0131 baz\u0131 kent merkezlerinde bile \u015fehir e\u015fk\u0131yas\u0131 ile k\u00f6y korucular\u0131n\u0131n cirit att\u0131\u011f\u0131 bir s\u00f6zde &#8220;halk oylamas\u0131&#8221;. Bu durumda var\u0131n Erzurum&#8217;da, Konya&#8217;da, Bing\u00f6l&#8217;de ve benzeri yerlerde oylar\u0131n nas\u0131l kullan\u0131ld\u0131\u011f\u0131n\u0131 [&hellip;]<\/p>\n","protected":false},"author":1,"featured_media":0,"comment_status":"closed","ping_status":"closed","sticky":false,"template":"","format":"standard","meta":{"footnotes":""},"categories":[379],"tags":[373,366,64,380,53,302,154],"class_list":["post-1885","post","type-post","status-publish","format-standard","hentry","category-27-sayi-14-mayis-2017","tag-16-nisan","tag-hayir","tag-kurucu-meclis","tag-kurucu-meclis-komiteleri","tag-onsayfa","tag-referandum","tag-sadi-ozansu"],"_links":{"self":[{"href":"https:\/\/pgbsosyalizm.org\/index.php?rest_route=\/wp\/v2\/posts\/1885","targetHints":{"allow":["GET"]}}],"collection":[{"href":"https:\/\/pgbsosyalizm.org\/index.php?rest_route=\/wp\/v2\/posts"}],"about":[{"href":"https:\/\/pgbsosyalizm.org\/index.php?rest_route=\/wp\/v2\/types\/post"}],"author":[{"embeddable":true,"href":"https:\/\/pgbsosyalizm.org\/index.php?rest_route=\/wp\/v2\/users\/1"}],"replies":[{"embeddable":true,"href":"https:\/\/pgbsosyalizm.org\/index.php?rest_route=%2Fwp%2Fv2%2Fcomments&post=1885"}],"version-history":[{"count":2,"href":"https:\/\/pgbsosyalizm.org\/index.php?rest_route=\/wp\/v2\/posts\/1885\/revisions"}],"predecessor-version":[{"id":1887,"href":"https:\/\/pgbsosyalizm.org\/index.php?rest_route=\/wp\/v2\/posts\/1885\/revisions\/1887"}],"wp:attachment":[{"href":"https:\/\/pgbsosyalizm.org\/index.php?rest_route=%2Fwp%2Fv2%2Fmedia&parent=1885"}],"wp:term":[{"taxonomy":"category","embeddable":true,"href":"https:\/\/pgbsosyalizm.org\/index.php?rest_route=%2Fwp%2Fv2%2Fcategories&post=1885"},{"taxonomy":"post_tag","embeddable":true,"href":"https:\/\/pgbsosyalizm.org\/index.php?rest_route=%2Fwp%2Fv2%2Ftags&post=1885"}],"curies":[{"name":"wp","href":"https:\/\/api.w.org\/{rel}","templated":true}]}}