{"id":1891,"date":"2017-05-14T00:40:33","date_gmt":"2017-05-13T22:40:33","guid":{"rendered":"http:\/\/pgbsosyalizm.org\/?p=1891"},"modified":"2017-05-14T00:53:41","modified_gmt":"2017-05-13T22:53:41","slug":"macron-gayrimesrudur","status":"publish","type":"post","link":"https:\/\/pgbsosyalizm.org\/?p=1891","title":{"rendered":"Macron Gayrime\u015frudur!"},"content":{"rendered":"<p align=\"left\">Buna ra\u011fmen V. Cumhuriyet kurumlar\u0131 ona Sosyal G\u00fcvenli\u011fi ve \u00c7al\u0131\u015fma Yasas\u0131ndan geri kalanlar\u0131 y\u0131kmak i\u00e7in her t\u00fcrl\u00fc yetkiyi veriyor.<\/p>\n<p align=\"left\">Bunu nas\u0131l engelleyebiliriz?<br \/>\nTabii ki i\u015f\u00e7i s\u0131n\u0131f\u0131n\u0131n birli\u011fiyle!<\/p>\n<p align=\"left\">Macron 7 May\u0131sta se\u00e7ildi ama olgular onun son derece zay\u0131f bir az\u0131nl\u0131\u011f\u0131 temsil etti\u011fini g\u00f6steriyor.<\/p>\n<p align=\"left\">Kan\u0131t\u0131:<\/p>\n<p><span class=\"mimi-ul\"><span class=\"mimi-bullet\">\u25aa <\/span>Kay\u0131tl\u0131 se\u00e7menlerin y\u00fczde 26\u2019s\u0131 oy kullanmam\u0131\u015fken;<br \/>\n<span class=\"mimi-bullet\">\u25aa <\/span>Kay\u0131tl\u0131 se\u00e7menlerin y\u00fczde 9\u2019u bo\u015f ya da ge\u00e7ersiz oy kullanm\u0131\u015fken;<br \/>\n<span class=\"mimi-bullet\">\u25aa <\/span>Oy kullanan her \u00fc\u00e7 se\u00e7menden sadece birinin oyunu alabilmi\u015fken ve i\u015f\u00e7i mahallelerinde oy kullanmama oran\u0131 y\u00fczde 50\u2019leri a\u015fm\u0131\u015fken;<br \/>\n<span class=\"mimi-bullet\">\u25aa <\/span>Y\u00fczde 65\u2019lik kullan\u0131lan oy \u00fczerinden kay\u0131tl\u0131 se\u00e7menlerin y\u00fczde 42\u2019sinin oyunu alabilmi\u015fken se\u00e7ildi.<br \/>\n<\/span><\/p>\n<p align=\"left\">\u00dcstelik herkes biliyor ki alm\u0131\u015f oldu\u011fu oylar\u0131n yar\u0131dan fazlas\u0131, onun program\u0131na kar\u015f\u0131 olduklar\u0131 halde s\u0131rf Le Pen\u2019e kar\u015f\u0131 olduklar\u0131 i\u00e7in verilmi\u015f oylard\u0131r.<\/p>\n<div id=\"attachment_1894\" style=\"width: 270px\" class=\"wp-caption alignright\"><img loading=\"lazy\" decoding=\"async\" aria-describedby=\"caption-attachment-1894\" class=\"wp-image-1894\" src=\"https:\/\/pgbsosyalizm.org\/yenicms\/wp-content\/uploads\/2017\/05\/une-tt-88-50k.jpg\" alt=\"\" width=\"260\" height=\"392\" srcset=\"https:\/\/pgbsosyalizm.org\/yenicms\/wp-content\/uploads\/2017\/05\/une-tt-88-50k.jpg 620w, https:\/\/pgbsosyalizm.org\/yenicms\/wp-content\/uploads\/2017\/05\/une-tt-88-50k-99x150.jpg 99w, https:\/\/pgbsosyalizm.org\/yenicms\/wp-content\/uploads\/2017\/05\/une-tt-88-50k-199x300.jpg 199w\" sizes=\"auto, (max-width: 260px) 100vw, 260px\" \/><p id=\"caption-attachment-1894\" class=\"wp-caption-text\">Gayrime\u015fru! Az\u0131nl\u0131\u011f\u0131n Ba\u015fkan\u0131 Sosyal G\u00fcvenli\u011fi ve \u00c7al\u0131\u015fma Yasas\u0131ndan geri kalanlar\u0131 y\u0131kmak i\u00e7in sald\u0131rmak istiyor<\/p><\/div>\n<p align=\"left\"><strong>Her be\u015f se\u00e7menden d\u00f6rd\u00fc Macron\u2019un program\u0131n\u0131 desteklememektedir. Dolay\u0131s\u0131yla \u00e7ok k\u00fc\u00e7\u00fck bir az\u0131nl\u0131\u011f\u0131n Ba\u015fkan\u0131 olan bu \u015fahs\u0131n hi\u00e7bir me\u015fruiyeti yoktur.<\/strong><\/p>\n<p align=\"left\">Ancak V. Cumhuriyet kurumlar\u0131 \u00f6yle bir \u015fekilde olu\u015fturulmu\u015ftur ki se\u00e7menlerin y\u00fczde 20\u2019sini temsil eden bir ba\u015fkan elinin alt\u0131nda iktidar\u0131n y\u00fczde 100\u2019\u00fcn\u00fc tutabiliyor.<\/p>\n<p align=\"left\">Ve Macron daha \u015fimdiden bu iktidar\u0131n yetkilerini kullanarak;<\/p>\n<p><span class=\"mimi-ul\"><span class=\"mimi-bullet\">\u25aa <\/span>Yaz aylar\u0131n\u0131n hemen ba\u015f\u0131ndan itibaren kanun h\u00fckm\u00fcnde kararnameler ve Meclisin onay mecburiyetini ortadan kald\u0131ran De Gaulle Anayasas\u0131&#8217;n\u0131n 49\/3 Maddesine dayanarak \u00c7al\u0131\u015fma Yasas\u0131n\u0131 t\u00fcm\u00fcyle y\u0131karak El Khomri yasas\u0131n\u0131 daha da sertle\u015ftirece\u011fini;<br \/>\n<span class=\"mimi-bullet\">\u25aa <\/span>Ertelenmi\u015f \u00fccret \u00fczerine kurulu 1945 tarihli i\u015f\u00e7i kazan\u0131m\u0131 olan Sosyal G\u00fcvenlik Yasas\u0131n\u0131n bel kemi\u011fini olu\u015fturan sa\u011fl\u0131k sigortas\u0131n\u0131 ortadan kald\u0131raca\u011f\u0131n\u0131;<br \/>\n<span class=\"mimi-bullet\">\u25aa <\/span>Ad\u0131na \u201cfaydas\u0131z tedaviler\u201d dedi\u011fi sa\u011fl\u0131k \u00f6demelerini daha sonra \u201cl\u00fczumlu tedaviler\u201di de ortadan kald\u0131rmak \u00fczere hi\u00e7 bir \u015fekilde yapmayaca\u011f\u0131n\u0131 ilan ediyor.<br \/>\n<\/span><\/p>\n<p align=\"left\">Macron; El Khomri yasas\u0131na kar\u015f\u0131 milyonlar halinde \u00fclkeyi sarsan i\u015f\u00e7i s\u0131n\u0131f\u0131n\u0131 cezaland\u0131rmak i\u00e7in bir avu\u00e7 kapitalistle bankerin kendi \u00e7\u0131karlar\u0131 i\u00e7in kulland\u0131klar\u0131 bir ara\u00e7tan ba\u015fka bir \u015fey de\u011fildir.<\/p>\n<p align=\"left\">Bu hedefine varmak i\u00e7in de, hi\u00e7 s\u0131k\u0131lmadan \u2013ki bu V. Cumhuriyet mant\u0131\u011f\u0131na \u00e7ok uygundur- i\u015f\u00e7i \u00f6rg\u00fctlerinden bu plan\u0131 hayata ge\u00e7irmek i\u00e7in birlikte \u00e7al\u0131\u015fma talebinde bulunmaktad\u0131r.<\/p>\n<p align=\"left\">D\u00f6rt bir yandan Le Pen\u2019i yenilgiye u\u011fratm\u0131\u015f olman\u0131n kar\u015f\u0131l\u0131kl\u0131 kutlamalar\u0131na tan\u0131k oluyoruz. Ku\u015fkusuz Le Pen\u2019in yenilgisi iyi, ama emek\u00e7iler ve i\u015f\u00e7i hareketi i\u00e7in \u015fu iki sorunun cevaplanmas\u0131 da bir zorunluluktur: Bu noktaya nas\u0131l geldik? Ve bu felaketi engellemek i\u00e7in ne yapmal\u0131y\u0131z?<\/p>\n<h2 align=\"left\">Buraya nas\u0131l geldik?<\/h2>\n<p><span class=\"mimi-ul\"><span class=\"mimi-bullet\">\u25aa <\/span>Be\u015f y\u0131ll\u0131k Hollande h\u00fck\u00fcmeti, AB taraf\u0131ndan dayat\u0131lan 5 y\u0131ll\u0131k kar\u015f\u0131-reformlar ve sosyal y\u0131k\u0131m planlar\u0131: Macron. Touraine. NAPTAM. NOTRe. El Khomri, Peillon, sorumluluk s\u00f6zle\u015fmesiyle, fabrikalar\u0131n, hastanelerin, okullar\u0131n, postanelerin kapat\u0131lmas\u0131yla ve sendikac\u0131larla gen\u00e7lere uygulanan bask\u0131larla.<br \/>\n<span class=\"mimi-bullet\">\u25aa <\/span><strong>\u0130llerde, b\u00f6lgelerde ve belediyelerde<\/strong> b\u00fct\u00fcn \u201csol\u201d partiler (\u201cBoyun E\u011fmeyen Fransa\u201dy\u0131 destekleyenler dahil olmak \u00fczere) ayn\u0131 kemer s\u0131kma politikalar\u0131n\u0131, postanelerin personelini azaltarak, kamu hizmetlerini AB Komisyonunun talepleri do\u011frultusunda \u00f6zelle\u015ftirerek halk\u0131n ya\u015fam ko\u015fullar\u0131n\u0131 zorla\u015ft\u0131rd\u0131lar.<br \/>\n<span class=\"mimi-bullet\">\u25aa <\/span><strong>B\u00f6l\u00fcnmeler:<\/strong> Bu zor ko\u015fullar alt\u0131nda bile, Hanon (Sosyalist Parti\u2019nin kendi \u00f6nse\u00e7iminde en az\u0131ndan k\u0131smen de olsa Hollande\u2019\u0131n politikalar\u0131na kar\u015f\u0131 \u00e7\u0131kt\u0131\u011f\u0131 i\u00e7in aday olarak se\u00e7ilen y\u00f6neticisi) ile M\u00e9lenchon aras\u0131nda El Khomri yasas\u0131n\u0131n iptali \u00fczerine in\u015fa edilecek bir ortak adayl\u0131k (\u00e7\u00fcnk\u00fc her ikisi de El Khomri yasas\u0131na itiraz ediyorlard\u0131) olaylar\u0131n seyrini t\u00fcm\u00fcyle de\u011fi\u015ftirebilirdi. Ama bu iki aday birlik yolunu reddederek b\u00f6l\u00fcnmeyi keskinle\u015ftirerek Macron\u2019un se\u00e7ilmesini tercih ettiler.<br \/>\n<\/span><\/p>\n<h2 align=\"left\">Bu durum V. Cumhuriyet\u2019in anti-demokratik kurumlar\u0131n\u0131n mant\u0131ki sonucudur<\/h2>\n<p align=\"left\">V. Cumhuriyet anayasas\u0131ndaki siyasal se\u00e7imlerdeki ama\u00e7 se\u00e7menlerin farkl\u0131 programlar aras\u0131nda bir tercih yapmalar\u0131 de\u011fildir. Nihai se\u00e7im be\u015f y\u0131lda bir ger\u00e7ekle\u015ftirilecek bir plebisitle ta\u00e7s\u0131z bir kral se\u00e7mektir. \u00dcstelik bu se\u00e7ilecek \u015fah\u0131s tercih etti\u011finizden ziyade, en az nefret etti\u011finiz \u015fah\u0131s olacakt\u0131r.<\/p>\n<p align=\"left\">B\u00f6yle bir se\u00e7imle gelen ba\u015fkan, i\u015f\u00e7i s\u0131n\u0131f\u0131na ve demokrasiye sald\u0131rmak i\u00e7in b\u00fct\u00fcn yetkilerle donanm\u0131\u015f olacakt\u0131r.<\/p>\n<p align=\"left\">\u0130\u015fte bu y\u00fczden ba\u015fkan\u0131n genel oyla se\u00e7ilmesine son verilmelidir. Gene tam da bu y\u00fczden V. Cumhuriyetin kurumlar\u0131 y\u00fcr\u00fcrl\u00fckten kald\u0131r\u0131lmal\u0131d\u0131r.<\/p>\n<h2 align=\"left\">Egemen bir kurucu meclis se\u00e7iminin zaman\u0131 gelmi\u015ftir<\/h2>\n<p align=\"left\">Se\u00e7imlerin ikinci turunun ak\u015fam\u0131 b\u00fct\u00fcn kurumsal partilerin sorumlular\u0131 hepbirlikte bu anti-demokratik kurumlara sayg\u0131lar\u0131n\u0131 sunarken Macron&#8217;a da ba\u015far\u0131lar dilediler.<br \/>\nBunlar\u0131n baz\u0131lar\u0131 politikalar\u0131n\u0131 hayata ge\u00e7irmek i\u00e7in yeni Ba\u015fkan\u0131n yard\u0131mc\u0131l\u0131\u011f\u0131na soyunmaya aday olduklar\u0131n\u0131 ifade ederlerken, di\u011ferleri de me\u015fru bir muhalefet rol\u00fcne soyunmak i\u00e7in genel se\u00e7imleri kazanarak Macron&#8217;la birlikte y\u00f6netimi payla\u015fabileceklerini ifade ettiler (M\u00e9lenchon).<\/p>\n<p align=\"left\">B\u00fct\u00fcn yetkilerin ba\u015fkan\u0131n elinde topland\u0131\u011f\u0131 bonapartist V. Cumhuriyet rejimi alt\u0131nda Millet Meclisindeki muhalefetin neredeyse hi\u00e7bir \u00f6neminin olmad\u0131\u011f\u0131n\u0131 i\u015f\u00e7iler y\u0131llar\u0131n deneyimleriyle \u00f6\u011frenmi\u015f bulunuyorlar. Muhalefetin tek i\u015flevi, ba\u015fkan\u0131n alaca\u011f\u0131 i\u015f\u00e7i d\u00fc\u015fman\u0131 ve anti-demokratik kararlara bir demokrasi cilas\u0131 atmaktan ibarettir.<\/p>\n<p align=\"left\">Hollande\/Valls h\u00fck\u00fcmetinin kanun h\u00fckm\u00fcnde kararnameler ve 49\/3 darbeleriyle Meclisten ge\u00e7irdikleri i\u015f\u00e7i d\u00fc\u015fman\u0131 uygulamalara kar\u015f\u0131 deneyim sahibi olmu\u015f i\u015f\u00e7iler \u015funu dile getirme hakk\u0131na sahiptirler: <strong>Haklar\u0131m\u0131z\u0131n, varl\u0131\u011f\u0131m\u0131z\u0131n, ailelerimizin ve demokrasinin savunulmas\u0131, V. Cumhuriyetin sahte parlamenter ayak oyunlar\u0131ndan de\u011fil, tam tersine bu cumhuriyetin tasfiyesinden ve onun yerine egemen bir kurucu meclisin se\u00e7ilmesinden ge\u00e7er.<\/strong><\/p>\n<p align=\"left\">\u00c7\u00fcnk\u00fc b\u00f6yle bir mecliste; se\u00e7ilmi\u015f, g\u00f6revlendirilmi\u015f, geri \u00e7a\u011fr\u0131labilir ve denetlenebilir b\u00fct\u00fcn halk delegeleri b\u00fct\u00fcn iktidar\u0131 ellerine ge\u00e7irerek demokrasiye uyan kurumlar\u0131 kurabileceklerdir.<\/p>\n<p align=\"left\">\u00c7\u00fcnk\u00fc bu delegeler bir &#8220;\u00fcst kurtar\u0131c\u0131&#8221;n\u0131n dalkavuklar\u0131 olarak de\u011fil, siyasal programlar\u0131 temelinde ortaya \u00e7\u0131km\u0131\u015f olan listelerin nispi temsiliyle se\u00e7ilmi\u015f olacaklard\u0131r.<\/p>\n<p align=\"left\">D\u00fcn, Bug\u00fcn, Yar\u0131n:<br \/>\nHer ko\u015ful alt\u0131nda,<\/p>\n<h2 align=\"left\">Ba\u011f\u0131ms\u0131z Demokratik \u0130\u015f\u00e7i Partisi (POID) \u0130\u015f\u00e7i s\u0131n\u0131f\u0131n\u0131n birli\u011fi ve demokrasi i\u00e7in m\u00fccadele eder<\/h2>\n<p align=\"left\">Partimiz; bir i\u015f\u00e7i h\u00fck\u00fcmeti taraftar\u0131 olarak AB ve V. Cumhuriyetle ba\u011flar\u0131n\u0131 derhal koparacak bir Kurucu Meclis \u00e7a\u011fr\u0131s\u0131 yapar. S\u0131n\u0131f m\u00fccadelesi i\u00e7indeki i\u015f\u00e7ilerin ve onlar\u0131n \u00f6rg\u00fctlerinin birli\u011fi yanl\u0131s\u0131 olan partimiz d\u00fcn El Khomri yasas\u0131n\u0131n kabul\u00fcne kar\u015f\u0131 nas\u0131l m\u00fccadele ettiyse, bug\u00fcn de ayn\u0131 yasan\u0131n y\u00fcr\u00fcrl\u00fckten kald\u0131r\u0131lmas\u0131 i\u00e7in ayn\u0131 \u015fekilde m\u00fccadeleye devam edecektir. Bu yolda, &#8220;y\u00fczde 20&#8217;lik&#8221; gayrime\u015fru Ba\u015fkan\u0131n \u00f6l\u00fcmc\u00fcl planlar\u0131n\u0131 engelleyebilmek amac\u0131yla b\u00fct\u00fcn g\u00fc\u00e7lerini siyasal m\u00fccadeleye sokaca\u011f\u0131n\u0131 taahh\u00fct eder. Partimizin amac\u0131, bu gayrime\u015fru Ba\u015fkan\u0131n planlar\u0131na kar\u015f\u0131 i\u015f\u00e7ilerin ve onlar\u0131n \u00f6rg\u00fctlerinin birle\u015fik blokunu kurmalar\u0131na ve en sa\u011flam birle\u015fik cepheyi ger\u00e7ekle\u015ftirmelerine yard\u0131mc\u0131 olmakt\u0131r.<\/p>\n<p align=\"left\">POID; s\u0131n\u0131f temelleri \u00fczerine kurulmu\u015f otantik bir i\u015f\u00e7i partisinin in\u015fas\u0131n\u0131n acil bir gereklilik oldu\u011funu ileri s\u00fcrer. Partimiz bu hedefler do\u011frultusunda, birli\u011fin sa\u011flanabilmesine yard\u0131mc\u0131 olabilmek ve El Khomri yasas\u0131n\u0131n y\u00fcr\u00fcrl\u00fckten kald\u0131r\u0131lmas\u0131 i\u00e7in, Sosyal G\u00fcvenlik ve \u00c7al\u0131\u015fma Yasas\u0131n\u0131 tehdit eden sald\u0131r\u0131lar\u0131 p\u00fcsk\u00fcrtebilmek amac\u0131yla V. Cumhuriyet rejimine son verecek bir Kurucu Meclisin yolunu a\u00e7mak i\u00e7in genel se\u00e7imlerde adaylar g\u00f6steriyor. Bu do\u011frultuda, b\u00fct\u00fcn i\u015f\u00e7ileri, militanlar\u0131 ve gen\u00e7leri \u00f6n\u00fcm\u00fczdeki g\u00fcnlerde \u00fclkenin d\u00f6rt bir yan\u0131nda \u00f6rg\u00fctleyece\u011fi toplant\u0131lara kat\u0131l\u0131p tart\u015fmalarda s\u00f6z almaya davet ediyor.<\/p>\n<p style=\"text-align: right;\" align=\"left\"><strong>Ba\u011f\u0131ms\u0131z Demokratik \u0130\u015f\u00e7i Partisi (POID) Ulusal B\u00fcrosu<\/strong><\/p>\n<p style=\"text-align: right;\" align=\"left\">Paris, 7 May\u0131s 2017- Saat 22.30<\/p>\n","protected":false},"excerpt":{"rendered":"<p>Buna ra\u011fmen V. Cumhuriyet kurumlar\u0131 ona Sosyal G\u00fcvenli\u011fi ve \u00c7al\u0131\u015fma Yasas\u0131ndan geri kalanlar\u0131 y\u0131kmak i\u00e7in her t\u00fcrl\u00fc yetkiyi veriyor. Bunu nas\u0131l engelleyebiliriz? Tabii ki i\u015f\u00e7i s\u0131n\u0131f\u0131n\u0131n birli\u011fiyle! Macron 7 May\u0131sta se\u00e7ildi ama olgular onun son derece zay\u0131f bir az\u0131nl\u0131\u011f\u0131 temsil etti\u011fini g\u00f6steriyor. Kan\u0131t\u0131: \u25aa Kay\u0131tl\u0131 se\u00e7menlerin y\u00fczde 26\u2019s\u0131 oy kullanmam\u0131\u015fken; \u25aa Kay\u0131tl\u0131 se\u00e7menlerin y\u00fczde 9\u2019u [&hellip;]<\/p>\n","protected":false},"author":1,"featured_media":1892,"comment_status":"closed","ping_status":"closed","sticky":false,"template":"","format":"standard","meta":{"footnotes":""},"categories":[50,379],"tags":[383,218,64,381,53,317,382],"class_list":["post-1891","post","type-post","status-publish","format-standard","has-post-thumbnail","hentry","category-c44-bildiriler","category-27-sayi-14-mayis-2017","tag-bagimsiz-demokratik-isci-partisi","tag-fransa","tag-kurucu-meclis","tag-macron","tag-onsayfa","tag-poid","tag-v-cumhuriyet"],"_links":{"self":[{"href":"https:\/\/pgbsosyalizm.org\/index.php?rest_route=\/wp\/v2\/posts\/1891","targetHints":{"allow":["GET"]}}],"collection":[{"href":"https:\/\/pgbsosyalizm.org\/index.php?rest_route=\/wp\/v2\/posts"}],"about":[{"href":"https:\/\/pgbsosyalizm.org\/index.php?rest_route=\/wp\/v2\/types\/post"}],"author":[{"embeddable":true,"href":"https:\/\/pgbsosyalizm.org\/index.php?rest_route=\/wp\/v2\/users\/1"}],"replies":[{"embeddable":true,"href":"https:\/\/pgbsosyalizm.org\/index.php?rest_route=%2Fwp%2Fv2%2Fcomments&post=1891"}],"version-history":[{"count":2,"href":"https:\/\/pgbsosyalizm.org\/index.php?rest_route=\/wp\/v2\/posts\/1891\/revisions"}],"predecessor-version":[{"id":1895,"href":"https:\/\/pgbsosyalizm.org\/index.php?rest_route=\/wp\/v2\/posts\/1891\/revisions\/1895"}],"wp:featuredmedia":[{"embeddable":true,"href":"https:\/\/pgbsosyalizm.org\/index.php?rest_route=\/wp\/v2\/media\/1892"}],"wp:attachment":[{"href":"https:\/\/pgbsosyalizm.org\/index.php?rest_route=%2Fwp%2Fv2%2Fmedia&parent=1891"}],"wp:term":[{"taxonomy":"category","embeddable":true,"href":"https:\/\/pgbsosyalizm.org\/index.php?rest_route=%2Fwp%2Fv2%2Fcategories&post=1891"},{"taxonomy":"post_tag","embeddable":true,"href":"https:\/\/pgbsosyalizm.org\/index.php?rest_route=%2Fwp%2Fv2%2Ftags&post=1891"}],"curies":[{"name":"wp","href":"https:\/\/api.w.org\/{rel}","templated":true}]}}