{"id":1898,"date":"2017-07-03T13:27:14","date_gmt":"2017-07-03T11:27:14","guid":{"rendered":"http:\/\/pgbsosyalizm.org\/?p=1898"},"modified":"2017-07-03T13:27:14","modified_gmt":"2017-07-03T11:27:14","slug":"elbette-adalet","status":"publish","type":"post","link":"https:\/\/pgbsosyalizm.org\/?p=1898","title":{"rendered":"Elbette ADALET!"},"content":{"rendered":"<div>\n<h2 style=\"text-align: left;\">Sonuna kadar ADALET!<\/h2>\n<h2 style=\"text-align: left;\">Ama bu \u00e7ok hakl\u0131 talep mant\u0131ki sonucuna varmal\u0131<\/h2>\n<p>CHP\u2019nin ba\u015flatt\u0131\u011f\u0131 \u201cAdalet\u201d y\u00fcr\u00fcy\u00fc\u015f\u00fc \u00e7ok hakl\u0131 ve sonuna kadar desteklenmeli. \u201cAma \u015fu destekliyormu\u015f, bu destekliyormu\u015f\u201d tart\u0131\u015fmas\u0131n\u0131n hi\u00e7bir \u00f6nemi olmad\u0131\u011f\u0131 gibi, \u201c\u015fu desteklemiyormu\u015f, bu desteklemiyormu\u015f\u201dun da bir \u00f6nemi yok.\u00a0<a href=\"https:\/\/iscikardesligi.org\/wp-content\/uploads\/2017\/07\/adalet-yuruyusu-3.jpg\"><img loading=\"lazy\" decoding=\"async\" class=\"size-medium wp-image-3633 alignright\" src=\"https:\/\/iscikardesligi.org\/wp-content\/uploads\/2017\/07\/adalet-yuruyusu-3-300x200.jpg\" sizes=\"auto, (max-width: 300px) 100vw, 300px\" srcset=\"https:\/\/iscikardesligi.org\/wp-content\/uploads\/2017\/07\/adalet-yuruyusu-3-300x200.jpg 300w, https:\/\/iscikardesligi.org\/wp-content\/uploads\/2017\/07\/adalet-yuruyusu-3-768x512.jpg 768w, https:\/\/iscikardesligi.org\/wp-content\/uploads\/2017\/07\/adalet-yuruyusu-3-342x228.jpg 342w, https:\/\/iscikardesligi.org\/wp-content\/uploads\/2017\/07\/adalet-yuruyusu-3.jpg 900w\" alt=\"\" width=\"300\" height=\"200\" \/><\/a>2013 Haziran \u0130syan\u0131\u2019ndan bu yana \u00f6nemli de olsa birka\u00e7 istisnai i\u015f\u00e7i s\u0131n\u0131f\u0131 hareketi (metal ve cam i\u015f\u00e7ilerinin eylemleri) d\u0131\u015f\u0131nda \u00fczerine \u00f6l\u00fc topra\u011f\u0131 serpilmi\u015f gibi duran bu \u00fclkede \u201cpeki\u015ftirilmi\u015f bir 12 Eyl\u00fcl rejimine\u201d kar\u015f\u0131 soka\u011f\u0131n harekete ge\u00e7mesine yol a\u00e7an bir eylem nas\u0131l olur da desteklenmez? Bak\u0131n daha \u015fimdiden Erdo\u011fan-Bah\u00e7eli kli\u011fi ve onlar\u0131n hempalar\u0131 nas\u0131l da k\u00fcplere bindiler? Yanda\u015f TV\u2019ler ve yaz\u0131l\u0131 bas\u0131n organlar\u0131 nas\u0131l da canh\u0131ra\u015f bir sald\u0131r\u0131 kampanyas\u0131 y\u00fcr\u00fct\u00fcyorlar. Kuyruklar\u0131na bas\u0131lm\u0131\u015f olman\u0131n ac\u0131s\u0131n\u0131 \u00e7\u0131kartmak isteyen bir ruh hali i\u00e7indeler. Ve tabii iktidar blo\u011fundaki \u00e7atlama belirtileri de i\u015fin cabas\u0131. Bir kere daha kan\u0131tlanm\u0131\u015f oldu ki; \u00f6zellikle 16 Nisan \u015fikeli plebisitinin sonucuyla birlikte art\u0131k hi\u00e7bir \u00f6nemi kalmam\u0131\u015f olan parlamentoda oturup hi\u00e7 kimsenin duymayaca\u011f\u0131 \u201ckendi sesini be\u011fenen konu\u015fmalar\u201d yapma yerine soka\u011fa \u00e7\u0131k\u0131p bir ad\u0131m bile atmak \u00fclkenin i\u00e7ine girdi\u011fi karanl\u0131ktan kurtulma yolunda \u00e7ok daha anlaml\u0131 bir harekettir.<\/p>\n<p>Mevcut iktidar kli\u011fi her \u015feyden \u00f6nce i\u015f\u00e7i s\u0131n\u0131f\u0131 (genel olarak i\u015f\u00e7iler de\u011fil, \u00f6rg\u00fctl\u00fc i\u015f\u00e7iler, \u00e7\u00fcnk\u00fc sadece \u00f6rg\u00fctl\u00fc i\u015f\u00e7iler i\u015f\u00e7i s\u0131n\u0131f\u0131d\u0131r) d\u00fc\u015fman\u0131 oldu\u011funu ba\u015fta yasaklad\u0131\u011f\u0131 b\u00fct\u00fcn grevlerle ve i\u015ften atmalarla herkese g\u00f6stermi\u015ftir. \u0130flah olmaz bir laik ve sek\u00fcler hayat tarz\u0131 d\u00fc\u015fman\u0131 oldu\u011funu y\u00fcr\u00fctt\u00fc\u011f\u00fc ak\u0131l almaz mezhep\u00e7i politikalarla ispatlam\u0131\u015ft\u0131r (\u201chen\u00fcz toplum \u00fczerinde k\u00fclt\u00fcrel hakimiyetimizi tesis edemedik\u201d yak\u0131nmas\u0131 bunun itiraf\u0131d\u0131r). Kendisine yak\u0131n durmayan b\u00fct\u00fcn K\u00fcrtlere d\u00fc\u015fman oldu\u011funu da HDP\u2019nin E\u015f Ba\u015fkanlar\u0131 dahil olmak \u00fczere bir\u00e7ok milletvekilini ve say\u0131s\u0131z Belediye Ba\u015fkan\u0131n\u0131 hapse atarak g\u00f6stermi\u015ftir. \u0130ktidar kli\u011fi kendisine biat etmeyen b\u00fct\u00fcn kad\u0131nlara oldu\u011fu gibi ba\u015f\u0131 dik ve \u00f6zg\u00fcr davranan b\u00fct\u00fcn gen\u00e7lere de d\u00fc\u015fman oldu\u011funu zaten her f\u0131rsatta dile getiriyor. Kendisini ele\u015ftiren b\u00fct\u00fcn yazar\u00e7izerleri ve ayd\u0131nlar\u0131 ya hapse t\u0131karak ya da i\u015ften atarak ba\u015f d\u00fc\u015fmanlar kategorisine yerle\u015ftirmekte hi\u00e7bir beis g\u00f6rm\u00fcyor. Plebisit sonucu kabul ettirdi\u011fi anayasal de\u011fi\u015fiklerle demokrasinin k\u0131r\u0131nt\u0131lar\u0131n\u0131 bile teredd\u00fcts\u00fcz yok etmekte hi\u00e7bir sak\u0131nca g\u00f6rm\u00fcyor. Sonu\u00e7 olarak, iktidar kli\u011fi esasen demokrasiye d\u00fc\u015fman oldu\u011funu b\u00fct\u00fcn tasarruflar\u0131yla dile getiriyor.<\/p>\n<\/div>\n<div id=\"attachment_3634\" class=\"wp-caption alignleft\" style=\"width: 325px;\">\n<p><a href=\"https:\/\/iscikardesligi.org\/wp-content\/uploads\/2017\/07\/adalet-yuruyusu-4.jpg\"><img loading=\"lazy\" decoding=\"async\" class=\"wp-image-3634\" src=\"https:\/\/iscikardesligi.org\/wp-content\/uploads\/2017\/07\/adalet-yuruyusu-4-300x194.jpg\" sizes=\"auto, (max-width: 373px) 100vw, 373px\" srcset=\"https:\/\/iscikardesligi.org\/wp-content\/uploads\/2017\/07\/adalet-yuruyusu-4-300x194.jpg 300w, https:\/\/iscikardesligi.org\/wp-content\/uploads\/2017\/07\/adalet-yuruyusu-4-768x497.jpg 768w, https:\/\/iscikardesligi.org\/wp-content\/uploads\/2017\/07\/adalet-yuruyusu-4-342x221.jpg 342w, https:\/\/iscikardesligi.org\/wp-content\/uploads\/2017\/07\/adalet-yuruyusu-4.jpg 810w\" alt=\"\" width=\"325\" height=\"210\" \/><\/a><\/p>\n<p class=\"wp-caption-text\">ADALET halk\u0131n ekme\u011fidir! \u0130\u015f\u00e7ilerin gelece\u011fidir! (D\u0130SK pankart\u0131)<\/p>\n<\/div>\n<p>\u0130\u015fte b\u00fct\u00fcn bu geli\u015fmeler kar\u015f\u0131s\u0131nda tabii ki ADALET talebi ba\u015fa al\u0131nmak zorundad\u0131r. Ama ADALET talebinin i\u00e7i derhal doldurulmal\u0131d\u0131r: OHAL s\u00fcrd\u00fck\u00e7e ADALET m\u00fcmk\u00fcn de\u011fildir! ADALET\u2019i engelleyen temel m\u00fcessese OHAL rejimidir. Derhal kald\u0131r\u0131lmal\u0131d\u0131r! \u0130stanbul Maltepe\u2019ye kadar s\u00fcrd\u00fcr\u00fclece\u011fi ifade edilen y\u00fcr\u00fcy\u00fc\u015f genel soyut bir ADALET talebiyle yol alamaz, fiilen uygulanan somut bir ADALET talebini dile getirmelidir. Milyonlar ADALET i\u00e7in soka\u011fa \u00e7\u0131k\u0131yorlarsa, OHAL\u2019in kald\u0131r\u0131lmas\u0131n\u0131 g\u00f6rmek i\u00e7in \u00e7\u0131k\u0131yorlar. Grevleri yasaklanan ve i\u015ften at\u0131lan i\u015f\u00e7iler i\u00e7in, y\u0131llard\u0131r kadro yalanlar\u0131yla kand\u0131r\u0131l\u0131p g\u00fcvencesiz \u00e7al\u0131\u015ft\u0131r\u0131lan ta\u015feron i\u015f\u00e7iler i\u00e7in ADALET, OHAL\u2019in kald\u0131r\u0131lmas\u0131d\u0131r; cezas\u0131z kalan i\u015f kazalar\u0131 ve i\u015f cinayetleri s\u00f6z konusu oldu\u011funda ADALET, OHAL\u2019in kald\u0131r\u0131lmas\u0131d\u0131r. Hapse at\u0131lan ya da i\u015flerine son verilen kamu \u00e7al\u0131\u015fanlar\u0131 i\u00e7in ADALET, OHAL\u2019in kald\u0131r\u0131lmas\u0131d\u0131r. Hapse at\u0131lan milletvekilleri ya da Belediye Ba\u015fkanlar\u0131 i\u00e7in ADALET, OHAL\u2019in kald\u0131r\u0131lmas\u0131d\u0131r. Hapse at\u0131lan ya da i\u015ften \u00e7\u0131kart\u0131lan gazeteciler i\u00e7in ADALET, OHAL\u2019in kald\u0131r\u0131lmas\u0131d\u0131r. K\u0131sacas\u0131 OHAL varsa ADALET yoktur! \u0130ktidar kli\u011fi 19 Temmuz\u2019da OHAL\u2019i \u00fc\u00e7 ay daha uzatmak isteyecektir. Soka\u011fa d\u00f6k\u00fclen milyonlar OHAL\u2019in kalkmad\u0131\u011f\u0131n\u0131 g\u00f6rd\u00fcklerinde eylemlerine yeniden ve yeniden ba\u015flayacaklar\u0131n\u0131 hayk\u0131racaklard\u0131r. Art\u0131k bu y\u00fcr\u00fcy\u00fc\u015ften geri d\u00f6n\u00fc\u015f yoktur. Ya ADALET, ya ADALET!<\/p>\n<div id=\"attachment_3635\" class=\"wp-caption alignright\" style=\"width: 271px;\"><a href=\"https:\/\/iscikardesligi.org\/wp-content\/uploads\/2017\/07\/adalet-yuruyusu-2-2.jpg\"><img loading=\"lazy\" decoding=\"async\" class=\"wp-image-3635 \" src=\"https:\/\/iscikardesligi.org\/wp-content\/uploads\/2017\/07\/adalet-yuruyusu-2-2-300x225.jpg\" sizes=\"auto, (max-width: 300px) 100vw, 300px\" srcset=\"https:\/\/iscikardesligi.org\/wp-content\/uploads\/2017\/07\/adalet-yuruyusu-2-2-300x225.jpg 300w, https:\/\/iscikardesligi.org\/wp-content\/uploads\/2017\/07\/adalet-yuruyusu-2-2-342x257.jpg 342w, https:\/\/iscikardesligi.org\/wp-content\/uploads\/2017\/07\/adalet-yuruyusu-2-2-60x45.jpg 60w, https:\/\/iscikardesligi.org\/wp-content\/uploads\/2017\/07\/adalet-yuruyusu-2-2-150x113.jpg 150w, https:\/\/iscikardesligi.org\/wp-content\/uploads\/2017\/07\/adalet-yuruyusu-2-2-269x201.jpg 269w, https:\/\/iscikardesligi.org\/wp-content\/uploads\/2017\/07\/adalet-yuruyusu-2-2.jpg 620w\" alt=\"\" width=\"271\" height=\"203\" \/><\/a>Herkes i\u00e7in ADALET, herkes i\u00e7in DEMOKRAS\u0130! (KESK pankart\u0131)<\/div>\n<p>Ama bununla bitmez; ADALET talebi bir ba\u015flad\u0131 m\u0131 sonu gelmeyecektir. 12 Eyl\u00fcl 1980 rejiminin 16 Nisan \u015faibeli plebisitiyle katmerlenerek ald\u0131\u011f\u0131 yeni ve daha geli\u015fkin bask\u0131 bi\u00e7imi, ADALET\u2019in \u00f6n\u00fcndeki en b\u00fcy\u00fck engel haline gelmi\u015ftir. Art\u0131k T\u00fcrkiye\u2019de b\u00f6yle bir Y\u00fcksek Se\u00e7im Kurulu ile adil bir se\u00e7im yap\u0131lamaz. Yap\u0131labilece\u011fini iddia edenler ya kendilerini ya halk\u0131 ya da her ikisini birden kand\u0131rm\u0131\u015f olurlar. Y\u00fcr\u00fcyen milyonlar burada durmayacaklard\u0131r. Y\u00fcr\u00fcyen milyonlar iktidar\u0131n\u0131 kaybetmi\u015f olan bir parlamentonun yerini alacak bir meclisin demokratik se\u00e7iminin yolunu a\u00e7acaklard\u0131r. Demokrasi, tek kelimeyle halk\u0131n egemenli\u011fidir. Y\u00fczde 10 baraj\u0131n\u0131n yeni Ba\u015fkanl\u0131k rejimiyle y\u00fczde 50\u2019ye \u00e7ekilmesi demokrasiye tamamen son verilmesi demektir. Zaten ADALET yoksa DEMOKRAS\u0130 de yoktur. Mevcut Ba\u015fkanl\u0131k sistemi T\u00fcrkiye\u2019deki b\u00fct\u00fcn siyasi partilerin sonu anlam\u0131na geliyor. \u00d6n\u00fcm\u00fczdeki d\u00f6nemde ger\u00e7ek bir parlamento olmayaca\u011f\u0131 gibi, ger\u00e7ek siyasi partiler de olmayacakt\u0131r. Zaten iktidar kli\u011fi kendi partileri de dahil olmak \u00fczere hi\u00e7bir partinin varl\u0131\u011f\u0131n\u0131 istemediklerini kan\u0131tlad\u0131lar. Devlet Bah\u00e7eli kendi partisini bitirdi, Tayyip Erdo\u011fan dizginleri tamamen ele alabilmek i\u00e7in mecburen AKP\u2019nin ba\u015f\u0131na ge\u00e7ti. Her ikisi de zaten siyasi partiler rejimi istemiyorlar. \u00c7\u00fcnk\u00fc son tahlilde siyasi parti bir tehlikedir! DEMOKRAS\u0130nin olabilmesi i\u00e7in bu ucube Ba\u015fkanl\u0131k rejiminden vazge\u00e7ilmesi ve nispi temsile dayal\u0131 EGEMEN bir KURUCU MECL\u0130S se\u00e7imine gidilmesi gerekir. Bu KURUCU MECL\u0130S se\u00e7imi barajs\u0131z olmal\u0131, kat\u0131lan her \u00f6rg\u00fcte e\u015fit propaganda hakk\u0131 tan\u0131nmal\u0131, herkes ald\u0131\u011f\u0131 oy oran\u0131nda bu mecliste temsil edilmelidir. E\u015fit ve \u00f6zg\u00fcr bir se\u00e7imden korkacak bir \u015fey yoktur. B\u00f6yle bir Mecliste i\u015f\u00e7i s\u0131n\u0131f\u0131n\u0131n kendi ba\u011f\u0131ms\u0131z siyasi partisiyle (b\u00fct\u00fcn i\u015f\u00e7i \u00f6rg\u00fctlerinin ve demokratik \u00f6rg\u00fctlerin bir araya gelmesiyle) var olmas\u0131 fazlas\u0131yla m\u00fcmk\u00fcnd\u00fcr. Bu burjuva meclisin i\u015f\u00e7i s\u0131n\u0131f\u0131 kanad\u0131 ancak b\u00f6yle olabilir. \u00d6te yandan, b\u00f6yle egemen bir kurucu meclisle birlikte \u00fclkenin bu kadar pahal\u0131 ve totaliter despotizme a\u00e7\u0131k bir Ba\u015fkanl\u0131k sistemine ihtiyac\u0131 olmad\u0131\u011f\u0131 derhal ortaya \u00e7\u0131kacakt\u0131r. \u00dclkenin kaderini tamamen kendi eline alacak olan EGEMEN KURUCU MECL\u0130S\u2019in Ba\u015fkan\u0131 Cumhuriyeti sembolik olarak temsil edebilir.<\/p>\n<p>Sonu\u00e7 olarak, ADALET talebi pandoran\u0131n kutusudur, bir a\u00e7\u0131ld\u0131 m\u0131 pir a\u00e7\u0131lacakt\u0131r. Yeter ki i\u00e7i lay\u0131\u011f\u0131yla doldurulabilsin ve kitle hareketinin bu talebin i\u00e7inin nas\u0131l doldurulabilece\u011fine akl\u0131 yats\u0131n. ADALET talebi, ancak ezilen ve s\u00f6m\u00fcr\u00fclenlerin kendilerini temsil edebilece\u011fi EGEMEN bir KURUCU MECL\u0130S talebine uzan\u0131rsa sahici olacakt\u0131r. Biz \u0130KP olarak, ADALET ve DEMOKRAS\u0130 m\u00fccadelesinde ba\u015fta irili ufakl\u0131 t\u00fcm i\u015f\u00e7i s\u0131n\u0131f\u0131 \u00f6rg\u00fctlerini birle\u015fik bir cephede omuz omuza m\u00fccadele etmeye \u00e7a\u011f\u0131r\u0131yoruz. (1 Temmuz 2017)<\/p>\n<p style=\"text-align: right;\"><strong>\u0130\u015f\u00e7i Karde\u015fli\u011fi Partisi (\u0130KP)<\/strong><br \/>\n<strong>Merkez Y\u00fcr\u00fctme Kurulu<\/strong><\/p>\n","protected":false},"excerpt":{"rendered":"<p>Sonuna kadar ADALET! Ama bu \u00e7ok hakl\u0131 talep mant\u0131ki sonucuna varmal\u0131 CHP\u2019nin ba\u015flatt\u0131\u011f\u0131 \u201cAdalet\u201d y\u00fcr\u00fcy\u00fc\u015f\u00fc \u00e7ok hakl\u0131 ve sonuna kadar desteklenmeli. \u201cAma \u015fu destekliyormu\u015f, bu destekliyormu\u015f\u201d tart\u0131\u015fmas\u0131n\u0131n hi\u00e7bir \u00f6nemi olmad\u0131\u011f\u0131 gibi, \u201c\u015fu desteklemiyormu\u015f, bu desteklemiyormu\u015f\u201dun da bir \u00f6nemi yok.\u00a02013 Haziran \u0130syan\u0131\u2019ndan bu yana \u00f6nemli de olsa birka\u00e7 istisnai i\u015f\u00e7i s\u0131n\u0131f\u0131 hareketi (metal ve cam i\u015f\u00e7ilerinin [&hellip;]<\/p>\n","protected":false},"author":1,"featured_media":640,"comment_status":"closed","ping_status":"closed","sticky":false,"template":"","format":"standard","meta":{"footnotes":""},"categories":[50],"tags":[384,385,160,65,325,64,53],"class_list":["post-1898","post","type-post","status-publish","format-standard","has-post-thumbnail","hentry","category-c44-bildiriler","tag-adalet","tag-adalet-yuruyusu","tag-demokrasi","tag-ikp","tag-isci-kardesligi-partisi","tag-kurucu-meclis","tag-onsayfa"],"_links":{"self":[{"href":"https:\/\/pgbsosyalizm.org\/index.php?rest_route=\/wp\/v2\/posts\/1898","targetHints":{"allow":["GET"]}}],"collection":[{"href":"https:\/\/pgbsosyalizm.org\/index.php?rest_route=\/wp\/v2\/posts"}],"about":[{"href":"https:\/\/pgbsosyalizm.org\/index.php?rest_route=\/wp\/v2\/types\/post"}],"author":[{"embeddable":true,"href":"https:\/\/pgbsosyalizm.org\/index.php?rest_route=\/wp\/v2\/users\/1"}],"replies":[{"embeddable":true,"href":"https:\/\/pgbsosyalizm.org\/index.php?rest_route=%2Fwp%2Fv2%2Fcomments&post=1898"}],"version-history":[{"count":7,"href":"https:\/\/pgbsosyalizm.org\/index.php?rest_route=\/wp\/v2\/posts\/1898\/revisions"}],"predecessor-version":[{"id":1905,"href":"https:\/\/pgbsosyalizm.org\/index.php?rest_route=\/wp\/v2\/posts\/1898\/revisions\/1905"}],"wp:featuredmedia":[{"embeddable":true,"href":"https:\/\/pgbsosyalizm.org\/index.php?rest_route=\/wp\/v2\/media\/640"}],"wp:attachment":[{"href":"https:\/\/pgbsosyalizm.org\/index.php?rest_route=%2Fwp%2Fv2%2Fmedia&parent=1898"}],"wp:term":[{"taxonomy":"category","embeddable":true,"href":"https:\/\/pgbsosyalizm.org\/index.php?rest_route=%2Fwp%2Fv2%2Fcategories&post=1898"},{"taxonomy":"post_tag","embeddable":true,"href":"https:\/\/pgbsosyalizm.org\/index.php?rest_route=%2Fwp%2Fv2%2Ftags&post=1898"}],"curies":[{"name":"wp","href":"https:\/\/api.w.org\/{rel}","templated":true}]}}