{"id":1946,"date":"2017-07-28T16:39:36","date_gmt":"2017-07-28T14:39:36","guid":{"rendered":"http:\/\/pgbsosyalizm.org\/?p=1946"},"modified":"2017-07-28T16:39:36","modified_gmt":"2017-07-28T14:39:36","slug":"krizden-cikis-icin-tek-recete","status":"publish","type":"post","link":"https:\/\/pgbsosyalizm.org\/?p=1946","title":{"rendered":"KR\u0130ZDEN \u00c7IKI\u015e \u0130\u00c7\u0130N TEK RE\u00c7ETE:"},"content":{"rendered":"<table id=\"\" class=\"full text table-2 middle\" cellspacing=\"0\" cellpadding=\"0\" align=\"left\" bgcolor=\"#FFFFFF\">\n<tbody>\n<tr>\n<td id=\"\" align=\"left\">\n<div class=\"module text\">\n<h2 align=\"left\">SINIRSIZ B\u0130R S\u0130YASAL DEMOKRAS\u0130YLE<\/h2>\n<h2 align=\"left\">HALK EGEMENL\u0130\u011e\u0130N\u0130N TES\u0130S\u0130 \u0130\u00c7\u0130N<\/h2>\n<h2 align=\"left\">DEMOKRAT\u0130K SE\u00c7\u0130MLER!<\/h2>\n<\/div>\n<\/td>\n<\/tr>\n<\/tbody>\n<\/table>\n<table id=\"\" class=\"full combo-right table-3 middle\" cellspacing=\"0\" cellpadding=\"0\" align=\"left\" bgcolor=\"#FFFFFF\">\n<tbody>\n<tr>\n<td id=\"\" align=\"center\">\n<div class=\"module combo-right\" align=\"left\">\n<table class=\"module-3\" cellspacing=\"0\" cellpadding=\"0\" align=\"right\">\n<tbody>\n<tr>\n<td class=\"combo-image\">\n<div class=\"image-container\" align=\"center\"><img decoding=\"async\" src=\"https:\/\/cascade.madmimi.com\/promotion_images\/0646\/1713\/original\/ikp1-717x1024.jpg?1478437548\" alt=\"ikp1-717x1024\" width=\"154\" \/><\/div>\n<\/td>\n<\/tr>\n<\/tbody>\n<\/table>\n<p align=\"left\">\u00d6nce 12 Mart 1971 askeri m\u00fcdahalesi ve esas olarak ard\u0131ndan gelen 12 Eyl\u00fcl 1980 askeri darbesiyle birlikte 1961 Anayasas\u0131n\u0131n ve yaratt\u0131\u011f\u0131 kurumlar\u0131n sundu\u011fu g\u00f6reli siyasal demokrasi ortam\u0131 rafa kald\u0131r\u0131lm\u0131\u015ft\u0131. 16 Nisan 2017 referandumu b\u00fct\u00fcn bunlar\u0131n \u00fczerine t\u00fcy dikti, \u00e7\u00fcnk\u00fc 12 Eyl\u00fcl askeri darbesinin b\u00fcy\u00fck burjuvazi ve hakim s\u0131n\u0131flar\u0131n iktidarlar\u0131 i\u00e7in yaratt\u0131\u011f\u0131 imkanlar\u0131 bir \u00fcst \u00e7\u0131taya y\u00fckseltti: 12 Eyl\u00fcl 1980 rejimi sonu\u00e7ta iki partili (y\u00fczde 10 baraj\u0131 sayesinde) bir \u201cparlamenter\u201d sistem hedefliyordu. Sonu\u00e7 olarak 35 y\u0131l boyunca buna muvaffak da oldu. Oysa 2017 referandumu sadece parlamenter sistemi ortadan kald\u0131rmakla kalmad\u0131, ayn\u0131 zamanda iktidar partileri de dahil olmak \u00fczere b\u00fct\u00fcn partileri yok etme (art\u0131k AKP\u2019nin bile varl\u0131k nedeni sadece Cumhurba\u015fkan\u0131n\u0131n Y\u00fcce Divana g\u00f6nderilmesini engellemekle s\u0131n\u0131rl\u0131d\u0131r) hedefini \u00f6n\u00fcne koydu. Y\u0131llard\u0131r, Ba\u015fkanl\u0131k Sistemine ge\u00e7i\u015fle birlikte y\u00fczde 10 baraj\u0131n\u0131n fiilen y\u00fczde 50\u2019ye y\u00fckseltilmi\u015f olaca\u011f\u0131n\u0131 belirtiyorduk. Bug\u00fcn \u201cyetkili\u201d a\u011f\u0131zlar bunun ger\u00e7ekten b\u00f6yle oldu\u011funu kendileri ifade ediyorlar. \u201cArt\u0131k kendinizi y\u00fczde 10 baraj\u0131na g\u00f6re de\u011fil y\u00fczde 50 baraj\u0131na g\u00f6re haz\u0131rlay\u0131n\u201d s\u00f6ylemi bunun a\u00e7\u0131k itiraf\u0131d\u0131r.<\/p>\n<p align=\"left\">A\u011f\u0131rl\u0131kl\u0131 olarak 1980 askeri rejimi sebebiyle (b\u00fct\u00fcn partiler taraf\u0131ndan onaylanan ve kullan\u0131lan, \u00e7\u00fcnk\u00fc onun kurumlar\u0131yla se\u00e7imlere kat\u0131ld\u0131lar) yakla\u015f\u0131k 35 y\u0131ld\u0131r rafa kald\u0131r\u0131lm\u0131\u015f olan \u201chalk egemenli\u011fi\u201d, Anayasadaki yeni de\u011fi\u015fikliklerle birlikte raftaki yerinden de al\u0131narak \u00e7\u00f6p sepetine at\u0131ld\u0131. T\u00fcrkiye \u015fu an 12 Eyl\u00fcl 1982 Anayasas\u0131 ile y\u00f6neltildi\u011fi d\u00f6nemden bile daha geri bir noktaya s\u00fcr\u00fcklenmi\u015f durumda.<\/p>\n<h2 align=\"left\">Halk Egemenli\u011finin Tesisi i\u00e7in 2019 Se\u00e7imleri Beklenemez!<\/h2>\n<p align=\"left\">Memleketin i\u00e7inde bulundu\u011fu a\u011f\u0131r siyasal kriz ortam\u0131ndan bir an evvel \u00e7\u0131kmas\u0131 ve esas olarak emperyalizmin m\u00fcdahaleleriyle Suriye benzeri bir kaos ortam\u0131na s\u00fcr\u00fcklenmemesi i\u00e7in yap\u0131lmamas\u0131 gerekenler de yap\u0131lmas\u0131 gerekenler de fazlas\u0131yla bellidir. \u00d6ncelikle yap\u0131lmamas\u0131 gerekenlerin ba\u015f\u0131nda, 2019 Ba\u015fkanl\u0131k Se\u00e7imlerinin tek \u00e7\u00f6z\u00fcm yolu olarak sunulmas\u0131ndan ivedilikle vazge\u00e7ilmesi gelir. Bundan vazge\u00e7ilmedi\u011fi takdirde 16 Nisan plebisitinde YSK\u2019ya oynat\u0131lan rol kabullenilmi\u015f olaca\u011f\u0131 gibi gelecekle ilgili olarak da \u015faibeli se\u00e7imlere daha fazla yol verilmi\u015f olacakt\u0131r. Bu, di\u011fer bir ifadeyle 16 Nisan plebisitiyle birlikte daha da \u2018sertle\u015ftirilmi\u015f\u2019 bir 12 Eyl\u00fcl rejiminin me\u015frula\u015ft\u0131r\u0131lmas\u0131 anlam\u0131na gelir.<\/p>\n<p align=\"left\">Kald\u0131 ki, mevcut plebisitin sa\u011flad\u0131\u011f\u0131 imkanlarla totaliter despotizmin \u00f6n\u00fcn\u00fc sonuna kadar a\u00e7acak b\u00f6yle bir rejimin \u201ccumhurba\u015fkanl\u0131\u011f\u0131\u201d, kim se\u00e7ilirse se\u00e7ilsin reddedilmelidir. \u00c7\u00fcnk\u00fc se\u00e7ilecek ki\u015fiden ba\u011f\u0131ms\u0131z olarak \u2013 ki bu YSK ile kimin se\u00e7ilece\u011fi a\u015fa\u011f\u0131 yukar\u0131 bellidir- kurulmu\u015f olan rejim alaturka fa\u015fizme ge\u00e7i\u015fin ta\u015flar\u0131n\u0131 d\u00f6\u015feyecektir. Felakete yol a\u00e7acak b\u00f6yle bir politik hat derhal terkedilmelidir.<\/p>\n<h2 align=\"left\">Halk Egemenli\u011finin Yolu Demokratik Se\u00e7imlerden Ge\u00e7er!<\/h2>\n<p align=\"left\">Bu durumda \u00f6nerilmesi gereken tek hat, yeni demokratik se\u00e7imlerdir. Mevcut parlamento, tutuklu milletvekilleri ve hatta parti ba\u015fkanlar\u0131 bir yandan; i\u00e7 t\u00fcz\u00fck de\u011fi\u015fiklikleriyle vekillerinin b\u0131rak\u0131n sokakta parlamento k\u00fcrs\u00fcs\u00fcnde dahi konu\u015fmalar\u0131n\u0131 ve seslerini duyurmalar\u0131n\u0131n engellemesiyle \u00f6b\u00fcr yandan, zaten s\u0131n\u0131rl\u0131 olan i\u015flevini art\u0131k fazlas\u0131yla kaybetmi\u015f bulunmaktad\u0131r. Art\u0131k bu \u201cparlamento\u201dyu sanki bir demokrasi mevziimi\u015fcesine savunmaya \u00e7al\u0131\u015fmak kendini de\u011filse halk\u0131 kand\u0131rmaktan ba\u015fka bir anlam ta\u015f\u0131m\u0131yor. Kald\u0131 ki, 2019\u2019da ba\u015flayaca\u011f\u0131 iddia edilen Ba\u015fkanl\u0131k Sistemi bu \u201cparlamento\u201dnun varl\u0131\u011f\u0131 sayesinde fiilen hayata ge\u00e7mi\u015f durumdad\u0131r.\u00a0<strong>Bu \u201cparlamento\u201d kendini derhal feshetmeli, onun yerine mevcut b\u00fct\u00fcn partilerden olu\u015facak ge\u00e7ici bir se\u00e7im h\u00fck\u00fcmeti kurulmal\u0131, bu ge\u00e7ici h\u00fck\u00fcmetin temel g\u00f6revi demokratik se\u00e7imleri haz\u0131rlamak olmal\u0131d\u0131r.<\/strong><\/p>\n<p align=\"left\">\u00c7ok a\u00e7\u0131kt\u0131r ki, siyasal krize \u00e7\u00f6z\u00fcm yolu olarak \u00f6nerdi\u011fimiz demokratik se\u00e7imler kitlesel bir siyasal demokrasi m\u00fccadelesi gerektirir. B\u00f6yle bir siyasal demokrasi m\u00fccadelesinin ilk iki talebi\u00a0<strong>OHAL\u2019in kald\u0131r\u0131lmas\u0131<\/strong>\u00a0ve\u00a0<strong>KHK\u2019lara son verilmesi<\/strong>dir. Tutuklu parti ba\u015fkanlar\u0131n\u0131n, milletvekillerinin ve belediye ba\u015fkanlar\u0131n\u0131n derhal serbest b\u0131rak\u0131l\u0131p se\u00e7im kampanyas\u0131na aktif olarak kat\u0131labilme imkan\u0131 elde etmeleri ise demokratik se\u00e7imlerin olmazsa olmaz\u0131d\u0131r. Bu se\u00e7imler \u00f6ncesinde tutuklu gazeteci ve \u00f6\u011fretim eleman\u0131 kalmamal\u0131d\u0131r. Ku\u015fkusuz mevcut YSK ve se\u00e7im sistemiyle de demokratik se\u00e7im ba\u011fda\u015fmaz. Dolay\u0131s\u0131yla demokratik se\u00e7im mevcut y\u00fcr\u00fctmenin yarg\u0131 \u00fczerindeki b\u00fct\u00fcn tasarruflar\u0131na son vermelidir. Demokratik se\u00e7im; halk\u0131n egemenli\u011fi ve dolay\u0131s\u0131yla Ba\u015fkanl\u0131k Sisteminin kald\u0131r\u0131lmas\u0131 i\u00e7in yap\u0131lmal\u0131d\u0131r. Nispi temsil usul\u00fcne g\u00f6re yap\u0131lacak b\u00f6yle bir se\u00e7imde kurulmu\u015f ve kurulacak olan b\u00fct\u00fcn partiler tamam\u0131yla e\u015fit ve barajs\u0131z ko\u015fullar alt\u0131nda bu se\u00e7imlere kat\u0131labilme ve engelsiz propaganda yapma imkan\u0131na sahip olmal\u0131d\u0131rlar. TV\u2019lerde ve radyolarda hi\u00e7bir partiye ayr\u0131cal\u0131k tan\u0131namaz. Se\u00e7ime \u00f6ngelen propaganda d\u00f6neminde bir partiye ayr\u0131cal\u0131k tan\u0131yan kanallar ya da radyolar kapat\u0131lmal\u0131d\u0131r. Siyasal demokrasi a\u00e7\u0131s\u0131ndan ihtiya\u00e7 duyulan YSK esas bu misyonla donanmal\u0131d\u0131r. Gene bu se\u00e7imlerde se\u00e7ilen milletvekillerinin gerekti\u011finde se\u00e7menleri taraf\u0131ndan\u00a0<strong>\u201cgeri \u00e7a\u011fr\u0131lmas\u0131\u201d<\/strong>\u00a0imkan\u0131 b\u00f6yle bir meclisi do\u011fal olarak bir kurucu meclis bi\u00e7imine b\u00fcr\u00fcnd\u00fcr\u00fcr.<\/p>\n<p align=\"left\">A\u00e7\u0131kt\u0131r ki, mevcut iktidar bloku b\u00f6yle demokratik bir se\u00e7im sistemini kabullenmeyecektir \u00e7\u00fcnk\u00fc bu ko\u015fullar alt\u0131nda se\u00e7im kazanma \u015fans\u0131 t\u00fcm\u00fcyle ortadan kalkacakt\u0131r (unutmayal\u0131m ki 16 Nisan plebisitini asl\u0131nda Kenan Evren sistemiyle bile kaybetti!). Ama zaten tam da bu y\u00fczden siyasal demokrasi m\u00fccadelesi esas olarak bir kitlesel m\u00fccadeleyi gerektirir. Bu talepler etraf\u0131nda halka sorulacak soru ister istemez \u015fu olacakt\u0131r: \u201cYukar\u0131da s\u0131ralad\u0131\u011f\u0131m\u0131z Avrupa \u00fclkelerindekini de a\u015fan en geni\u015f demokrasiden mi yanas\u0131n\u0131z, yoksa Suudi Arabistan t\u00fcr\u00fc bir rejimden mi?\u201d Halk kendi egemenli\u011fini tesis etmek istiyorsa bu sorunun cevab\u0131n\u0131 vermeye mecbur kalmal\u0131d\u0131r. Do\u011fru politika halk\u0131 bu tercihi yapmaya sevk edecek politikad\u0131r. Nas\u0131l olup bitece\u011fi me\u00e7hul 2019 se\u00e7imlerine \u201chaz\u0131rlanmak\u201d de\u011fil!<\/p>\n<h2 align=\"left\">Emperyalizme Kar\u015f\u0131 M\u00fccadele Demokrasi D\u00fc\u015fmanl\u0131\u011f\u0131yla Y\u00fcr\u00fct\u00fclemez!<\/h2>\n<p align=\"left\">\u015eu s\u0131ralar iktidar bloku, b\u00fct\u00fcn emperyalist g\u00fc\u00e7lerin kendisini devirmeye haz\u0131rland\u0131\u011f\u0131n\u0131 ve bu i\u015f i\u00e7in de FET\u00d6\u2019y\u00fc kulland\u0131\u011f\u0131n\u0131 d\u00fc\u015f\u00fcn\u00fcyor. \u201cB\u00fct\u00fcn emperyalist\u201d odaklar\u0131n kendisini devirmek istedi\u011fi bir paranoyaysa da (\u00e7\u00fcnk\u00fc iktidar blokunun da gayet iyi bildi\u011fi gibi baz\u0131lar\u0131 misyonunu hen\u00fcz tamamlamad\u0131\u011f\u0131 i\u00e7in onu \u2018kullanma\u2019ya devam etme niyetindeler ve zaten en \u00f6nemli emperyalist g\u00fc\u00e7 ABD i\u00e7inde bile bu konuda belli ki fikir ayr\u0131l\u0131klar\u0131 var) \u00f6nermede do\u011fru bir yan da var. Ger\u00e7ekten de FET\u00d6 \u00fclkemizdeki C\u0130A \u00f6rg\u00fctlenmesinin ana g\u00f6vdesini olu\u015fturuyor. Bol miktarda kendi saf \u00fcyeleri (\u00e7ocukluktan yeti\u015ftirme) oldu\u011fu gibi en az onlar kadar da sat\u0131n ald\u0131klar\u0131 ya da FET\u00d6\u2019c\u00fc olmad\u0131klar\u0131 halde g\u00f6n\u00fcll\u00fc emperyalizm muhipleri var. Ama \u015fu bir ger\u00e7ek FET\u00d6\u2019c\u00fcl\u00fck bir elit \u00f6rg\u00fctlenmesi. Toplamda 50 ya da 100 bin ki\u015fi de olsa (tabii ki b\u00f6yle \u00f6rg\u00fctl\u00fc bir yap\u0131 politik olarak muazzam bir g\u00fc\u00e7t\u00fcr) ve bu anlam\u0131yla se\u00e7men d\u00fczeyinde bir kitleselli\u011fi olmasa da siyasi partilerde ve b\u00fcrokraside fink at\u0131yor. Her partinin i\u00e7inde yer almakla birlikte en g\u00fc\u00e7l\u00fc oldu\u011fu siyasal yap\u0131 do\u011fal olarak AKP. Nedeni de son derece basit: AKP bir burjuva partisi ve onun y\u00f6neticileri de -her d\u00fczeyde- ister istemez \u2018halk\u2019a g\u00f6re \u2018elit\u2019 olma durumundalar. Bug\u00fcne kadar AKP\u2019nin herhangi bir il ya da il\u00e7esinin y\u00f6netiminin kolay kolay s\u0131radan halktan insanlardan olu\u015ftu\u011funu g\u00f6rmedik. Biraz kalbur\u00fcst\u00fc olmak durumundalar ve bu durumlar\u0131yla da FET\u00d6 \u00f6rg\u00fctlenmesi i\u00e7in bi\u00e7ilmi\u015f kaftanlar. Tayyip Erdo\u011fan\u2019\u0131n AKP\u2019nin ba\u015f\u0131na ge\u00e7mek istemesini onun siyasal h\u0131rs\u0131na ba\u011flayanlar \u00e7ok oldu, ama bu do\u011fru de\u011fil. Erdo\u011fan, kendisine \u201cAKP Genel Ba\u015fkan\u0131!\u201d diye hitap edilmesinden ger\u00e7ekte hi\u00e7 ho\u015fnut de\u011fil. Ama T\u00fcrkiye\u2019deki en b\u00fcy\u00fck FET\u00d6 \u00f6rg\u00fctlenmesinin AKP\u2019de oldu\u011funu bildi\u011finden, partiyi denetim alt\u0131na alabilmek i\u00e7in onun ba\u015f\u0131na geri d\u00f6nmek zorunda kald\u0131. AKP, bir \u2018halk\u2019 partisi olmad\u0131\u011f\u0131ndan \u00f6nse\u00e7ime de a\u011f\u0131rl\u0131k veremez, dolay\u0131s\u0131yla ba\u015f\u0131na ge\u00e7erek ipleri elinde tutmak istiyor. Ne kadar ba\u015far\u0131l\u0131 olabilir? A\u00e7\u0131k\u00e7as\u0131 \u015f\u00fcpheli. \u0130\u015fte, yukar\u0131da de\u011findi\u011fimiz iktidar blokunun asl\u0131nda kendine en yak\u0131n duran dahil her t\u00fcrl\u00fc partili sisteme kar\u015f\u0131 olmas\u0131n\u0131n alt\u0131nda bu ger\u00e7ek yat\u0131yor. \u0130ktidar blokunun OHAL sayesinde ve KHK\u2019larla FET\u00d6\u2019c\u00fcleri ve hatta zaman zaman FET\u00d6\u2019c\u00fc yarg\u0131y\u0131 (\u2018nedamet\u2019 getiren neredeyse b\u00fct\u00fcn FET\u00d6\u2019c\u00fc yarg\u0131\u00e7lar ve savc\u0131lar g\u00f6revlerine iade edildi) da kullanarak kendisine muhalif olan herkesi i\u015ften \u00e7\u0131kartarak ya da tutuklatarak bask\u0131 alt\u0131na almas\u0131 bu durumun \u00fcr\u00fcn\u00fc. AKP i\u00e7i geli\u015fmeler tam da bu durumun bir yans\u0131mas\u0131. Ortada rehin al\u0131nm\u0131\u015f bir parti var. Bu, ister istemez rehin al\u0131nm\u0131\u015f bir \u201cparlamento\u201dyu, rehin al\u0131nm\u0131\u015f bir y\u00fcksek b\u00fcrokrasiyi ve rehin al\u0131nm\u0131\u015f bir toplumu g\u00fcndeme getiriyor. CHP \u00f6nderli\u011fi en ufak bir kar\u015f\u0131 ad\u0131m (Adalet Y\u00fcr\u00fcy\u00fc\u015f\u00fc) att\u0131\u011f\u0131nda k\u00fcplere biniyor, \u00e7\u00fcnk\u00fc bunun FET\u00d6\u2019ye yarayaca\u011f\u0131 konusunda kesin h\u00fckme sahip. Kendi a\u00e7\u0131s\u0131ndan \u201chakl\u0131\u201d da, \u00e7\u00fcnk\u00fc kendi alternatifini CHP de\u011fil, C\u0130A olarak g\u00f6r\u00fcyor. Bu \u201chakl\u0131l\u0131k\u201d onu s\u00fcratle alaturka fa\u015fizme s\u00fcr\u00fckl\u00fcyor. Ama g\u00f6r\u00fcld\u00fc\u011f\u00fc gibi bu bir k\u0131s\u0131r d\u00f6ng\u00fc ve \u00e7\u0131k\u0131\u015f\u0131 yok gibi g\u00f6r\u00fcl\u00fcyor.<\/p>\n<p align=\"left\">Oysa ki, bunun da \u00e7\u0131k\u0131\u015f\u0131 var ama iktidar blokunun bunu uygulamas\u0131 ihtimali neredeyse hi\u00e7 yok: Mevcut partiler yasas\u0131n\u0131n t\u00fcm\u00fcyle de\u011fi\u015fmesini talep etmek. Kurucu Mecliste \u201cgeri \u00e7a\u011fr\u0131labilir\u201d b\u00fct\u00fcn milletvekillerinin se\u00e7imi, partiler i\u00e7inde demokratik bir \u00f6n se\u00e7imin ger\u00e7ekle\u015ftirilebilme ko\u015fuluna ba\u011fl\u0131d\u0131r. Partilerin t\u00fcm \u00fcyelerinin ve taraftarlar\u0131n\u0131n kat\u0131ld\u0131\u011f\u0131 \u00f6n se\u00e7imle se\u00e7ilecek adaylar\u0131n elitlerden olu\u015fma \u015fans\u0131 fazlas\u0131yla azal\u0131r, o zaman da b\u00fct\u00fcn\u00fcyle olmasa da FET\u00d6\u2019c\u00fclerin partilere s\u0131zma \u015fans\u0131 b\u00fcy\u00fck \u00f6l\u00e7\u00fcde k\u0131r\u0131l\u0131r, s\u0131radan halk da se\u00e7ilebilir.<\/p>\n<h2 align=\"left\">Tek \u00c7\u0131kar Yol<\/h2>\n<p align=\"left\">\u00dclkedeki mevcut ve nerelere uzanaca\u011f\u0131 me\u00e7hul siyasal krizden tek \u00e7\u0131k\u0131\u015f yolu en geli\u015fkin siyasal demokrasinin hayata ge\u00e7irilmesinden ge\u00e7iyor. \u00c7\u0131k\u0131\u015f yolunun panzehiri fa\u015fizm de\u011fil en geli\u015fkin siyasal demokrasidir. Yukar\u0131da s\u0131ralad\u0131\u011f\u0131m\u0131z talepler Avrupa \u00fclkelerinde \u015fu an ya\u015fanmakta olandan \u00e7ok daha demokratik bir siyasal rejimi ve ona ba\u011fl\u0131 bir se\u00e7im sistemini (unutmayal\u0131m; Fransa, B\u00fcy\u00fck Britanya ve Almanya\u2019daki se\u00e7im sistemleri bizde 1961 ile 1980 aras\u0131 uygulanan sistemle k\u0131yaslanamayacak kadar anti-demokratiktir) dayat\u0131yor. T\u00fcrkiye\u2019nin kurtulu\u015fu alaturka bir fa\u015fizme y\u00f6nelmekten de\u011fil, AB\u2019dekinden \u00e7ok daha geli\u015fkin bir demokrasinin do\u011fmas\u0131ndan ge\u00e7iyor. Avrupa i\u015f\u00e7i s\u0131n\u0131flar\u0131n\u0131n iki y\u00fczy\u0131ll\u0131k s\u0131n\u0131f m\u00fccadelesi sonucu elde ettikleri ve \u015fimdilerde kendi burjuvazileri taraf\u0131ndan yok edilmek istenen demokrasiyi \u00e7ok k\u0131sa bir s\u00fcrede a\u015fabilecek bir siyasal demokrasinin T\u00fcrkiye\u2019de kurulmas\u0131n\u0131n ko\u015fullar\u0131 h\u00e2l\u00e2 var.\u00a0<strong>\u00dclkenin emperyalizmden ba\u011f\u0131ms\u0131zl\u0131\u011f\u0131n\u0131 da, halklar\u0131n kendi kaderlerini tayin hakk\u0131n\u0131 da \u00e7\u00f6zebilecek (T\u00fcrk burjuvazisinin y\u0131llard\u0131r \u00e7\u00f6zmedi\u011fi) bir egemen kurucu meclis se\u00e7imi i\u00e7in m\u00fccadele tek \u00e7\u0131k\u0131\u015f yolu. Ve elbette b\u00f6yle bir kurucu meclis i\u00e7inde i\u015f\u00e7i s\u0131n\u0131f\u0131n\u0131n ve b\u00fct\u00fcn ezilenlerin haklar\u0131n\u0131 sonuna kadar savunacak olan bir s\u0131n\u0131f kutbunun birle\u015fik i\u015f\u00e7i cephesi anlay\u0131\u015f\u0131yla o mecliste temsilinin de \u00f6n\u00fc sonuna kadar a\u00e7\u0131lacakt\u0131r.<\/strong><\/p>\n<p align=\"left\">B\u00f6yle bir meclis i\u00e7in se\u00e7im olur mu, olmaz m\u0131? Olur ya da olmaz \u00f6nemli de\u011fil. \u00d6nemli olan plebisitte HAYIR da demi\u015f olsa EVET de demi\u015f olsa kitleye, \u201cB\u00f6yle bir demokrasiyi ister misiniz, istemez misiniz?\u201d sorusunu cevaplatmak i\u00e7in m\u00fccadele etmektir. Bu \u00e7ok basit soruya anlaml\u0131 bir EVET cevab\u0131 ald\u0131\u011f\u0131n\u0131zda, bunun i\u00e7in harekete ge\u00e7ecek kitleleri bulmu\u015fsunuz demektir. \u00c7ok mu zor? Ya da, \u201cbiz sadece kendi meclislerimiz i\u00e7in m\u00fccadele ederiz\u201d t\u00fcr\u00fc u\u00e7 yakla\u015f\u0131mlar veya \u201cMuhalefeti Y\u00fckseltelim!\u201d gibi kuru ajitasyon d\u0131\u015f\u0131nda somut bir \u00f6nerisi olan var m\u0131?<br \/>\n(25 Temmuz 2017)<\/p>\n<\/div>\n<\/td>\n<\/tr>\n<\/tbody>\n<\/table>\n<table id=\"\" class=\"full text table-4 last\" cellspacing=\"0\" cellpadding=\"0\" align=\"left\" bgcolor=\"#FFFFFF\">\n<tbody>\n<tr>\n<td id=\"\" align=\"left\">\n<div class=\"module text\">\n<p align=\"left\"><strong>\u0130\u015f\u00e7i Karde\u015fli\u011fi Partisi<\/strong><\/p>\n<\/div>\n<\/td>\n<\/tr>\n<\/tbody>\n<\/table>\n<div class=\"clear\"><\/div>\n<p>&nbsp;<\/p>\n","protected":false},"excerpt":{"rendered":"<p>SINIRSIZ B\u0130R S\u0130YASAL DEMOKRAS\u0130YLE HALK EGEMENL\u0130\u011e\u0130N\u0130N TES\u0130S\u0130 \u0130\u00c7\u0130N DEMOKRAT\u0130K SE\u00c7\u0130MLER! \u00d6nce 12 Mart 1971 askeri m\u00fcdahalesi ve esas olarak ard\u0131ndan gelen 12 Eyl\u00fcl 1980 askeri darbesiyle birlikte 1961 Anayasas\u0131n\u0131n ve yaratt\u0131\u011f\u0131 kurumlar\u0131n sundu\u011fu g\u00f6reli siyasal demokrasi ortam\u0131 rafa kald\u0131r\u0131lm\u0131\u015ft\u0131. 16 Nisan 2017 referandumu b\u00fct\u00fcn bunlar\u0131n \u00fczerine t\u00fcy dikti, \u00e7\u00fcnk\u00fc 12 Eyl\u00fcl askeri darbesinin b\u00fcy\u00fck burjuvazi [&hellip;]<\/p>\n","protected":false},"author":1,"featured_media":0,"comment_status":"closed","ping_status":"closed","sticky":false,"template":"","format":"standard","meta":{"footnotes":""},"categories":[50],"tags":[405,325,64,53,185,406],"class_list":["post-1946","post","type-post","status-publish","format-standard","hentry","category-c44-bildiriler","tag-halk-egemenligi","tag-isci-kardesligi-partisi","tag-kurucu-meclis","tag-onsayfa","tag-secim","tag-siyasal-demokrasi"],"_links":{"self":[{"href":"https:\/\/pgbsosyalizm.org\/index.php?rest_route=\/wp\/v2\/posts\/1946","targetHints":{"allow":["GET"]}}],"collection":[{"href":"https:\/\/pgbsosyalizm.org\/index.php?rest_route=\/wp\/v2\/posts"}],"about":[{"href":"https:\/\/pgbsosyalizm.org\/index.php?rest_route=\/wp\/v2\/types\/post"}],"author":[{"embeddable":true,"href":"https:\/\/pgbsosyalizm.org\/index.php?rest_route=\/wp\/v2\/users\/1"}],"replies":[{"embeddable":true,"href":"https:\/\/pgbsosyalizm.org\/index.php?rest_route=%2Fwp%2Fv2%2Fcomments&post=1946"}],"version-history":[{"count":1,"href":"https:\/\/pgbsosyalizm.org\/index.php?rest_route=\/wp\/v2\/posts\/1946\/revisions"}],"predecessor-version":[{"id":1947,"href":"https:\/\/pgbsosyalizm.org\/index.php?rest_route=\/wp\/v2\/posts\/1946\/revisions\/1947"}],"wp:attachment":[{"href":"https:\/\/pgbsosyalizm.org\/index.php?rest_route=%2Fwp%2Fv2%2Fmedia&parent=1946"}],"wp:term":[{"taxonomy":"category","embeddable":true,"href":"https:\/\/pgbsosyalizm.org\/index.php?rest_route=%2Fwp%2Fv2%2Fcategories&post=1946"},{"taxonomy":"post_tag","embeddable":true,"href":"https:\/\/pgbsosyalizm.org\/index.php?rest_route=%2Fwp%2Fv2%2Ftags&post=1946"}],"curies":[{"name":"wp","href":"https:\/\/api.w.org\/{rel}","templated":true}]}}