{"id":1971,"date":"2017-11-26T22:49:44","date_gmt":"2017-11-26T20:49:44","guid":{"rendered":"http:\/\/pgbsosyalizm.org\/?p=1971"},"modified":"2017-11-27T00:26:19","modified_gmt":"2017-11-26T22:26:19","slug":"avrupa-konferansi-icin-cagri","status":"publish","type":"post","link":"https:\/\/pgbsosyalizm.org\/?p=1971","title":{"rendered":"Avrupa Konferans\u0131 i\u00e7in \u00c7A\u011eRI"},"content":{"rendered":"<h4>Maastricht Antla\u015fmas\u0131 25 y\u0131l \u00f6nce imzaland\u0131<\/h4>\n<p>Bizler \u00fclkelerimizdeki demokrasi ve i\u015f\u00e7i hareketlerinin \u00e7e\u015fitli ak\u0131mlar\u0131ndan i\u015f\u00e7iler, i\u015f\u00e7i m\u00fccadelesi veren insanlar\u0131z.<\/p>\n<p>Maastricht Antla\u015fmas\u0131\u2019n\u0131n kabul\u00fcn\u00fcn sonu\u00e7lar\u0131 olarak \u015fu ger\u00e7ekleri tespit etmek zorunday\u0131z:<\/p>\n<p><span style=\"color: #333399;\"><strong>Fransa\u2019da<\/strong><\/span><\/p>\n<ul>\n<li>Bize dayat\u0131lan \u201cserbest ve \u00e7arp\u0131t\u0131lmam\u0131\u015f rekabet\u201d her alanda k\u0131smi veya tam \u00f6zelle\u015ftirmelere yol a\u00e7t\u0131: demiryollar\u0131 (SNCF), enerji (EDF-GDF), posta, telekom, havaalanlar\u0131, TV kanal\u0131 (TF1) ve bir\u00e7ok kamu sanayi i\u015fletmesi (Saint Gobain, Matra, Renault, Rh\u00f4ne-Poulenc, Elf Aquitane, Seita, Total, CGM, P\u00e9chiney, Usinor-Sacilor, Suez, Bull, Thomson, Aerospatiale, Air France, SNECMA, Safran, EADS); bankalar (Paribas, CCF, Soci\u00e9t\u00e9 G\u00e9n\u00e9rale, Cr\u00e9dit Local de France, BNP, BFCE, Cr\u00e9dit Lyonnias, CIC, CNP) ve b\u00fcy\u00fck sigorta \u015firketleri, tersaneler, otobanlar vs.<\/li>\n<li>\u201cSerbest ve \u00e7arp\u0131t\u0131lmam\u0131\u015f rekabet\u201d prensibinin ve b\u00fct\u00e7e a\u00e7\u0131\u011f\u0131n\u0131n yurti\u00e7i gelirin y\u00fczde \u00fc\u00e7\u00fcn\u00fc ge\u00e7meme zorunlulu\u011funun sonucu olarak yap\u0131lan bir dizi kar\u015f\u0131-reform ile sa\u011fl\u0131k harcamalar\u0131 (sosyal g\u00fcvenlik) k\u0131s\u0131tland\u0131; 445 milyar avro prim geliri (i\u015f\u00e7ilerin katk\u0131s\u0131) patronlara hibe edildi; y\u0131k\u0131c\u0131 kar\u015f\u0131-reformlar (Balladur 1993, Jupp\u00e9 1995, Fillon 2002, Hollande-Ayrault 2013 ve \u015fimdi Macron taraf\u0131ndan duyurusu yap\u0131lan) ile emeklilik primi \u00f6deme s\u00fcresi 37,5\u2019dan 42 y\u0131la y\u00fckseltildi.<\/li>\n<li>Piyasaya a\u00e7\u0131lma prensibinin sonucu olarak rekabet g\u00fcc\u00fcn\u00fcn artt\u0131r\u0131lmas\u0131 kapsam\u0131nda i\u015f\u00e7i haklar\u0131na kar\u015f\u0131 en korkun\u00e7 sald\u0131r\u0131lar yap\u0131ld\u0131, bu da g\u00fcvencesiz \u00e7al\u0131\u015fmay\u0131 artt\u0131rd\u0131. El Khomri Yasas\u0131 ve Macron kararnameleri \u0130\u015f Yasas\u0131n\u0131 t\u00fcmden yerinden oynatt\u0131.<\/li>\n<li>Maastricht Antla\u015fmas\u0131\u2019n\u0131n bor\u00e7 alma limitinin (yurti\u00e7i gelirin y\u00fczde \u00fc\u00e7\u00fc), \u00e7e\u015fitli kemer s\u0131kma programlar\u0131n\u0131n ve sorumluluk anla\u015fmalar\u0131n\u0131n (Bachelot ve Touraine yasalar\u0131yla hayata ge\u00e7irilen bu anla\u015fmalar her d\u00fczeyde kamu b\u00fct\u00e7elerini neredeyse \u00e7\u00f6kerttiler) sonucu olarak hastanelerde 16 bin yatak azalt\u0131ld\u0131, do\u011fumevlerinin yar\u0131s\u0131ndan fazlas\u0131 kapat\u0131ld\u0131 ve kamu hizmetlerinde y\u00fcz binlerce i\u015f ortadan kald\u0131r\u0131ld\u0131.<\/li>\n<li>Serbest ve \u00e7arp\u0131t\u0131lmam\u0131\u015f rekabet ve genel kurals\u0131zla\u015ft\u0131rma \u00f6nlemlerinin sonucunda 2000-2015 d\u00f6neminde sanayide 900 bin i\u015f (d\u00f6rt i\u015ften biri) yok edildi. \u0130\u015fsizlik y\u00fczde 10\u2019u ge\u00e7ti, n\u00fcfusun y\u00fczde 14\u2019\u00fc bug\u00fcn yoksulluk s\u0131n\u0131r\u0131n\u0131n alt\u0131nda ya\u015f\u0131yor (18-25 ya\u015f aras\u0131nda y\u00fczde 25\u2019i). Birbiri ard\u0131nda gelen kar\u015f\u0131-reformlar\u0131n (ba\u015fta El Khomri yasas\u0131 ve Macron kararnameleri) sonucunda g\u00fcvencesiz i\u015flerin say\u0131s\u0131 s\u00fcrekli art\u0131yor. Kamu hizmetlerinde son on y\u0131l i\u00e7inde d\u00fczenli i\u015flerin say\u0131s\u0131 500 bin azal\u0131rken g\u00fcvencesiz i\u015fler 120 bin artt\u0131.<\/li>\n<\/ul>\n<p>Ve bu s\u00fcrede k\u00e2rlar d\u00fczenli bir \u015fekilde artmaya devam etti. Fransa\u2019da 2016\u2019da CAC-40 Borsa endeksindeki i\u015fletmeler yat\u0131r\u0131mc\u0131lar\u0131na yakla\u015f\u0131k 56 milyar avro temett\u00fc da\u011f\u0131tt\u0131 (2015\u2019te bu rakam 43 milyard\u0131). Bu rakam yakla\u015f\u0131k olarak, krizden \u00f6nceki 2007 rakam\u0131na denk geliyor ve 2014\u2019teki bir \u00f6nceki rekor rakam\u0131 ge\u00e7iyor. CAC-40 i\u015fletmelerinin toplam k\u00e2r\u0131 2016\u2019da 75 milyar avro oldu, yani 2015\u2019ten y\u00fczde 32 daha fazla. 2017\u2019nin ilk yar\u0131s\u0131nda k\u00e2rlar 42,3 milyar avroya ula\u015ft\u0131 ki bu da 2017 i\u00e7in yeni bir rekor demek.<\/p>\n<p>Bu \u00f6nlemler her siyasetten parti ba\u015fkanlar\u0131 ve h\u00fck\u00fcmetler taraf\u0131ndan al\u0131nd\u0131. Hepsi AB\u2019nin istek ve direktiflerine biat etti. Parlamentoda g\u00f6r\u00fc\u015f\u00fclen yasalar\u0131n y\u00fczde 90\u2019\u0131 AB direktiflerinin hayata ge\u00e7irilmesi i\u00e7in.<\/p>\n<p><strong><span style=\"color: #333399;\">\u0130talya\u2019da<\/span><\/strong><\/p>\n<ul>\n<li>Maastricht Kriterleri\u2019nin hayata ge\u00e7irilmesi i\u00e7in ve \u201cd\u0131\u015f borcun\u201d d\u00fc\u015f\u00fcr\u00fclmesi ad\u0131na her y\u0131l b\u00fct\u00e7e kesintilerine gidildi. Toplamda 550 milyar avro kesinti yap\u0131ld\u0131. Bu kamu hizmetlerinde y\u00fcz binlerce i\u015fin yok edilmesine, e\u011fitim ve sa\u011fl\u0131k b\u00fct\u00e7esinin k\u00fc\u00e7\u00fclt\u00fclmesine, kamu hizmetlerinin yok edilmesine yol a\u00e7t\u0131. Ayn\u0131 s\u0131rada kapitalistlerin \u00e7\u0131kar\u0131na \u00e7e\u015fitli avantajlar hayata ge\u00e7irildi, bir \u00e7al\u0131\u015fmaya g\u00f6re bunlar y\u0131lda 30 milyar avroya denk geliyor.<\/li>\n<li>Fransa\u2019da oldu\u011fu gibi serbest rekabet kurallar\u0131 her sekt\u00f6rde \u00f6zelle\u015ftirmeyi getirdi: ENI ve ENEL (Enerji), IRI (demir \u00e7elik sanayi, makine, g\u0131da, telekom, otobanlar, tersaneler), demiryollar\u0131, posta, t\u00fcm belediye hizmetleri (ula\u015f\u0131m, su, okul destekleri\u2026), bankalar\u2026 Y\u00fcz binlerce kamu i\u015fi yok edildi: \u00f6rne\u011fin 2000\u2019lerin ba\u015f\u0131ndaki demiryolu \u00f6zelle\u015ftirmesi tek ba\u015f\u0131na 115 bin i\u015fi ortadan kald\u0131rd\u0131.<\/li>\n<li>AB\u2019nin ve b\u00fct\u00e7e kesintilerinin bask\u0131s\u0131 alt\u0131nda ulusal sa\u011fl\u0131k sistemi \u00f6nce b\u00f6lgeselle\u015ftirildi, sonra bir \u201creform\u201d ile sa\u011fl\u0131k hizmetinin finansman sistemi ortadan kald\u0131r\u0131ld\u0131. Bu \u201creform\u201d i\u015fletmelerden al\u0131nan katk\u0131lar\u0131 1997\u2019den itibaren y\u0131lda 2,5 milyar avro azaltt\u0131. Bu da \u00e7ok say\u0131da hastanenin kapanmas\u0131na, binlerce yata\u011f\u0131n ve kliniklerin ortadan kald\u0131r\u0131lmas\u0131na, kliniklerin kapat\u0131lmas\u0131na yol a\u00e7t\u0131. Bug\u00fcn \u00e7ok say\u0131da vatanda\u015f, doktor hizmeti veya acil detayl\u0131 tetkik i\u00e7in aylarca bekliyor. Bir ameliyat randevusu almak giderek zorla\u015f\u0131yor. 2016\u2019da 12 milyon hastaya doktor taraf\u0131ndan bak\u0131lamad\u0131 ve ortalama ya\u015fam beklentisi ilk defa d\u00fc\u015ft\u00fc.<\/li>\n<li>E\u011fitimde okullara \u00f6zerklik yasas\u0131 a\u011f\u0131r sonu\u00e7lar\u0131 olan bir dizi \u201creforma\u201d d\u00f6n\u00fc\u015ft\u00fc: 150 bin \u00f6\u011fretmen kadrosu iptal edildi; ulusal okul programlar\u0131 kald\u0131r\u0131ld\u0131 veya k\u00fc\u00e7\u00fclt\u00fcld\u00fc, bu da e\u011fitimde f\u0131rsat e\u015fitli\u011fini \u00f6zellikle i\u015f\u00e7i mahallelerinde ciddi anlamda zedeledi. Ulusal diploma derecelerini sorgulan\u0131r hale getirdi, e\u011fitim \u00e7al\u0131\u015fanlar\u0131n\u0131n al\u0131m g\u00fcc\u00fcn\u00fc s\u0131n\u0131rlad\u0131, okullardaki \u00e7al\u0131\u015fma ko\u015fullar\u0131n\u0131 k\u00f6t\u00fcle\u015ftirdi. Okullar ayakta kalabilmek i\u00e7in kendilerini \u00f6zel yollardan finanse etmek durumda kal\u0131yorlar.<\/li>\n<li>Esneklik ve rekabet g\u00fcc\u00fc ad\u0131na ilk e\u015fel mobil sistemi ortadan kald\u0131r\u0131ld\u0131 (1993). Sonra Treu (1997) ve Biagi (2002) yasalar\u0131yla ve son olarak \u201cJob\u2019s Act\u201d [\u0130\u015fler Yasas\u0131 \u2013 \u00e7.n.] (2015) ile 1971\u2019de kazan\u0131lm\u0131\u015f i\u015f yasalar\u0131 (Statuto di Lavatori) yok edildiler. G\u00fcvencesiz \u00e7al\u0131\u015fma ile d\u00fczenli i\u015flerin \u00f6nemli bir k\u0131sm\u0131 ortadan kald\u0131r\u0131ld\u0131. Her sekt\u00f6rde toplu i\u015f s\u00f6zle\u015fmeleri \u00f6zellikle gen\u00e7ler i\u00e7in en berbat s\u00f6m\u00fcr\u00fc ko\u015fullar\u0131n\u0131 i\u00e7eren bireysel s\u00f6zle\u015fmeler ile de\u011fi\u015ftirildi. Dahas\u0131 gen\u00e7lerde i\u015fsizlik oran\u0131 y\u00fczde 42\u2019ye ula\u015ft\u0131. Emeklilik sistemi fiilen yok edildi: bir taraftan emeklilik ya\u015f\u0131 67\u2019ye y\u00fckseltilirken (gelecek y\u0131llarda 70\u2019e y\u00fckseltilecek), \u00f6b\u00fcr taraftan dayan\u0131\u015fmaya dayanan emeklilik sistemi sermayeye dayanan emeklilikle de\u011fi\u015ftirildi. B\u00f6ylece emeklilik maa\u015f\u0131 \u00f6nceki maa\u015f\u0131n sadece y\u00fczde 40, bazen y\u00fczde 35\u2019ine ula\u015fabilecek. \u00c7o\u011fu durumda 40-45 y\u0131l \u00e7al\u0131\u015fmadan sonra 500-600 avro emeklilik maa\u015f\u0131 al\u0131nabilecek (buna da \u00e7o\u011fu i\u015f\u00e7i ula\u015famayacak!).<\/li>\n<li>T\u00fcm bu \u00f6nlemlerin sonucunda n\u00fcfusun y\u00fczde 7,6\u2019s\u0131 mutlak yoksulluk, y\u00fczde 11\u2019i a\u011f\u0131r yoksulluk ve y\u00fczde 28,7\u2019si yoksulluk tehdidi alt\u0131nda.<\/li>\n<\/ul>\n<p>Bunlara ek olarak tam anlam\u0131yla (\u00f6zellikle tar\u0131mda) k\u00f6lelik ko\u015fullar\u0131nda ya\u015fayan y\u00fcz binlerce g\u00f6\u00e7men geliyor. Bu g\u00f6\u00e7menler i\u015fg\u00fcc\u00fcn\u00fcn de\u011ferini d\u00fc\u015f\u00fcrmek ve toplu i\u015f s\u00f6zle\u015fmelerini yok etmek i\u00e7in kullan\u0131l\u0131yorlar.<\/p>\n<p><strong><span style=\"color: #333399;\">Almanya\u2019da<\/span><\/strong><\/p>\n<ul>\n<li>Fransa ve \u0130talya\u2019da \u00f6zelle\u015ftirmeler, bor\u00e7 limiti ve sanayisizle\u015ftirme sonucu ya\u015fanan olgular Almanya\u2019da da ya\u015fand\u0131. Ancak burada Kohl h\u00fck\u00fcmetlerinin 1998\u2019de \u00f6rg\u00fctl\u00fc i\u015f\u00e7i hareketi ve gen\u00e7lik kar\u015f\u0131s\u0131nda gerilemesinden sonra; sosyal demokrat Ba\u015fbakan Schr\u00f6der\u2019in G\u00fcndem Politikas\u0131 [Schr\u00f6der\u2019in \u201cG\u00fcndem 2010\u201d ad\u0131 alt\u0131nda ger\u00e7ekle\u015ftirildi\u011fi ve sonra da devam ettirilen kar\u015f\u0131-reformlar \u2013 \u00e7.n.] Maastricht Antla\u015fmas\u0131\u2019n\u0131n hayata ge\u00e7irilmesi i\u00e7in motor rol\u00fcn\u00fc \u00fcstlendi. DGB i\u00e7indeki Alman sendikalar\u0131n\u0131n y\u00f6netimleri de buna e\u015flik ettiler.<\/li>\n<li>Bug\u00fcn \u201csosyal ortaklar anla\u015fmas\u0131\u201d yard\u0131m\u0131 ile \u201cAvrupa Sendikalar\u0131 Konfederasyonu\u201d ETUC\u2019un (\u00e7o\u011fu zaman ulusal konfederasyonlarla beraber) sermaye ile AB d\u00fczleminde pazarl\u0131\u011f\u0131n\u0131 yapt\u0131\u011f\u0131, yasama orta\u011f\u0131 olarak karar\u0131n\u0131 ald\u0131\u011f\u0131 ve ulusal yasalara terc\u00fcme edilen kararlar\u0131n bilan\u00e7osunu \u00e7\u0131karmak durumunday\u0131z. Schr\u00f6der\u2019in yasalar\u0131 AB Komisyonu\u2019nun isteklerine olduk\u00e7a yak\u0131nd\u0131. Kiral\u0131k i\u015f\u00e7i mevzuat\u0131 olsun, k\u0131smi s\u00fcreli \u00e7al\u0131\u015fma veya belirli s\u00fcreli i\u015f s\u00f6zle\u015fmeleri yasalar\u0131 olsun; ETUC\u2019un yard\u0131m\u0131yla \u201csosyal diyalog\u201d zemininde yap\u0131lan bu d\u00fczenlemeler Avrupa \u00e7ap\u0131nda kurals\u0131z ve g\u00fcvencesiz \u00e7al\u0131\u015fma ko\u015fullar\u0131n\u0131 hayata ge\u00e7irdi. Bunlar\u0131n Almanya\u2019ya yans\u0131mas\u0131 \u015f\u00f6yle oldu:<\/li>\n<\/ul>\n<p style=\"padding-left: 60px;\">&#8212; 1991-1993 aras\u0131nda Almanya\u2019da 114 bin ki\u015fi kiral\u0131k olarak \u00e7al\u0131\u015f\u0131yordu. AB direktifleriyle beraber 2002-2008 aras\u0131nda bu rakam 715 bine ula\u015ft\u0131 ve 2016\u2019da 993 bin i\u015f\u00e7iyi etkiliyor.<\/p>\n<p style=\"padding-left: 60px;\">&#8212; 2016\u2019da Almanya\u2019da 8,4 milyon i\u015f\u00e7i k\u0131smi zamanl\u0131 olarak \u00e7al\u0131\u015f\u0131yordu. \u00c7al\u0131\u015fan kad\u0131nlar\u0131n y\u00fczde 30,2\u2019si k\u0131smi zamanl\u0131yd\u0131. 2015\u2019te neredeyse yar\u0131s\u0131 k\u0131smi zamanl\u0131 (y\u00fczde 46,4). Erkeklerde bu oran ayn\u0131 s\u00fcre i\u00e7inde 5 kat\u0131nda \u00e7\u0131kt\u0131: y\u00fczde 2\u2019den y\u00fczde 10\u2019a.<\/p>\n<p style=\"padding-left: 60px;\">&#8212; 2016\u2019da yeni i\u015fe ba\u015flayanlar\u0131n y\u00fczde 45\u2019i (yakla\u015f\u0131k 1,6 milyon) belirli s\u00fcreli bir s\u00f6zle\u015fme ile \u00e7al\u0131\u015f\u0131yor. 2015\u2019te bu oran y\u00fczde 41\u2019di. 25-29 ya\u015f aras\u0131nda bu oran 2016\u2019da y\u00fczde 50 (2015\u2019te y\u00fczde 47) ve 20 ya\u015f\u0131ndakilerde y\u00fczde 59.<\/p>\n<ul>\n<li>Bu kurals\u0131zla\u015ft\u0131rma s\u00fcreci Hartz [G\u00fcndem 2010 kapsam\u0131nda \u00e7\u0131kar\u0131lan yasalar \u2013 \u00e7.n.] yasalar\u0131yla dayat\u0131lan sermayenin toplu s\u00f6zle\u015fmelerden ka\u00e7\u0131\u015f\u0131yla (o g\u00fcne kadarki \u00fccret seviyesinin y\u00fczde 30 alt\u0131na kadar i\u015flerin zorla kabul\u00fc) kol kola gitti: 1995\u2019te Bat\u0131 Almanya\u2019daki i\u015f\u00e7ilerin y\u00fczde 72\u2019si bir i\u015fkolu toplu s\u00f6zle\u015fmesine ba\u011fl\u0131yd\u0131. 2016\u2019da sadece bu rakam sadece y\u00fczde 51. Do\u011fuda ise toplu s\u00f6zle\u015fme ile \u00e7al\u0131\u015fma yar\u0131ya d\u00fc\u015ft\u00fc: 2\/3\u2019ten 2016\u2019da 1\/3\u2019e. Yakla\u015f\u0131k 2 milyon \u201ctek ba\u015f\u0131na \u00e7al\u0131\u015fan\u201d toplu s\u00f6zle\u015fme korumas\u0131ndan tamamen d\u00fc\u015ft\u00fc. Almanya\u2019daki \u00e7al\u0131\u015fanlar 1995-2015 aras\u0131nda y\u00fczde 40 ger\u00e7ek \u00fccret kayb\u0131na u\u011frad\u0131.<\/li>\n<li>2015 y\u0131l\u0131nda t\u00fcm \u00e7al\u0131\u015fanlar\u0131n y\u00fczde 22,6\u2019s\u0131 d\u00fc\u015f\u00fck \u00fccret s\u0131n\u0131r\u0131n\u0131n (10,22 avro\/saat) alt\u0131nda \u00e7al\u0131\u015f\u0131yordu. Ya\u015fl\u0131l\u0131k yoksullu\u011fu patlad\u0131: 2016\u2019da 65-74 ya\u015f\u0131ndakilerin y\u00fczde 11\u2019i (942 bin) bir i\u015f aramak zorunda kald\u0131. 2006\u2019da bu oran y\u00fczde 5\u2019ti.<\/li>\n<li>Bu rejim ayn\u0131 zamanda 30 Dax [Alman borsa endeksi \u2013 \u00e7.n.] \u015firketine 114,2 milyar avro gelir sa\u011fl\u0131yor. Bu rakam bor\u00e7 limiti diktas\u0131ndaki Alman federal b\u00fct\u00e7esinin yakla\u015f\u0131k \u00fc\u00e7te birine denk geliyor.<\/li>\n<\/ul>\n<p>Bu, \u00f6l\u00fcmc\u00fcl bir rejim. Robert-Koch Enstit\u00fcs\u00fc 2014\u2019te Almanya i\u00e7in \u015fu tespiti yap\u0131yor: yoksulluk y\u00fckselen bir \u00f6l\u00fcm riski ve daha k\u0131sa bir ya\u015fam beklentisi ile kol kola gidiyor. En d\u00fc\u015f\u00fck gelir grubundaki kad\u0131nlar (ortalama gelirden y\u00fczde 60 daha az kazan\u0131yorlar) en \u00e7ok kazananlardan 8 y\u0131l daha erken; erkekler de on y\u0131l daha erken \u00f6l\u00fcyorlar.<\/p>\n<h3><span style=\"color: #333399;\"><strong>* * * *<\/strong><\/span><\/h3>\n<p>AB\u2019de bankalar\u0131n kurtar\u0131lmas\u0131 i\u00e7in: 2008 ve 2010\u2019da bankalar ve finans sekt\u00f6r\u00fc AB devletlerinden 1,6 trilyon avro (AB toplam gelirinin y\u00fczde 13\u2019\u00fc) ald\u0131. (Ek olarak AB devlet yard\u0131mlar\u0131n\u0131 kolayla\u015ft\u0131rd\u0131.) Z\u0131mni destekleri de hesaba katmak gerekir: devletler ve Avrupa Merkez Bankas\u0131\u2019ndan gelecek g\u00fcvenilir desteklere dayanan bankalar, piyasalarda daha rahat spek\u00fclasyon yapabildiler. Avrupa Parlamentosu\u2019ndaki Ye\u015filler fraksiyonunun iste\u011fiyle yap\u0131lan bir ara\u015ft\u0131rmaya g\u00f6re bu z\u0131mni destekler y\u0131lda 200 ila 300 milyar avroya denk geliyorlar. Ek olarak Avrupa Merkez Bankas\u0131\u2019n\u0131n 2015\u2019ten beri uygulad\u0131\u011f\u0131 parasal geni\u015fleme politikas\u0131yla 1,4 trilyon avro mali sisteme aktar\u0131ld\u0131.<\/p>\n<p>Bizler \u0130talya, Almanya ve Fransa\u2019daki demokrasi ve i\u015f\u00e7i hareketlerinin \u00e7e\u015fitli ak\u0131mlar\u0131ndan i\u015f\u00e7iler, i\u015f\u00e7i m\u00fccadelesi veren insanlar\u0131z. Baz\u0131lar\u0131m\u0131z Kas\u0131m 2016\u2019da Mumbai\u2019de (Hindistan) d\u00fczenlenen Sava\u015fa, S\u00f6m\u00fcr\u00fcye ve G\u00fcvencesiz \u00c7al\u0131\u015ft\u0131rmaya Kar\u015f\u0131 Uluslararas\u0131 Konferans\u2019\u0131 destekledik, bir k\u0131sm\u0131m\u0131z da ona kat\u0131ld\u0131. Bug\u00fcn tespit etmemiz gerekiyor ki: bu s\u00f6m\u00fcr\u00fc ve g\u00fcvencesiz \u00e7al\u0131\u015ft\u0131rman\u0131n Avrupas\u0131 bizim Avrupam\u0131z de\u011fil.<\/p>\n<p>Bizler \u0130talya, Almanya ve Fransa\u2019daki demokrasi ve i\u015f\u00e7i hareketlerinin \u00e7e\u015fitli ak\u0131mlar\u0131ndan i\u015f\u00e7iler, i\u015f\u00e7i militanlar\u0131 olarak bu hatta kar\u015f\u0131 m\u00fccadelelere kat\u0131ld\u0131k. Bu m\u00fccadele s\u0131ras\u0131nda \u00fclkelerimizdeki i\u015f\u00e7iler, i\u015f\u00e7i \u00f6rg\u00fctlerinin her kademesinde zorluklarla ve engellerle kar\u015f\u0131 kar\u015f\u0131ya kald\u0131lar, \u00f6zellikle \u00f6rg\u00fctlerinin tepesindeki baz\u0131 kesimlerin AB\u2019nin politikalar\u0131yla m\u00fccadele etmek yerine ona \u201cele\u015ftirel\u201d destek vermesi ger\u00e7e\u011fiyle kar\u015f\u0131la\u015ft\u0131lar. Bu y\u00fczden biz daha da eminiz ki, bizleri birle\u015ftirecek i\u00e7in bir Avrupa konferans\u0131 i\u00e7in inisiyatif almam\u0131z gerekiyor.<\/p>\n<ul>\n<li>Sava\u015flar\u0131n, h\u00fck\u00fcmetlerimiz taraf\u0131ndan ABD ve NATO\u2019ya biat ederek giri\u015filen Afganistan, Suriye, Irak\u2019taki askeri m\u00fcdahalelerin Avrupas\u0131 bizim Avrupam\u0131z de\u011fil.<\/li>\n<li>Yoksullu\u011fun, dikenli tellerle \u00e7evrili s\u0131n\u0131rlar\u0131n, bedenleri Akdeniz\u2019in dibinde yatan binlerce g\u00f6\u00e7menin, \u201cbizim\u201d h\u00fck\u00fcmetlerimizin sava\u015flar\u0131 y\u00fcz\u00fcnden \u00fclkelerinden kovulan ve on binlerle Avrupa\u2019ya itilen g\u00f6\u00e7menlerin Avrupas\u0131 bizim Avrupam\u0131z de\u011fil.<\/li>\n<li>S\u00f6zde \u201cAvrupa Sendikalar\u0131 Konfederasyonu\u201d ETUC\u2019un i\u015f\u00e7i d\u00fc\u015fman\u0131 planlar\u0131n ve direktiflerin uygulanmas\u0131nda Avrupa Merkez Bankas\u0131\u2019na payandal\u0131k yapt\u0131\u011f\u0131 Avrupa bizim Avrupam\u0131z de\u011fil.<\/li>\n<li>Avrupa Merkez Bankas\u0131\u2019n\u0131n her y\u0131l milyarlarca avroyu, avronun desteklenmesi i\u00e7in piyasalara aktard\u0131\u011f\u0131 ve b\u00f6ylelikle milyonlarca insan\u0131 yoksullu\u011fa itti\u011fi; kapitalistlere ve bankac\u0131lara i\u015f\u00e7ilerin \u00fczerinden her g\u00fcn daha fazla k\u00e2r elde etme imkan\u0131 veren Avrupa bizim Avrupam\u0131z de\u011fil.<\/li>\n<\/ul>\n<p>\u0130\u015f\u00e7i ve demokrasi hareketinden i\u015f\u00e7iler ve militanlar olarak bizler enternasyonalistiz. T\u00fcm Avrupa i\u015f\u00e7ileri s\u0131n\u0131f karde\u015flerimizdir. Biz bug\u00fcnk\u00fc AB i\u00e7inde olsun olmas\u0131n herkese a\u00e7\u0131k bir Avrupa istiyoruz.<\/p>\n<p>Brexit oylamas\u0131n\u0131n ard\u0131ndan yar\u0131n AB d\u0131\u015f\u0131nda olacak olan \u0130ngiliz i\u015f\u00e7i s\u0131n\u0131f\u0131na sesleniyoruz: sizler yine de bizim e\u015fit s\u0131n\u0131f karde\u015fimizsiniz. Do\u011fu Avrupa\u2019daki AB \u00fcyesi olmayan i\u015f\u00e7iler; sizler bizim karde\u015fimizsiniz, t\u00fcm emek\u00e7ilerle e\u015fit haklara sahipsiniz.<\/p>\n<p>Bizler s\u0131n\u0131rlar ve s\u0131n\u0131rlamalar olmaks\u0131z\u0131n i\u015f\u00e7ilerin ve demokrasinin Avrupas\u0131n\u0131 istiyoruz. Bizler \u00f6zg\u00fcr halklar, uluslar ve \u00f6zg\u00fcr i\u015f\u00e7ilerin g\u00f6n\u00fcll\u00fc birlikteli\u011fini istiyoruz.<\/p>\n<p>Bu y\u00f6ndeki ilk ad\u0131m Avrupa Merkez Bankas\u0131 ve kapitalistlerin \u00e7\u0131karlar\u0131 i\u00e7in i\u015f\u00e7i haklar\u0131na sald\u0131ran t\u00fcm antla\u015fmalar\u0131n iptalidir. Bu y\u00f6ndeki ilk ad\u0131m Maastricht Antla\u015fmas\u0131\u2019n\u0131n (ve onunla ba\u011flant\u0131l\u0131 t\u00fcm antla\u015fmalar\u0131n) iptali, halklar\u0131 bo\u011fazlayan ve \u00f6ld\u00fcren bu Maastricht AB\u2019sinden ve Avrupa Merkez Bankas\u0131\u2019ndan kopu\u015ftur.<\/p>\n<p>Kopu\u015f yoluna girmemenin sonucu Yunanistan \u00f6rne\u011finde a\u00e7\u0131k\u00e7a bellidir. Bug\u00fcn Yunanistan\u2019da ya\u015fananlar Avrupa\u2019n\u0131n t\u00fcm \u00fclkelerini ve i\u015f\u00e7ilerini tehdit etmektedir.<\/p>\n<p><strong>T\u00fcm Avrupa halklar\u0131 ve i\u015f\u00e7ilerinin s\u0131n\u0131rlar ve s\u0131n\u0131rlamalar olmaks\u0131z\u0131n \u00f6zg\u00fcr birlikteli\u011fi i\u00e7in!<\/strong><\/p>\n<p><strong>\u0130\u015f\u00e7i haklar\u0131n\u0131n ve demokrasinin Avrupas\u0131 i\u00e7in!<\/strong><\/p>\n<p><strong>Maastricht ve Avrupa Merkez Bankas\u0131 diktas\u0131ndan kurtulmak i\u00e7in!<\/strong><\/p>\n<p>Bu yolda nas\u0131l ad\u0131m atabilece\u011fimizi \u00f6zg\u00fcrce tart\u0131\u015fmak i\u00e7in bir Avrupa \u0130\u015f\u00e7i Konferans\u0131\u2019n\u0131n toplanmas\u0131n\u0131 \u00f6neriyoruz.<\/p>\n<p><strong>Bu \u00e7a\u011fr\u0131y\u0131 ilk imzac\u0131lar\u0131ndan olarak destekleyin:<\/strong><\/p>\n\n<div class=\"wpcf7 no-js\" id=\"wpcf7-f1989-o1\" lang=\"tr-TR\" dir=\"ltr\" data-wpcf7-id=\"1989\">\n<div class=\"screen-reader-response\"><p role=\"status\" aria-live=\"polite\" aria-atomic=\"true\"><\/p> <ul><\/ul><\/div>\n<form action=\"\/index.php?rest_route=%2Fwp%2Fv2%2Fposts%2F1971#wpcf7-f1989-o1\" method=\"post\" class=\"wpcf7-form init\" aria-label=\"\u0130leti\u015fim Formu\" novalidate=\"novalidate\" data-status=\"init\">\n<fieldset class=\"hidden-fields-container\"><input type=\"hidden\" name=\"_wpcf7\" value=\"1989\" \/><input type=\"hidden\" name=\"_wpcf7_version\" value=\"6.1.5\" \/><input type=\"hidden\" name=\"_wpcf7_locale\" value=\"tr_TR\" \/><input type=\"hidden\" name=\"_wpcf7_unit_tag\" value=\"wpcf7-f1989-o1\" \/><input type=\"hidden\" name=\"_wpcf7_container_post\" value=\"0\" \/><input type=\"hidden\" name=\"_wpcf7_posted_data_hash\" value=\"\" \/>\n<\/fieldset>\n<p><label> Ad Soyad (gerekli)<br \/>\n<span class=\"wpcf7-form-control-wrap\" data-name=\"your-name\"><input size=\"40\" maxlength=\"400\" class=\"wpcf7-form-control wpcf7-text wpcf7-validates-as-required\" aria-required=\"true\" aria-invalid=\"false\" value=\"\" type=\"text\" name=\"your-name\" \/><\/span> <\/label>\n<\/p>\n<p><label> \u00d6rg\u00fct ve g\u00f6rev (gerekli)<br \/>\n<span class=\"wpcf7-form-control-wrap\" data-name=\"your-organization\"><input size=\"40\" maxlength=\"400\" class=\"wpcf7-form-control wpcf7-text wpcf7-validates-as-required\" aria-required=\"true\" aria-invalid=\"false\" value=\"\" type=\"text\" name=\"your-organization\" \/><\/span> <\/label>\n<\/p>\n<p><label> Adres<br \/>\n<span class=\"wpcf7-form-control-wrap\" data-name=\"your-address\"><input size=\"40\" maxlength=\"400\" class=\"wpcf7-form-control wpcf7-text\" aria-invalid=\"false\" value=\"\" type=\"text\" name=\"your-address\" \/><\/span> <\/label>\n<\/p>\n<p><label> \u015eehir ve \u00dclke (gerekli)<br \/>\n<span class=\"wpcf7-form-control-wrap\" data-name=\"city-country\"><input size=\"40\" maxlength=\"400\" class=\"wpcf7-form-control wpcf7-text wpcf7-validates-as-required\" aria-required=\"true\" aria-invalid=\"false\" value=\"\" type=\"text\" name=\"city-country\" \/><\/span> <\/label>\n<\/p>\n<p><label> E-posta (gerekli)<br \/>\n<span class=\"wpcf7-form-control-wrap\" data-name=\"your-email\"><input size=\"40\" maxlength=\"400\" class=\"wpcf7-form-control wpcf7-email wpcf7-validates-as-required wpcf7-text wpcf7-validates-as-email\" aria-required=\"true\" aria-invalid=\"false\" value=\"\" type=\"email\" name=\"your-email\" \/><\/span> <\/label>\n<\/p>\n<p><input class=\"wpcf7-form-control wpcf7-submit has-spinner\" type=\"submit\" value=\"\u0130mzal\u0131yorum\" \/>\n<\/p><p style=\"display: none !important;\" class=\"akismet-fields-container\" data-prefix=\"_wpcf7_ak_\"><label>&#916;<textarea name=\"_wpcf7_ak_hp_textarea\" cols=\"45\" rows=\"8\" maxlength=\"100\"><\/textarea><\/label><input type=\"hidden\" id=\"ak_js_1\" name=\"_wpcf7_ak_js\" value=\"175\"\/><script type=\"text\/javascript\">\n\/* <![CDATA[ *\/\ndocument.getElementById( \"ak_js_1\" ).setAttribute( \"value\", ( new Date() ).getTime() );\n\/* ]]> *\/\n<\/script>\n<\/p><div class=\"wpcf7-response-output\" aria-hidden=\"true\"><\/div>\n<\/form>\n<\/div>\n\n<p>[Avrupa Konferans\u0131 \u00c7a\u011fr\u0131s\u0131n\u0131 <a href=\"https:\/\/docs.google.com\/document\/d\/1U7sSEfbnKcR4N4tEKtQPDEkPZEhdQo9ctlRRXR6tTdI\/edit?usp=sharing\"><strong>ilk imzac\u0131lar listesi ile birlikte \u0130ngilizce<\/strong><\/a> olarak ya da <a href=\"https:\/\/drive.google.com\/file\/d\/0B9XOOJyC77WsemZOWmtyX2xaRkF4eWpIMUJtd0Rqd2xubUtJ\/view?usp=sharing\"><strong>Almanca<\/strong><\/a> olarak okuyabilirsiniz.]<\/p>\n","protected":false},"excerpt":{"rendered":"<p>Maastricht Antla\u015fmas\u0131 25 y\u0131l \u00f6nce imzaland\u0131 Bizler \u00fclkelerimizdeki demokrasi ve i\u015f\u00e7i hareketlerinin \u00e7e\u015fitli ak\u0131mlar\u0131ndan i\u015f\u00e7iler, i\u015f\u00e7i m\u00fccadelesi veren insanlar\u0131z. Maastricht Antla\u015fmas\u0131\u2019n\u0131n kabul\u00fcn\u00fcn sonu\u00e7lar\u0131 olarak \u015fu ger\u00e7ekleri tespit etmek zorunday\u0131z: Fransa\u2019da Bize dayat\u0131lan \u201cserbest ve \u00e7arp\u0131t\u0131lmam\u0131\u015f rekabet\u201d her alanda k\u0131smi veya tam \u00f6zelle\u015ftirmelere yol a\u00e7t\u0131: demiryollar\u0131 (SNCF), enerji (EDF-GDF), posta, telekom, havaalanlar\u0131, TV kanal\u0131 (TF1) ve [&hellip;]<\/p>\n","protected":false},"author":1,"featured_media":0,"comment_status":"closed","ping_status":"closed","sticky":false,"template":"","format":"standard","meta":{"footnotes":""},"categories":[49,50],"tags":[285,423,337,424,425,53],"class_list":["post-1971","post","type-post","status-publish","format-standard","hentry","category-c43-duyurular","category-c44-bildiriler","tag-avrupa-cagrisi","tag-avrupa-konferansi-cagrisi","tag-isci-konferansi","tag-maastricht","tag-maastricht-antlasmasi","tag-onsayfa"],"_links":{"self":[{"href":"https:\/\/pgbsosyalizm.org\/index.php?rest_route=\/wp\/v2\/posts\/1971","targetHints":{"allow":["GET"]}}],"collection":[{"href":"https:\/\/pgbsosyalizm.org\/index.php?rest_route=\/wp\/v2\/posts"}],"about":[{"href":"https:\/\/pgbsosyalizm.org\/index.php?rest_route=\/wp\/v2\/types\/post"}],"author":[{"embeddable":true,"href":"https:\/\/pgbsosyalizm.org\/index.php?rest_route=\/wp\/v2\/users\/1"}],"replies":[{"embeddable":true,"href":"https:\/\/pgbsosyalizm.org\/index.php?rest_route=%2Fwp%2Fv2%2Fcomments&post=1971"}],"version-history":[{"count":18,"href":"https:\/\/pgbsosyalizm.org\/index.php?rest_route=\/wp\/v2\/posts\/1971\/revisions"}],"predecessor-version":[{"id":2008,"href":"https:\/\/pgbsosyalizm.org\/index.php?rest_route=\/wp\/v2\/posts\/1971\/revisions\/2008"}],"wp:attachment":[{"href":"https:\/\/pgbsosyalizm.org\/index.php?rest_route=%2Fwp%2Fv2%2Fmedia&parent=1971"}],"wp:term":[{"taxonomy":"category","embeddable":true,"href":"https:\/\/pgbsosyalizm.org\/index.php?rest_route=%2Fwp%2Fv2%2Fcategories&post=1971"},{"taxonomy":"post_tag","embeddable":true,"href":"https:\/\/pgbsosyalizm.org\/index.php?rest_route=%2Fwp%2Fv2%2Ftags&post=1971"}],"curies":[{"name":"wp","href":"https:\/\/api.w.org\/{rel}","templated":true}]}}