{"id":2045,"date":"2018-06-09T22:39:43","date_gmt":"2018-06-09T20:39:43","guid":{"rendered":"https:\/\/pgbsosyalizm.org\/?p=2045"},"modified":"2018-06-09T22:57:42","modified_gmt":"2018-06-09T20:57:42","slug":"avrupa-isci-konferansi-sonuc-metni","status":"publish","type":"post","link":"https:\/\/pgbsosyalizm.org\/?p=2045","title":{"rendered":"Avrupa \u0130\u015f\u00e7i Konferans\u0131 Sonu\u00e7 Metni"},"content":{"rendered":"<div id=\"attachment_2046\" style=\"width: 1034px\" class=\"wp-caption alignnone\"><img loading=\"lazy\" decoding=\"async\" aria-describedby=\"caption-attachment-2046\" class=\"size-large wp-image-2046\" src=\"https:\/\/pgbsosyalizm.org\/yenicms\/wp-content\/uploads\/2018\/06\/avrkonf_foto-1024x655.png\" alt=\"\" width=\"1024\" height=\"655\" srcset=\"https:\/\/pgbsosyalizm.org\/yenicms\/wp-content\/uploads\/2018\/06\/avrkonf_foto-1024x655.png 1024w, https:\/\/pgbsosyalizm.org\/yenicms\/wp-content\/uploads\/2018\/06\/avrkonf_foto-150x96.png 150w, https:\/\/pgbsosyalizm.org\/yenicms\/wp-content\/uploads\/2018\/06\/avrkonf_foto-300x192.png 300w, https:\/\/pgbsosyalizm.org\/yenicms\/wp-content\/uploads\/2018\/06\/avrkonf_foto-768x491.png 768w, https:\/\/pgbsosyalizm.org\/yenicms\/wp-content\/uploads\/2018\/06\/avrkonf_foto-1140x729.png 1140w, https:\/\/pgbsosyalizm.org\/yenicms\/wp-content\/uploads\/2018\/06\/avrkonf_foto.png 1289w\" sizes=\"auto, (max-width: 1024px) 100vw, 1024px\" \/><p id=\"caption-attachment-2046\" class=\"wp-caption-text\">Paris, 12-13 May\u0131s 2018<\/p><\/div>\n<p>Maastricht Antla\u015fmas\u0131\u2019n\u0131n imzalanmas\u0131ndan 25 y\u0131l sonra biz, i\u015f\u00e7iler <sup><a href=\"#footnote_1_2045\" id=\"identifier_1_2045\" class=\"footnote-link footnote-identifier-link\" title=\"Ya\u015famak i&ccedil;in i\u015fg&uuml;c&uuml;n&uuml; satmak zorunda olan t&uuml;m i\u015f&ccedil;iler, yani kol ve kafa eme\u011fiyle &uuml;cretli &ccedil;al\u0131\u015fanlar, i\u015fleri elinden al\u0131nm\u0131\u015f aktif ve emekli i\u015f&ccedil;iler, e\u011fitim alan gen&ccedil; i\u015f&ccedil;iler.\">1<\/a><\/sup>, gen\u00e7lik ve i\u015f\u00e7i hareketi militanlar\u0131 Belarus, Bel\u00e7ika, \u0130ngiltere, Fransa, Almanya, Yunanistan, Macaristan, \u0130rlanda, \u0130talya, Makedonya, Portekiz, Romanya, S\u0131rbistan, \u0130spanya, \u0130svi\u00e7re ve T\u00fcrkiye\u2019den gelerek Paris\u2019te 12-13 May\u0131s 2018 tarihlerinde topland\u0131k ve Fransa, Almanya ve \u0130talya\u2019dan gelen \u00e7a\u011fr\u0131ya cevap verdik.<\/p>\n<p><!--more--><\/p>\n<p>\u00c7a\u011fr\u0131 \u015f\u00f6yle diyordu:<\/p>\n<blockquote><p>\u0130\u015f\u00e7i ve demokrasi hareketinden i\u015f\u00e7iler ve m\u00fccadeleciler olarak bizler enternasyonalistiz. T\u00fcm Avrupa i\u015f\u00e7ileri s\u0131n\u0131f karde\u015flerimizdir. Biz bug\u00fcnk\u00fc AB i\u00e7inde olsun olmas\u0131n herkese a\u00e7\u0131k bir Avrupa istiyoruz. (\u2026) Bizler s\u0131n\u0131rlar ve s\u0131n\u0131rlamalar olmaks\u0131z\u0131n i\u015f\u00e7ilerin ve demokrasinin Avrupa\u2019s\u0131n\u0131 istiyoruz. Bizler \u00f6zg\u00fcr halklar, uluslar ve \u00f6zg\u00fcr i\u015f\u00e7ilerin g\u00f6n\u00fcll\u00fc birlikteli\u011fini istiyoruz.<\/p><\/blockquote>\n<p>Tart\u0131\u015fmam\u0131z\u0131 \u015f\u00f6yle sonu\u00e7land\u0131r\u0131yoruz:<\/p>\n<p><strong>Avrupa\u2019n\u0131n t\u00fcm i\u015f\u00e7ileri ve halklar\u0131 gibi biz de bar\u0131\u015f ve halklar\u0131n karde\u015fli\u011fini istiyoruz.<\/strong> Ancak Yugoslavya\u2019y\u0131 par\u00e7alayan kanl\u0131 sava\u015flardan 25 y\u0131l sonra sava\u015f\u0131n tekrar g\u00fcndemde oldu\u011funu g\u00f6r\u00fcyoruz. Sava\u015f tekrar Balkanlar\u0131 tehdit ediyor. Trump\u2019\u0131n (ve seleflerinin) arkas\u0131na dizilen b\u00fcy\u00fck g\u00fc\u00e7lerin h\u00fck\u00fcmetleri ve Avrupa Komisyonu Ortado\u011fu ve Afrika\u2019daki sava\u015flar\u0131 s\u00fcrd\u00fcr\u00fcyor. Bu sava\u015flar sonucu iltica etmeye zorlanan on binlerce m\u00fclteci copla ve jiletli telle kar\u015f\u0131lan\u0131yor. Bu sava\u015flar sayesinde Trump askeri b\u00fct\u00e7eyi yurti\u00e7i has\u0131lan\u0131n y\u00fczde 2\u2019si kadar artt\u0131rmak istiyor ve bunu elde ediyor. <em>Diyoruz ki: bir daha asla! Avrupa halklar\u0131 sava\u015f istemiyor! Onlar d\u00fcnya halklar\u0131yla karde\u015f\u00e7e bir bar\u0131\u015f i\u00e7inde bir Avrupa istiyorlar!<\/em><\/p>\n<p><strong>Demokrasi ve haklar\u0131n kendi kaderlerini tayin hakk\u0131n\u0131 istiyoruz.<\/strong> Ancak demokrasi i\u00e7in at\u0131lan b\u00fcy\u00fck nutuklar\u0131n ard\u0131nda Avrupa Birli\u011fi ve onun kurumlar\u0131n\u0131n tek ses haline \u0130spanyol monar\u015fisi ve Rajoy h\u00fck\u00fcmetinin arkas\u0131nda dizildiklerini g\u00f6r\u00fcyoruz. Katalan halk\u0131n\u0131n 1 Ekim 2017\u2019de g\u00f6sterdi\u011fi kendi gelece\u011fini belirleme ve bir cumhuriyet olma iradesini inkar ettiklerini g\u00f6r\u00fcyoruz. Avrupa Birli\u011fi bask\u0131y\u0131 destekliyor ve d\u00fczinelerce siyasi tutuklunun \u0130spanyol hapishanelerinde \u00e7\u00fcr\u00fcmesine g\u00f6z yumuyor! <em>Diyoruz ki: Halklar\u0131n kendi kaderini tayin hakk\u0131na riayet edin! T\u00fcm Katalan siyasi tutuklular\u0131 serbest b\u0131rak\u0131n! T\u00fcm yasal soru\u015fturmalar\u0131 iptal edin ve s\u00fcrg\u00fcnlerin d\u00f6n\u00fc\u015f\u00fcne imkan verin!<\/em><\/p>\n<p><strong>E\u015fit haklar ve \u00e7al\u0131\u015fan kad\u0131nlar\u0131n kazan\u0131mlar\u0131n\u0131n korunmas\u0131n\u0131 istiyoruz.<\/strong> Ancak tespit etmek zorunday\u0131z ki riyakarca \u201ccinsiyet e\u015fitli\u011fi\u201d \u00e7a\u011fr\u0131s\u0131 yapan Avrupa direktifleriyle bu haklar lime lime ediliyor. Sanayide kad\u0131nlar\u0131n gece \u00e7al\u0131\u015fma yasa\u011f\u0131n\u0131n sorgulanmas\u0131ndan, kre\u015flerin kapat\u0131lmas\u0131na ve do\u011fum iznin s\u0131n\u0131rlanmas\u0131na\u2026 <em>\u00c7al\u0131\u015fan kad\u0131nlar\u0131n t\u00fcm sosyal ve demokratik haklar\u0131n\u0131n geri verilmesini talep ediyoruz!<\/em><\/p>\n<p><strong>Herkes i\u00e7in i\u015f\u00e7i haklar\u0131, \u00f6zellikle de 150 y\u0131l\u0131 a\u015fan s\u0131n\u0131f m\u00fccadelesiyle kazan\u0131lan t\u00fcm hak ve kazan\u0131mlardan gen\u00e7 nesillerin yararlanmas\u0131 garantisini istiyoruz.<\/strong> Ancak ger\u00e7ek \u015fu ki AB\u2019nin her bir \u00fclkesinde, dahas\u0131 AB ile ortakl\u0131k antla\u015fmas\u0131 yapan t\u00fcm \u00fclkelerde Avrupa antla\u015fmalar\u0131n\u0131n kutsal \u201cserbest ve tahrif edilmemi\u015f rekabet\u201di ad\u0131na ve kapitalist sistemin \u00e7\u0131karlar\u0131na hizmet eden bankerlerin hesab\u0131na borcu \u00f6deyebilmek i\u00e7in her bir kazan\u0131m s\u0131rayla sorguya \u00e7ekiliyor. \u0130smi yanl\u0131\u015f konmu\u015f ETUC (Avrupa \u201cSendikalar\u0131\u201d Konfederasyonu) da bu politikaya genel olarak e\u015flik ediyor. Kamu i\u015fletmelerinin ve kamu hizmetlerinin (okullar, hastaneler, posta, demiryollar\u0131\u2026) \u00f6zelle\u015ftirilmesi, i\u015f kanunlar\u0131n\u0131n ve toplu s\u00f6zle\u015fmelerin sorgulanmas\u0131 (ve sonucunda i\u015ften atmalar\u0131n ve kay\u0131td\u0131\u015f\u0131 ve ge\u00e7ici \u00e7al\u0131\u015fman\u0131n artmas\u0131). Ancak ayn\u0131 zamanda demokratik haklar\u0131n da sorgulanmas\u0131 da art\u0131k Avrupa direktiflerinin uyguland\u0131\u011f\u0131 her \u00fclkede art\u0131k kural haline gelmi\u015f durumda. <em>Diyoruz ki: s\u0131n\u0131f m\u00fccadelesiyle kazan\u0131lm\u0131\u015f t\u00fcm haklar\u0131 savunal\u0131m ve yeniden kazanal\u0131m! \u00d6zelle\u015ftirilmi\u015f her \u015feyi yeniden millile\u015ftirelim! Avrupa antla\u015fmalar\u0131n\u0131n ve direktiflerinin diktas\u0131na hay\u0131r! \u0130\u015ften atmak, kay\u0131td\u0131\u015f\u0131 ve ge\u00e7ici \u00e7al\u0131\u015fma yasaklans\u0131n! \u0130\u015f\u00e7i \u00f6rg\u00fctlerine ba\u011f\u0131ms\u0131zl\u0131k!<\/em><\/p>\n<p><strong>Evet, ger\u00e7ekten de bu Avrupa bizim Avrupa\u2019m\u0131z de\u011fil!<\/strong><\/p>\n<p><strong>Bu, sermayenin ve sava\u015f\u0131n Avrupa\u2019s\u0131.<\/strong><\/p>\n<p><strong>Bu sava\u015f\u0131n, Avrupa antla\u015fmalar\u0131n\u0131n ve kurumlar\u0131n\u0131n Avrupa\u2019s\u0131na, bu \u201chaklar hapishanesi\u201d Avrupa\u2019ya kar\u015f\u0131 bir \u0130\u015f\u00e7i Enternasyonali ve i\u015f\u00e7ilerin ve demokrasinin Avrupa\u2019s\u0131 i\u00e7in m\u00fccadeleyi \u00f6neriyoruz.<\/strong><\/p>\n<p><strong>Bug\u00fcn burada sava\u015f\u0131n y\u00fckselmesine kar\u015f\u0131 m\u00fccadele etme s\u00f6z\u00fc veriyoruz.<\/strong> Sava\u015f k\u0131\u015fk\u0131rt\u0131c\u0131l\u0131\u011f\u0131na kar\u015f\u0131 seferber olmak i\u015f\u00e7ilere, halklara ve i\u015f\u00e7i \u00f6rg\u00fctlerine d\u00fc\u015f\u00fcyor. Bu g\u00f6revi kabul ediyoruz.<\/p>\n<p>2019\u2019da Avrupa se\u00e7imleri d\u00fczenlenecek. Herkesin kendi \u00fclkesinde savunaca\u011f\u0131 me\u015fru pozisyonlar\u0131 ve verdi\u011fi s\u00f6zlerin \u00f6tesinde, bizler i\u00e7in bu; tekrar bir araya gelmek ve bu <strong>Avrupa bizim Avrupa\u2019m\u0131z de\u011fil<\/strong> demek ve i\u015f\u00e7ilerin Avrupa\u2019s\u0131 i\u00e7in ileri ad\u0131m atmak i\u00e7in bir f\u0131rsat olacak.<\/p>\n<p><strong>Nisan 2019\u2019da Avrupa Birli\u011fi\u2019nin \u201cParlamentosu\u201dnun oldu\u011fu Strasbourg\u2019da b\u00fcy\u00fck uluslararas\u0131 bir toplant\u0131 yapmay\u0131 \u00f6neriyoruz. Burada bizim gibi \u201cBu Avrupa bizim Avrupa\u2019m\u0131z de\u011fil! Avrupa antla\u015fmalar\u0131n\u0131 ve direktiflerini iptal edin! \u0130\u015f\u00e7ilerin ve demokrasinin Avrupa\u2019s\u0131 i\u00e7in! Sava\u015fa ve s\u00f6m\u00fcr\u00fcye hay\u0131r! T\u00fcm Avrupa halklar\u0131n\u0131n ve i\u015f\u00e7ilerinin \u00f6zg\u00fcr birli\u011fi!\u201d diyen herkesi k\u00fcrs\u00fcye \u00e7a\u011f\u0131raca\u011f\u0131z.<\/strong><\/p>\n<p>Aram\u0131zdaki bilgi al\u0131\u015fveri\u015fini sa\u011flamak ve i\u015f\u00e7ilerin birli\u011fi i\u00e7in gerekli irtibatlar\u0131m\u0131z\u0131 korumak \u00fczere <strong>kendimizi bir \u0130\u015f\u00e7ilerin Avrupa\u2019s\u0131 i\u00e7in Avrupa Ba\u011flant\u0131 Komitesi olarak ilan ediyoruz.<\/strong><\/p>\n<h2>\u0130lk imzac\u0131lar:<\/h2>\n<p><strong>Belarus:\u00a0<\/strong>Yury Glouchakov, \u00ab\u00a0Razam\u00a0\u00bb Sociam Hareketi<\/p>\n<p><strong>Bel\u00e7ika:\u00a0<\/strong>Ga\u00ebtan Coucke, e\u011fitim i\u015fkolu sendikac\u0131 OSI\u00a0\u00fcyesi; Eddy Decreton,Birlik Komitesi\/Eenheidscomit\u00e9\u00a0; Rapha\u00ebl Deknop,\u00f6\u011frenci; Roberto Giarrocco, kamu hizmetleri sendikac\u0131; Philippe Massenaux, i\u015f\u00e7i militan\u0131; Serge Monsieur, kamu hizmetleri sendika militan\u0131; Marie Verselle, \u00f6\u011frenci militan;<\/p>\n<p><strong>\u0130ngiltere: <\/strong>John Sweeney, \u0130\u015f\u00e7i Partisi (ki\u015fisel)\u00a0;<\/p>\n<p><strong>Fransa:\u00a0<\/strong>Eleftheria Bogri\u00a0; Philippe Bottet,sendikac\u0131; Maria Chambonnet, sa\u011fl\u0131k i\u015fkolu sendikac\u0131; Pascal Chambonnet, e\u011fitim i\u015fkolu sendikac\u0131; Patrick Champion,sendikac\u0131; Claude Charmont, sendikac\u0131; Jean Delarue, sendikac\u0131, Les\u00a0 Mureaux (POID) belediye konseyi \u00fcyesi; C\u00e9cile Fran\u00e7ois Apsara, sanat\u00e7\u0131; Daniel Gluckstein, POID\u00a0Genel Sekreteri; Katrina Groves,sendikac\u0131; Christel Keiser, belediye konseyi \u00fcyesi,\u00a0 POID Ulusal Sekreteri; St\u00e9phane Knapp, sendikac\u0131, enternasyonalist; Philippe Lef\u00e8vre, emekli, sendikac\u0131; Nicolas L\u00e9v\u00e8que, e\u011fitim i\u015fkolu sendikac\u0131; Anne Loupias, \u00f6\u011fretmen; Isabelle Michaud,sendikac\u0131, enternasyonalist; Lo\u00efc Rampersan,\u00a0demiryolu i\u015f\u00e7isi, sendikac\u0131; Thomas Rouzerol, sendikac\u0131, POID\u00a0\u00fcyesi ; Bernard Saas, POID\u00a0\u00fcyesi; Caroline Tacchella, demiryolu i\u015f\u00e7isi, sendikac\u0131 (ki\u015fisel);Jacqueline Trinquet\u00a0; Ugo Urru, demiryolu i\u015f\u00e7isi, sendikac\u0131; Lucie Viano, emekli hem\u015fire; Nicole Weltzer, POID\u00a0\u00fcyesi; Andr\u00e9 Yon,POID \u00fcyesi;<\/p>\n<p><strong>Almanya:\u00a0<\/strong>Heinz-Werner Schuster, <em>Freie Platform f\u00fcr Arbeiterpolitik<\/em>\u00a0; Norbert M\u00fcller,SPD\u00a0militan\u0131; Ernst Neweling,sendikac\u0131; Peter Saalm\u00fcller, SPD\u00a0 militan\u0131; Heidi Sch\u00fcller, IG- Bau\u00a0sendikac\u0131; Klaus Sch\u00fcller, sendikac\u0131 EVG, Afa-SPD\u00a0; Anna Schuster, Ver.di\u00a0\u00fcyesi;<\/p>\n<p><strong>Yunanistan:\u00a0<\/strong>Stratos Daskarolis, delege; Pantelis Kokkinopoulos, delege, belediye konseyi, pratisyen hekim;<\/p>\n<p><strong>Macaristan:\u00a0<\/strong>Kona Tibor, delege;<\/p>\n<p><strong>\u0130rlanda:\u00a0<\/strong>Ciaran Campbell, Mandate sendikas\u0131 ad\u0131na;<\/p>\n<p><strong>\u0130talya:\u00a0<\/strong>Luigi Brandellero, &#8220;Tribuna Librera&#8221; yay\u0131n kurulu; Dario Granaglia,FIOM-CGIL\u00a0sendika temsilcisi; Monica Grilli,\u00f6\u011fretmen,\u00a0CGIL-e\u011fitim temsilcisi; Lorenzo Varaldo, okul m\u00fcd\u00fcr\u00fc , &#8220;Tribuna Libera&#8221; edit\u00f6r\u00fc, sendikac\u0131;<\/p>\n<p><strong>Portekiz:\u00a0<\/strong>Daniele Carlozzi, i\u015f\u00e7i; Jose Henriques, sendikac\u0131 CGTP\u00a0; Lia Santos, \u00f6\u011fretmen, orta \u00f6\u011fretim sendikac\u0131, kom\u00fcnist militan; Jorge Torres, sendika temsilcisi; Adriano Zilhao, ekonomist;<\/p>\n<p><strong>Romanya:\u00a0<\/strong>Constantin Cretan, Ulusal Emek Federasyonu (FNM)\u00a0ba\u015fkan\u0131; Ileana Cretan,\u0130\u015f\u00e7i Birli\u011fi; Ion Somonescu, Madenciler Sendikas\u0131 \u00ab\u00a0Lignitul\u00a0\u00bb (Oltenia)\u00a0;Mikaela Somonescu,\u0130\u015f\u00e7i Birli\u011fi.<\/p>\n<p><strong>S\u0131rbistan:\u00a0<\/strong>Jacim Milunovic, sendikac\u0131; Rastko Pocesta, \u00f6\u011frenci;<\/p>\n<p><strong>\u0130spanya:\u00a0<\/strong>C\u00e9sar Hadrian Rodriguez, \u00f6\u011frenci (Gali\u00e7ya)\u00a0; Tomas Vinatea,i\u015f\u00e7i militan\u0131 (Bask)\u00a0; Patxi Fernandez,emekli, sendikac\u0131 UGT (Bask)\u00a0; Aurora Campo Fernandez, Paris CDR\u00a0 (Katalan Cumhuriyeti)<\/p>\n<p><strong>\u0130svi\u00e7re:\u00a0<\/strong>Ricardo Do Rogo, Cenevre Sosyalist parti militan\u0131; Guilhem Kokot,Cenevre Sosyalist Parti militan\u0131; Ali Korkmaz,Belediye Konseyi \u00fcyesi, Sendikac\u0131; Bruno Raulier,sendikac\u0131 CGSP-ALR (\u015fube y\u00f6netimi); Johann Stark, \u00e7evirmen,\u00a0dilbilimci; Michel Zimmermann, Sosyalist Parti \u00fcyesi, Belediye Konseyi \u00fcyesi;<\/p>\n<p><strong>T\u00fcrkiye:\u00a0<\/strong>Do\u011fan Fennibay, \u0130\u015f\u00e7i Karde\u015fli\u011fi Partisi<\/p>\n<ol class=\"footnotes\"><li id=\"footnote_1_2045\" class=\"footnote\">Ya\u015famak i\u00e7in i\u015fg\u00fcc\u00fcn\u00fc satmak zorunda olan t\u00fcm i\u015f\u00e7iler, yani kol ve kafa eme\u011fiyle \u00fccretli \u00e7al\u0131\u015fanlar, i\u015fleri elinden al\u0131nm\u0131\u015f aktif ve emekli i\u015f\u00e7iler, e\u011fitim alan gen\u00e7 i\u015f\u00e7iler.<span class=\"footnote-back-link-wrapper\">[<a href=\"#identifier_1_2045\" class=\"footnote-link footnote-back-link\">&#8617;<\/a>]<\/span><\/li><\/ol>","protected":false},"excerpt":{"rendered":"<p>Maastricht Antla\u015fmas\u0131\u2019n\u0131n imzalanmas\u0131ndan 25 y\u0131l sonra biz, i\u015f\u00e7iler 1, gen\u00e7lik ve i\u015f\u00e7i hareketi militanlar\u0131 Belarus, Bel\u00e7ika, \u0130ngiltere, Fransa, Almanya, Yunanistan, Macaristan, \u0130rlanda, \u0130talya, Makedonya, Portekiz, Romanya, S\u0131rbistan, \u0130spanya, \u0130svi\u00e7re ve T\u00fcrkiye\u2019den gelerek Paris\u2019te 12-13 May\u0131s 2018 tarihlerinde topland\u0131k ve Fransa, Almanya ve \u0130talya\u2019dan gelen \u00e7a\u011fr\u0131ya cevap verdik. Ya\u015famak i\u00e7in i\u015fg\u00fcc\u00fcn\u00fc satmak zorunda olan t\u00fcm i\u015f\u00e7iler, [&hellip;]<\/p>\n","protected":false},"author":1,"featured_media":0,"comment_status":"closed","ping_status":"closed","sticky":false,"template":"","format":"standard","meta":{"footnotes":""},"categories":[1],"tags":[53],"class_list":["post-2045","post","type-post","status-publish","format-standard","hentry","category-uncategorized","tag-onsayfa"],"_links":{"self":[{"href":"https:\/\/pgbsosyalizm.org\/index.php?rest_route=\/wp\/v2\/posts\/2045","targetHints":{"allow":["GET"]}}],"collection":[{"href":"https:\/\/pgbsosyalizm.org\/index.php?rest_route=\/wp\/v2\/posts"}],"about":[{"href":"https:\/\/pgbsosyalizm.org\/index.php?rest_route=\/wp\/v2\/types\/post"}],"author":[{"embeddable":true,"href":"https:\/\/pgbsosyalizm.org\/index.php?rest_route=\/wp\/v2\/users\/1"}],"replies":[{"embeddable":true,"href":"https:\/\/pgbsosyalizm.org\/index.php?rest_route=%2Fwp%2Fv2%2Fcomments&post=2045"}],"version-history":[{"count":8,"href":"https:\/\/pgbsosyalizm.org\/index.php?rest_route=\/wp\/v2\/posts\/2045\/revisions"}],"predecessor-version":[{"id":2054,"href":"https:\/\/pgbsosyalizm.org\/index.php?rest_route=\/wp\/v2\/posts\/2045\/revisions\/2054"}],"wp:attachment":[{"href":"https:\/\/pgbsosyalizm.org\/index.php?rest_route=%2Fwp%2Fv2%2Fmedia&parent=2045"}],"wp:term":[{"taxonomy":"category","embeddable":true,"href":"https:\/\/pgbsosyalizm.org\/index.php?rest_route=%2Fwp%2Fv2%2Fcategories&post=2045"},{"taxonomy":"post_tag","embeddable":true,"href":"https:\/\/pgbsosyalizm.org\/index.php?rest_route=%2Fwp%2Fv2%2Ftags&post=2045"}],"curies":[{"name":"wp","href":"https:\/\/api.w.org\/{rel}","templated":true}]}}