{"id":2100,"date":"2023-06-25T22:52:26","date_gmt":"2023-06-25T20:52:26","guid":{"rendered":"https:\/\/pgbsosyalizm.org\/?p=2100"},"modified":"2023-06-26T07:48:18","modified_gmt":"2023-06-26T05:48:18","slug":"gozun-arkada-kalmasin-maho-yoldas","status":"publish","type":"post","link":"https:\/\/pgbsosyalizm.org\/?p=2100","title":{"rendered":"G\u00f6z\u00fcn arkada kalmas\u0131n MAHO yolda\u015f!"},"content":{"rendered":"\n<p>&#8212; \u015eadi OZANS\u00dc<\/p>\n\n\n\n<p>1973 y\u0131l\u0131ndan bu yana \u00e7e\u015fitli aral\u0131klarla da olsa uzunca s\u00fcre birlikte m\u00fccadele verdi\u011fimiz yolda\u015f\u0131m\u0131z, karde\u015fimiz, dostumuz <strong>Ahmet Muhittin KARKIN<\/strong>&#8216;\u0131 kaybettik.<\/p>\n\n\n<div class=\"wp-block-image is-style-rounded\">\n<figure class=\"alignleft size-full is-resized\"><img loading=\"lazy\" decoding=\"async\" src=\"https:\/\/pgbsosyalizm.org\/yenicms\/wp-content\/uploads\/2023\/06\/Muhittin_Karkin.jpeg\" alt=\"\" class=\"wp-image-2101\" width=\"288\" height=\"512\"\/><\/figure>\n<\/div>\n\n\n<p>Kendisiyle ve tabii bug\u00fcn hayatta olmayan ve olmaya devam eden ba\u015fka yolda\u015flarla birlikte 1980 y\u0131l\u0131n\u0131n \u015eubat ay\u0131nda \u0130\u015e\u00c7\u0130 CEPHES\u0130 (IV. Enternasyonal) gazetesini \u00e7\u0131kard\u0131k, grubunu kurduk. O tarihten itibaren k\u0131sa bir zaman zarf\u0131nda varolan b\u00fct\u00fcn i\u015f\u00e7i \u00f6rg\u00fctlerinin art\u0131k kendini alenen belli eden bir askeri darbeyle kar\u015f\u0131 kar\u015f\u0131ya kalacaklar\u0131 uyar\u0131s\u0131nda bulunarak darbe planlay\u0131c\u0131lar\u0131n\u0131n derhal tutuklanmas\u0131 talebini ileri s\u00fcrd\u00fck. \u00d6rg\u00fctlenmenin program\u0131n\u0131 Muhittin ve di\u011fer yolda\u015flarla birlikte kaleme ald\u0131k. 12 Eyl\u00fcl 1980\u2019in \u00f6nemli bir b\u00f6l\u00fcm\u00fcn\u00fc askeri cezaevlerinde ge\u00e7irdik.<\/p>\n\n\n\n<p>1988 y\u0131l\u0131nda gene onunla ve ba\u015fka yolda\u015flarla birlikte SINIF B\u0130L\u0130NC\u0130 dergisini \u00e7\u0131kartt\u0131k. Gene 1990-91 y\u0131llar\u0131nda hep birlikte Patronsuz, Generalsiz, B\u00fcrokrats\u0131z SOSYAL\u0130ZM (PGBS) gazetesini \u00e7\u0131kard\u0131k.<\/p>\n\n\n\n<p>Cenazesi 26 Haziran 2023 Pazartesi g\u00fcn\u00fc \u00f6\u011fle namaz\u0131na m\u00fcteakip Karacaahmet kabristan\u0131na defnedilecek. Yol arkada\u015flar\u0131n\u0131n, \u0130DP&#8217;li (\u0130\u015f\u00e7i Demokrasisi Partisi) yolda\u015flar\u0131n\u0131n, sevenlerinin ve ba\u015fta o\u011fullar\u0131 Samim ve Can olmak \u00fczere b\u00fct\u00fcn ailesinin ba\u015flar\u0131 sa\u011f olsun.<\/p>\n\n\n\n<p>Bayra\u011f\u0131n\u0131 yere d\u00fc\u015f\u00fcrmeyece\u011fiz. Kavgam\u0131z i\u015f\u00e7i s\u0131n\u0131f\u0131n\u0131n Enternasyonal m\u00fccadelesinin nihai zaferine kadar s\u00fcrecek. G\u00f6z\u00fcn arkada kalmas\u0131n MAHO yolda\u015f!<\/p>\n","protected":false},"excerpt":{"rendered":"<p>&#8212; \u015eadi OZANS\u00dc 1973 y\u0131l\u0131ndan bu yana \u00e7e\u015fitli aral\u0131klarla da olsa uzunca s\u00fcre birlikte m\u00fccadele verdi\u011fimiz yolda\u015f\u0131m\u0131z, karde\u015fimiz, dostumuz Ahmet Muhittin KARKIN&#8216;\u0131 kaybettik. Kendisiyle ve tabii bug\u00fcn hayatta olmayan ve olmaya devam eden ba\u015fka yolda\u015flarla birlikte 1980 y\u0131l\u0131n\u0131n \u015eubat ay\u0131nda \u0130\u015e\u00c7\u0130 CEPHES\u0130 (IV. Enternasyonal) gazetesini \u00e7\u0131kard\u0131k, grubunu kurduk. O tarihten itibaren k\u0131sa bir zaman zarf\u0131nda [&hellip;]<\/p>\n","protected":false},"author":3,"featured_media":0,"comment_status":"closed","ping_status":"closed","sticky":false,"template":"","format":"standard","meta":{"footnotes":""},"categories":[1],"tags":[53],"class_list":["post-2100","post","type-post","status-publish","format-standard","hentry","category-uncategorized","tag-onsayfa"],"_links":{"self":[{"href":"https:\/\/pgbsosyalizm.org\/index.php?rest_route=\/wp\/v2\/posts\/2100","targetHints":{"allow":["GET"]}}],"collection":[{"href":"https:\/\/pgbsosyalizm.org\/index.php?rest_route=\/wp\/v2\/posts"}],"about":[{"href":"https:\/\/pgbsosyalizm.org\/index.php?rest_route=\/wp\/v2\/types\/post"}],"author":[{"embeddable":true,"href":"https:\/\/pgbsosyalizm.org\/index.php?rest_route=\/wp\/v2\/users\/3"}],"replies":[{"embeddable":true,"href":"https:\/\/pgbsosyalizm.org\/index.php?rest_route=%2Fwp%2Fv2%2Fcomments&post=2100"}],"version-history":[{"count":6,"href":"https:\/\/pgbsosyalizm.org\/index.php?rest_route=\/wp\/v2\/posts\/2100\/revisions"}],"predecessor-version":[{"id":2108,"href":"https:\/\/pgbsosyalizm.org\/index.php?rest_route=\/wp\/v2\/posts\/2100\/revisions\/2108"}],"wp:attachment":[{"href":"https:\/\/pgbsosyalizm.org\/index.php?rest_route=%2Fwp%2Fv2%2Fmedia&parent=2100"}],"wp:term":[{"taxonomy":"category","embeddable":true,"href":"https:\/\/pgbsosyalizm.org\/index.php?rest_route=%2Fwp%2Fv2%2Fcategories&post=2100"},{"taxonomy":"post_tag","embeddable":true,"href":"https:\/\/pgbsosyalizm.org\/index.php?rest_route=%2Fwp%2Fv2%2Ftags&post=2100"}],"curies":[{"name":"wp","href":"https:\/\/api.w.org\/{rel}","templated":true}]}}