{"id":2114,"date":"2023-11-10T11:33:07","date_gmt":"2023-11-10T09:33:07","guid":{"rendered":"https:\/\/pgbsosyalizm.org\/?p=2114"},"modified":"2023-11-10T11:40:57","modified_gmt":"2023-11-10T09:40:57","slug":"ocrfi-filistin-aciklamasi","status":"publish","type":"post","link":"https:\/\/pgbsosyalizm.org\/?p=2114","title":{"rendered":"OCRFI F\u0130L\u0130ST\u0130N A\u00c7IKLAMASI"},"content":{"rendered":"\n<p><strong><em>IV. ENTERNASYONAL\u2019\u0130N YEN\u0130DEN TE\u015eK\u0130L\u0130 \u0130\u00c7\u0130N \u00d6RG\u00dcTLENME KOM\u0130TES\u0130 (OCRFI)<\/em><\/strong><\/p>\n\n\n\n<p><strong><em>14 Ekim 2023<\/em><\/strong><\/p>\n\n\n\n<figure class=\"wp-block-image size-large\"><img loading=\"lazy\" decoding=\"async\" width=\"1024\" height=\"683\" src=\"https:\/\/pgbsosyalizm.org\/yenicms\/wp-content\/uploads\/2023\/11\/gazze-savas-1068x712-1-1024x683.jpeg\" alt=\"\" class=\"wp-image-2115\" srcset=\"https:\/\/pgbsosyalizm.org\/yenicms\/wp-content\/uploads\/2023\/11\/gazze-savas-1068x712-1-1024x683.jpeg 1024w, https:\/\/pgbsosyalizm.org\/yenicms\/wp-content\/uploads\/2023\/11\/gazze-savas-1068x712-1-300x200.jpeg 300w, https:\/\/pgbsosyalizm.org\/yenicms\/wp-content\/uploads\/2023\/11\/gazze-savas-1068x712-1-150x100.jpeg 150w, https:\/\/pgbsosyalizm.org\/yenicms\/wp-content\/uploads\/2023\/11\/gazze-savas-1068x712-1-768x512.jpeg 768w, https:\/\/pgbsosyalizm.org\/yenicms\/wp-content\/uploads\/2023\/11\/gazze-savas-1068x712-1.jpeg 1068w\" sizes=\"auto, (max-width: 1024px) 100vw, 1024px\" \/><\/figure>\n\n\n\n<p>D\u00fcnyan\u0131n emek\u00e7ileri, gen\u00e7leri ve halklar\u0131 Filistin\u2019de hayatlar\u0131ndan vah\u015fice kopart\u0131lm\u0131\u015f iki kesimden de binlerce sivil kurban ve \u00f6zellikle gen\u00e7ler ve \u00e7ocuklar i\u00e7in b\u00fcy\u00fck ac\u0131 duyuyorlar.<\/p>\n\n\n\n<p>\u0130srail ba\u015fbakan\u0131 Netanyahu \u201cBu sava\u015ft\u0131r!\u201d diye hayk\u0131rd\u0131. Oysa sava\u015f 7 Ekim 2023\u2019te ba\u015flamad\u0131 ki, b\u00f6lgeyi yetmi\u015f be\u015f y\u0131ld\u0131r kas\u0131p kavuruyor. Yetmi\u015f be\u015f y\u0131ld\u0131r Filistin halk\u0131 topra\u011f\u0131ndan s\u00fcr\u00fclm\u00fc\u015f, k\u00f6ylerinden kovulmu\u015ftur, evleri ba\u015f\u0131na y\u0131k\u0131lm\u0131\u015ft\u0131r. Yetmi\u015f be\u015f y\u0131ld\u0131r s\u00fcrg\u00fcn edilenlerin anayurtlar\u0131na d\u00f6nmeleri topraklar\u0131 her g\u00fcn biraz daha fazla Yahudi yerle\u015fimcilere\/kolonlara terk edilerek engelleniyor. Ancak Filistin halk\u0131 \u0131rk\u00e7\u0131 bir rejimin hakiki ayr\u0131mc\u0131l\u0131\u011f\u0131na, zulm\u00fcne ve a\u015fa\u011f\u0131lamalar\u0131na ra\u011fmen bir g\u00fcn bile direnmekten ve m\u00fccadele etmekten vazge\u00e7medi.<\/p>\n\n\n\n<p>Bug\u00fcn d\u00fcnyan\u0131n d\u00f6rt bir yan\u0131ndan yetkililer- \u00f6zellikle emek\u00e7iler ad\u0131na konu\u015fan \u00f6rg\u00fctlerin ve \u201csol\u201d partilerin y\u00f6neticileri- Birle\u015fmi\u015f Milletler\u2019e (BM) \u00e7a\u011fr\u0131 yaparak, ondan \u201cadil ve kal\u0131c\u0131 bir bar\u0131\u015f\u201d i\u00e7in ad\u0131m atmas\u0131n\u0131 talep ediyorlar.<\/p>\n\n\n\n<p>\u015eu ger\u00e7e\u011fi hi\u00e7bir zaman g\u00f6z ard\u0131 etmeyelim: Bug\u00fcn ya\u015famakta oldu\u011fumuz trajedinin k\u00f6kleri zaten BM\u2019nin 29 Kas\u0131m 1947 tarihli 181 no&#8217;lu karar\u0131na uzan\u0131yor. \u0130\u015fte BM\u2019ye Amerikan emperyalizmiyle &#8211; ki pe\u015fine Britanya ve Frans\u0131z emperyalizmlerini de takm\u0131\u015ft\u0131r- ve Stalin taraf\u0131ndan y\u00f6netilen SSCB b\u00fcrokrasisi taraf\u0131ndan tasdik ettirilmi\u015f bu karard\u0131r ki, Filistin topraklar\u0131n\u0131n yapay bir \u201cYahudi devleti\u201d ile hi\u00e7bir zaman g\u00fcn y\u00fcz\u00fc g\u00f6rmeyecek bir \u201cArap devleti\u201d aras\u0131nda payla\u015ft\u0131r\u0131lmas\u0131na sebep olmu\u015ftur.<\/p>\n\n\n\n<p>Nitekim tam da bu karar\u0131n bir sonucu olarak, BM taraf\u0131ndan Filistin\u2019le ilgili \u0130srail devletinden yerine getirilmesi istenen 84 m\u00fctevaz\u0131 karar\u0131n hi\u00e7biri bu devlet taraf\u0131ndan uygulanmam\u0131\u015ft\u0131r. \u0130srail, BM\u2019nin Filistinli s\u00fcrg\u00fcnlerin yurtlar\u0131na geri d\u00f6nmelerine ili\u015fkin 194 no&#8217;lu karar\u0131n\u0131 uygulamad\u0131\u011f\u0131 gibi \u0130srail ordusunun 1967\u2019de i\u015fgal etti\u011fi topraklardan geri \u00e7ekilmesi gerekti\u011fini ileri s\u00fcren 242 no&#8217;lu karar\u0131n\u0131 da hi\u00e7bir zaman yerine getirmemi\u015ftir.<\/p>\n\n\n\n<p>BM taraf\u0131ndan uygulanmas\u0131 kanun h\u00fckm\u00fcnde g\u00f6zetilmesi gereken tek karar b\u00fcy\u00fck emperyalist g\u00fc\u00e7lerin istekleri do\u011frultusunda Filistin\u2019in Arap ve Yahudiler \u015feklinde b\u00f6l\u00fcnmesinin dayat\u0131lmas\u0131n\u0131n onanmas\u0131 olmu\u015ftur. Bu zoraki b\u00f6l\u00fcnme 1948 Nakba\u2019s\u0131 (Felaketi) kadar, ondan sonra ger\u00e7ekle\u015ftirilen b\u00fct\u00fcn katliamlar\u0131n da (kurbanlar\u0131n\u0131n dini ve milliyetleri ne olursa olsun) do\u011frudan sebebidir.<\/p>\n\n\n\n<p>IV. Enternasyonal\u2019in Filistin seksiyonunun militanlar\u0131n\u0131n daha 1947 y\u0131l\u0131n\u0131n Eyl\u00fcl ay\u0131nda \u201cS\u0131n\u0131f\u0131n Sesi\u201d gazetesinde ne demi\u015f olduklar\u0131n\u0131 hat\u0131rlayal\u0131m:<\/p>\n\n\n\n<p>\u201cBM\u2019nin Filistin \u00fczerine yapt\u0131\u011f\u0131 \u00f6neri ne Yahudiler ve ne de Araplar i\u00e7in bir \u00e7\u00f6z\u00fcm getirmedi\u011fi gibi esasen tamamen emperyalist \u00fclkelerin \u00e7\u0131karlar\u0131 do\u011frultusunda bir \u00e7\u00f6z\u00fcmd\u00fcr. Siyonist siyasi y\u00f6neticiler emperyalizmin ortaya att\u0131\u011f\u0131 bu kemi\u011fi kemirmek i\u00e7in h\u0131zla \u00fcst\u00fcne \u00e7ulland\u0131lar (\u2026) Ya Filistin Kom\u00fcnist Partisi ne yap\u0131yor? Galiba BM\u2019den adil bir \u00e7\u00f6z\u00fcm bekleyi\u015finde. Her h\u00e2l\u00fck\u00e2rda BM \u00fczerine ham hayaller besledi\u011fi i\u00e7in, emperyalizmin planlar\u0131n\u0131n yard\u0131mc\u0131s\u0131 oldu\u011fu gibi, bu planlar\u0131n hayata ge\u00e7irilmesine de sebep oluyor.\u201d<\/p>\n\n\n\n<p>Bug\u00fcn zincirlerinden bo\u015falan katliamlar ve sava\u015f, Netanyahu ve h\u00fck\u00fcmeti i\u00e7in tam bir kurtar\u0131c\u0131 oldu. Siyonist devletin aylard\u0131r ya\u015famakta oldu\u011fu ve kuruldu\u011fu g\u00fcnden bu yana g\u00f6rd\u00fc\u011f\u00fc en \u00f6nemli krizi de atlatmas\u0131na neden olan durum Netanyahu i\u00e7in hayal bile edemeyece\u011fi bir f\u0131rsat yaratt\u0131. Yapt\u0131\u011f\u0131 yolsuzluklar nedeniyle her an hapsi boylamas\u0131 g\u00fcndemdeyken, birdenbire kendisini sokaklarda yuhalayanlar\u0131n da i\u00e7inde yer alacaklar\u0131 bir \u201cmilli birlik\u201d h\u00fck\u00fcmetinin ba\u015f\u0131nda bulacak.<\/p>\n\n\n\n<p>Bununla birlikte bir\u00e7ok \u0130srailli Yahudi D\u00fcnya Siyonist \u00d6rg\u00fct\u00fcn\u00fcn eski ba\u015fkan\u0131 Avraham Burg\u2019un 2008 yolunda ileri s\u00fcrd\u00fc\u011f\u00fc \u015fu uyar\u0131n\u0131n trajik do\u011frulanmas\u0131n\u0131n da bilincine varm\u0131\u015f oldular: \u201cYahudiler i\u00e7in bir s\u0131\u011f\u0131nma evi olmas\u0131 gereken \u0130srail \u015fimdilerde onlar i\u00e7in en tehlikeli bir yer haline gelmi\u015f bulunuyor.\u201d<\/p>\n\n\n\n<p>Macron, Sunak, Scholz, Meloni, Trudeau ve Kishida\u2019n\u0131n iyi k\u00fc\u00e7\u00fck askerleri olarak pe\u015fine dizildikleri Amerikan emperyalizminin Netanyahu\u2019ya ivedilikle verdi\u011fi destek, \u00fcretim ara\u00e7lar\u0131n\u0131n \u00f6zel m\u00fclkiyeti \u00fczerine temellenmi\u015f kapitalist rejimin krizini a\u015fabilmesi amac\u0131yla genel olarak emperyalizmin militarizm ve sava\u015f yoluyla halklara kar\u015f\u0131 y\u00fcr\u00fctt\u00fc\u011f\u00fc m\u00fccadelenin ba\u015fl\u0131ca imkanlar\u0131n\u0131 sa\u011flayan bir ba\u011flam i\u00e7erisine yerle\u015fiyor.<\/p>\n\n\n\n<p>ABD emperyalizminin niyetinin ne oldu\u011fu; Afrika\u2019n\u0131n ve Ortado\u011fu\u2019nun bir\u00e7ok b\u00f6lgesinin yak\u0131l\u0131p yak\u0131lmas\u0131ndan, Ukrayna sava\u015f\u0131ndan ve \u00c7in\u2019e kar\u015f\u0131 y\u00fcr\u00fctt\u00fc\u011f\u00fc sava\u015f haz\u0131rl\u0131klar\u0131n\u0131 gizlemeye bile gerek duymamas\u0131ndan ve buralardan hareketle Filistin\u2019de uzun vadeli bir sava\u015fa karar vererek \u0130ran\u2019a kadar uzanan b\u00fct\u00fcn bir b\u00f6lgeyi \u015fimdiden tehdit etmesinden anla\u015f\u0131l\u0131yor. Washington d\u00fcnyan\u0131n en b\u00fcy\u00fck u\u00e7ak gemilerinden biri olan USS Gerald Ford\u2019u b\u00f6lgeye sevk etti\u011finde veya NATO Genel Sekreteri Stoltenberg 12 Ekim g\u00fcn\u00fc \u201c\u0130srail yaln\u0131z de\u011fildir!\u201d a\u00e7\u0131klamas\u0131n\u0131 yapt\u0131\u011f\u0131nda, d\u00fcnyan\u0131n b\u00fct\u00fcn emek\u00e7ileri ve halklar\u0131 ne b\u00fcy\u00fck bir felaketle kar\u015f\u0131 kar\u015f\u0131ya kald\u0131klar\u0131n\u0131 g\u00f6r\u00fcyorlar.<\/p>\n\n\n\n<p>Ya\u015fanmakta olan trajik geli\u015fmeler b\u00fct\u00fcn emperyalist h\u00fck\u00fcmetlerin bir kez daha demokratik haklar\u0131 ortadan kald\u0131rmak i\u00e7in pe\u015flerine tak\u0131lacak bir kutsal ittifak ger\u00e7ekle\u015ftirme f\u0131rsat\u0131n\u0131 kullanmaya \u00e7al\u0131\u015ft\u0131klar\u0131n\u0131 g\u00f6steriyor. \u015e\u00f6yle ki: \u0130fade ve g\u00f6steri \u00f6zg\u00fcrl\u00fckleri gibi haklar\u0131 engellemenin yan\u0131 s\u0131ra, mevcut geli\u015fmelerden faydalanarak emek\u00e7ileri ve gen\u00e7leri dini temeller \u00fczerinde yapay olarak par\u00e7alamaya yelteniyorlar.<\/p>\n\n\n\n<p>Giderek yayg\u0131nla\u015fmakta ve geni\u015flemekte olan cehennemi sava\u015f sarmal\u0131n\u0131 k\u0131rabilecek tek toplumsal g\u00fc\u00e7 d\u00fcnya emek\u00e7ileridir. IV. Enternasyonal\u2019in Yeniden Te\u015fkili\u2019nin taraftarlar\u0131 \u00e7ok say\u0131da ba\u015fka militanlar, gruplar ve d\u00fcnya i\u015f\u00e7i hareketindeki \u00f6rg\u00fctlerle birlikte \u015fu an BOMBARDIMANLARIN DERHAL DURDURULMASI VE GAZZE ABLUKASININ KALDIRILMASINI talep etmekten daha acil bir g\u00f6rev olmad\u0131\u011f\u0131n\u0131 ifade ediyorlar.<\/p>\n\n\n\n<p>Bu acil taleplerin \u00f6tesinde IV. Enternasyonal\u2019in Yeniden Te\u015fkili\u2019nin taraftarlar\u0131 Filistin\u2019de demokratik bir \u00e7\u00f6z\u00fcm\u00fcn mutlaka olmas\u0131 gerekti\u011fini ileri s\u00fcr\u00fcyorlar. Ku\u015fkusuz b\u00f6yle bir \u00e7\u00f6z\u00fcm\u00fcn bi\u00e7imlerine Filistin halk\u0131n\u0131n kendisi karar verecektir.<\/p>\n\n\n\n<p>Bununla birlikte IV. Enternasyonal\u2019in Yeniden Te\u015fkili\u2019nin taraftarlar\u0131, ak\u0131m\u0131m\u0131z\u0131n hi\u00e7bir zaman terk etmemi\u015f oldu\u011fu siyasi pozisyonlar\u0131n\u0131 tekrarlamaktan imtina etmezler. Bu, IV. Enternasyonal\u2019in BM\u2019nin 1947 y\u0131l\u0131ndaki oylamas\u0131 s\u0131ras\u0131nda dile getirdi\u011fi \u015fu g\u00f6r\u00fc\u015ft\u00fcr: \u201cIV. Enternasyonal \u00fclkenin b\u00f6l\u00fcnmesine kar\u015f\u0131 ba\u011f\u0131ms\u0131z ve birle\u015fik bir Filistin i\u00e7in y\u00fcr\u00fct\u00fclecek m\u00fccadelenin bayraktar\u0131 olacakt\u0131r. IV. Enternasyonal kitlelerin kendi kaderlerini egemen bir Kurucu Meclis se\u00e7imiyle belirleyecekleri bu m\u00fccadelede, Efendilere ve emperyalizmin ajanlar\u0131na kar\u015f\u0131 kitlelerin bu kurtulu\u015f m\u00fccadelesini M\u0131s\u0131r ve Suriye burjuvazilerinin manevralar\u0131yla Yahudilere kar\u015f\u0131 m\u00fccadeleye d\u00f6n\u00fc\u015ft\u00fcrmek isteyenlere kar\u015f\u0131, Arap devriminin motoru olan toprak devrimi i\u00e7in ve anti-kapitalist ve anti-emperyalist m\u00fccadele i\u00e7in \u00e7a\u011fr\u0131 yapar. Ancak bu m\u00fccadelenin ba\u015far\u0131yla s\u00fcrd\u00fcr\u00fclebilmesi i\u00e7in \u00fclkenin b\u00f6l\u00fcnmesine ikircimsiz bir \u015fekilde kar\u015f\u0131 \u00e7\u0131kmak ve bir Yahudi devletinin kurulmas\u0131n\u0131 engellemek bir zorunluluktur.\u201d (IV. Enternasyonal dergisinin Kas\u0131m-Aral\u0131k 1947 tarihli say\u0131s\u0131n\u0131n ba\u015fyaz\u0131s\u0131ndan)<\/p>\n\n\n\n<p>1993 y\u0131l\u0131n\u0131n Eyl\u00fcl ay\u0131nda imzalanan Oslo anla\u015fmalar\u0131n\u0131n hemen ertesi g\u00fcn\u00fc IV. Enternasyonal \u015fu a\u00e7\u0131klamay\u0131 yapm\u0131\u015ft\u0131: \u201cFilistin halk\u0131n\u0131n kendi kaderini tayin hakk\u0131n\u0131 inkar eden ve Arafat\u2019\u0131 \u0130srail ba\u015fbakan\u0131na hitaben kaleme ald\u0131\u011f\u0131 mektupta FK\u00d6\u2019n\u00fcn \u00fczerine in\u015fa edildi\u011fi Filistin \u015eart\u0131yla ilgili olarak \u201cBu anla\u015fmalarla \u00e7eli\u015fkili hale gelen eski \u015eart\u0131n maddeleri bundan b\u00f6yle yok h\u00fckm\u00fcnde olup ge\u00e7ersizdirler\u201d(*) noktas\u0131na vard\u0131ran bu \u201ckendinden menkul h\u00fck\u00fcmetin\u201d (Oslo tabiriyle \u201cFilistin Otoritesi\u201dnin) te\u015fkilidir. Tekrar edelim ki, ba\u015flar\u0131nda Amerikan emperyalizminin yer ald\u0131\u011f\u0131 b\u00fcy\u00fck g\u00fc\u00e7ler i\u00e7in s\u00f6z konusu olan Bar\u0131\u015f ve halklar\u0131n haklar\u0131 de\u011fil, emperyalist nizamd\u0131r. \u00c7\u00fcnk\u00fc bu anla\u015fma halklar\u0131n haklar\u0131n\u0131n reddi \u00fczerine kurulu olman\u0131n yan\u0131 s\u0131ra, b\u00f6l\u00fcnme, par\u00e7alanma, zul\u00fcm ve demokrasinin inkar\u0131 \u00fczerine in\u015fa edilmi\u015ftir. Yeni \u00e7at\u0131\u015fmalara, yeni sava\u015flara ve yeni katliamlara zemin hat\u0131rlamaktad\u0131r.\u201d<br>\u015eu inkar edilmesi m\u00fcmk\u00fcn olmayan bir ger\u00e7ektir ki, Filistin\u2019in 2023\u2019te i\u00e7ine d\u00fc\u015ft\u00fc\u011f\u00fc mevcut durum bundan otuz yol \u00f6nce uluslararas\u0131 \u00f6l\u00e7ekte ve her \u00fclkede hem Sa\u011f hem de \u201cSol\u201d g\u00fc\u00e7ler taraf\u0131ndan \u00e7ok geni\u015f bir onanmayla selamlanm\u0131\u015f olan Oslo anla\u015fmalar\u0131nda zaten kay\u0131tl\u0131d\u0131r.<\/p>\n\n\n\n<p>O tarihte IV. Enternasyonal bu anla\u015fmalara kar\u015f\u0131 \u015fu \u00e7\u00f6z\u00fcm\u00fc ileri s\u00fcr\u00fcyordu:<\/p>\n\n\n\n<p>\u201cB\u00f6lgenin b\u00fct\u00fcn halklar\u0131n\u0131n hem Yak\u0131ndo\u011fu\u2019da hem Ortado\u011fu\u2019da emperyalist bask\u0131dan, b\u00fcy\u00fck toprak sahipleriyle burjuvazinin s\u00f6m\u00fcr\u00fcs\u00fcnden ve hakimiyetinden kurtularak birbirleriyle e\u015fitlik temelinde birle\u015fmeleri kavgas\u0131na zorunlu olarak ba\u011flanm\u0131\u015f (\u2026) birle\u015fmi\u015f ve karde\u015fle\u015fmi\u015f bir Filistin ulusunun in\u015fas\u0131 ancak emek\u00e7ilerin ve halklar\u0131n emperyalizme kar\u015f\u0131 y\u00fcr\u00fctecekleri m\u00fccadelenin birle\u015ftirilmesine ba\u011fl\u0131d\u0131r. B\u00fct\u00fcn insanl\u0131k i\u00e7in bir \u00e7\u0131k\u0131\u015f yolu ancak b\u00f6yle a\u00e7\u0131labilir. \u0130\u015fte tam da bu y\u00fczden IV. Enternasyonal I. Enternasyonal\u2019in \u015fu veciz ifadesine ba\u011fl\u0131l\u0131\u011f\u0131n\u0131 tekrarlar: \u2018Emek\u00e7ilerin kurtulu\u015fu onlar\u0131n kendi eseri olacakt\u0131r.\u2019<\/p>\n\n\n\n<p>IV. Enternasyonal i\u00e7in kendi kaderlerini belirleme hakk\u0131 sadece emek\u00e7ilere ve halklara aittir.\u201d<\/p>\n\n\n\n<p>Bundan otuz y\u0131l \u00f6nce kaleme al\u0131nm\u0131\u015f bu sat\u0131rlar\u0131n g\u00fcc\u00fcn\u00fc ve g\u00fcncelli\u011fini yitirdi\u011fini s\u00f6ylemeye kim cesaret edebilir? \u00c7\u00f6z\u00fcm \u00f6nerilerimiz bunlard\u0131r. Ve bunlar\u0131n hepsini Bar\u0131\u015f, adalet ve sosyal geli\u015fme davas\u0131na ba\u011fl\u0131 b\u00fct\u00fcn emek\u00e7ilerin, militanlar\u0131n ve gen\u00e7lerin g\u00f6r\u00fc\u015flerine a\u00e7\u0131yoruz.<\/p>\n\n\n\n<p><em>(*) 1969 y\u0131l\u0131nda Filistin Ulusal Hareketi \u015funu s\u00f6yl\u00fcyordu: \u201cFilistin Kurtulu\u015f Hareketi \u015funu a\u00e7\u0131k y\u00fcreklilikle ilan eder ki: Bu m\u00fccadelenin nihai hedefi, \u0131rklar\u0131 ve dinleri ne olursa olsun, b\u00fct\u00fcn yurtta\u015flar\u0131n\u0131n e\u015fit haklara sahip olacaklar\u0131 demokratik ve ba\u011f\u0131ms\u0131z bir Filistin devletinin in\u015fas\u0131d\u0131r.\u201d 1970\u2019de Filistin Ulusal Hareketi taraf\u0131ndan \u00f6rg\u00fctlenen Filistin 2. D\u00fcnya Kongresi de \u015funu ilan ediyordu: \u201c B\u00fct\u00fcn Yahudiler, M\u00fcsl\u00fcmanlar ve H\u0131ristiyanlar Filistin vatanda\u015f\u0131 olma hakk\u0131na sahip olacaklard\u0131r.\u201d<\/em><\/p>\n\n\n\n<p><em>Bu siyasi pozisyonlar b\u00fct\u00fcn Filistin \u00f6nderlikleri taraf\u0131ndan terk edildi. Hamas\u2019a gelince, o da, 1 May\u0131s 2017\u2019de \u201c1967 s\u0131n\u0131rlar\u0131 dahilinde bir devleti onaylad\u0131\u011f\u0131n\u0131\u201d yani iki devletli \u201c\u00e7\u00f6z\u00fcm\u00fc\u201d kabullendi\u011fini ilan etti.<\/em><\/p>\n","protected":false},"excerpt":{"rendered":"<p>IV. ENTERNASYONAL\u2019\u0130N YEN\u0130DEN TE\u015eK\u0130L\u0130 \u0130\u00c7\u0130N \u00d6RG\u00dcTLENME KOM\u0130TES\u0130 (OCRFI) 14 Ekim 2023 D\u00fcnyan\u0131n emek\u00e7ileri, gen\u00e7leri ve halklar\u0131 Filistin\u2019de hayatlar\u0131ndan vah\u015fice kopart\u0131lm\u0131\u015f iki kesimden de binlerce sivil kurban ve \u00f6zellikle gen\u00e7ler ve \u00e7ocuklar i\u00e7in b\u00fcy\u00fck ac\u0131 duyuyorlar. \u0130srail ba\u015fbakan\u0131 Netanyahu \u201cBu sava\u015ft\u0131r!\u201d diye hayk\u0131rd\u0131. Oysa sava\u015f 7 Ekim 2023\u2019te ba\u015flamad\u0131 ki, b\u00f6lgeyi yetmi\u015f be\u015f y\u0131ld\u0131r kas\u0131p kavuruyor. [&hellip;]<\/p>\n","protected":false},"author":1,"featured_media":2115,"comment_status":"open","ping_status":"closed","sticky":true,"template":"","format":"standard","meta":{"footnotes":""},"categories":[1],"tags":[433,435,436,53,434],"class_list":["post-2114","post","type-post","status-publish","format-standard","has-post-thumbnail","hentry","category-uncategorized","tag-bagimsiz-birlesik-filistin","tag-demokratik-laik-filistin","tag-gazze-bombardimani-derhal-durdurulsun","tag-onsayfa","tag-tek-devletli-cozum"],"_links":{"self":[{"href":"https:\/\/pgbsosyalizm.org\/index.php?rest_route=\/wp\/v2\/posts\/2114","targetHints":{"allow":["GET"]}}],"collection":[{"href":"https:\/\/pgbsosyalizm.org\/index.php?rest_route=\/wp\/v2\/posts"}],"about":[{"href":"https:\/\/pgbsosyalizm.org\/index.php?rest_route=\/wp\/v2\/types\/post"}],"author":[{"embeddable":true,"href":"https:\/\/pgbsosyalizm.org\/index.php?rest_route=\/wp\/v2\/users\/1"}],"replies":[{"embeddable":true,"href":"https:\/\/pgbsosyalizm.org\/index.php?rest_route=%2Fwp%2Fv2%2Fcomments&post=2114"}],"version-history":[{"count":2,"href":"https:\/\/pgbsosyalizm.org\/index.php?rest_route=\/wp\/v2\/posts\/2114\/revisions"}],"predecessor-version":[{"id":2118,"href":"https:\/\/pgbsosyalizm.org\/index.php?rest_route=\/wp\/v2\/posts\/2114\/revisions\/2118"}],"wp:featuredmedia":[{"embeddable":true,"href":"https:\/\/pgbsosyalizm.org\/index.php?rest_route=\/wp\/v2\/media\/2115"}],"wp:attachment":[{"href":"https:\/\/pgbsosyalizm.org\/index.php?rest_route=%2Fwp%2Fv2%2Fmedia&parent=2114"}],"wp:term":[{"taxonomy":"category","embeddable":true,"href":"https:\/\/pgbsosyalizm.org\/index.php?rest_route=%2Fwp%2Fv2%2Fcategories&post=2114"},{"taxonomy":"post_tag","embeddable":true,"href":"https:\/\/pgbsosyalizm.org\/index.php?rest_route=%2Fwp%2Fv2%2Ftags&post=2114"}],"curies":[{"name":"wp","href":"https:\/\/api.w.org\/{rel}","templated":true}]}}