{"id":2140,"date":"2023-11-10T14:45:52","date_gmt":"2023-11-10T12:45:52","guid":{"rendered":"https:\/\/pgbsosyalizm.org\/?p=2140"},"modified":"2023-11-10T14:45:53","modified_gmt":"2023-11-10T12:45:53","slug":"dunya-isci-partisi-ve-ulusal-sorun-uzerine-nmanda-lumumba-ile-tartisma","status":"publish","type":"post","link":"https:\/\/pgbsosyalizm.org\/?p=2140","title":{"rendered":"D\u00fcnya \u0130\u015f\u00e7i Partisi ve Ulusal Sorun \u00dczerine Nmanda Lumumba* ile Tart\u0131\u015fma"},"content":{"rendered":"\n<p><em><strong>* ABD\u2019li bir Siyahi \u0130\u015f\u00e7i Militan (Ujima People\u2019s Progressive Party\/ Ujima Halk\u0131n \u0130lerici Partisi)<br>10 Nisan 2023<\/strong><\/em><\/p>\n\n\n\n<p><strong>Daniel Gluckstein:<\/strong> Bildi\u011fin gibi bu tart\u0131\u015fman\u0131n amac\u0131, sana iletilmi\u015f olan \u201cD\u00f6rd\u00fcnc\u00fc Enternasyonal\u2019in Yeniden Te\u015fkili i\u00e7in, D\u00fcnya Sosyalist Devriminin Partisi i\u00e7in\u201d davet mektubu halk\u0131nda ne d\u00fc\u015f\u00fcnd\u00fc\u011f\u00fcn\u00fc \u00f6\u011frenmek istememiz.<\/p>\n\n\n\n<p>Ayn\u0131 politik geleneklere sahip de\u011filiz. Bizim gelene\u011fimiz IV. Enternasyonal gelene\u011fidir. Senin politik tarihinse farkl\u0131. Bu b\u00f6yle olmakla birlikte \u015funu da hat\u0131rlatal\u0131m ki, sadece Amerikan \u0130\u015f\u00e7i s\u0131n\u0131f\u0131n\u0131 &#8211; ve \u00f6zellikle de siyah \u0130\u015f\u00e7i s\u0131n\u0131f\u0131n\u0131- de\u011fil, \u0130\u015f\u00e7i s\u0131n\u0131f\u0131n\u0131n yer ald\u0131\u011f\u0131 uluslararas\u0131 s\u00fcre\u00e7ler \u00fczerinden de \u00e7e\u015fitli zeminlerde omuz omuza m\u00fccadeleler y\u00fcr\u00fct\u00fcyoruz. Bizim a\u00e7\u0131m\u0131zdan, seneler \u00f6nce yaz\u0131lm\u0131\u015f olmas\u0131na ra\u011fmen program\u0131m\u0131z\u0131n g\u00fcncelli\u011fini korudu\u011funa inan\u0131yoruz.<\/p>\n\n\n\n<p>Bu g\u00fcncellik, Marksist ak\u0131m\u0131n ba\u015flang\u0131c\u0131ndan itibaren \u0130\u015f\u00e7i hareketinin uzun tarihinin bir devaml\u0131l\u0131\u011f\u0131na dayanmas\u0131nda yat\u0131yor. Tabiat\u0131yla \u00e7ok iyi biliyoruz ki, g\u00fcn\u00fcm\u00fczdeki durum program\u0131m\u0131z\u0131n kaleme al\u0131nd\u0131\u011f\u0131 d\u00f6nemden farkl\u0131. Ve zaten tam da bu y\u00fczden onun derin g\u00fcncelli\u011fi \u00fczerindeki \u0131srar\u0131m\u0131z\u0131n nedenlerini yar\u0131\u015f\u0131 olarak ifade ediyoruz.<\/p>\n\n\n\n<p>Bu davet mektubu \u00fczerine ne d\u00fc\u015f\u00fcnd\u00fc\u011f\u00fcn\u00fc bilmek isteriz. Yani anla\u015ft\u0131\u011f\u0131m\u0131z ya da anla\u015famad\u0131\u011f\u0131m\u0131z konular neler? Tart\u0131\u015f\u0131lmas\u0131 gereken noktalar neler? Biz bu konferans\u0131 sadece Tro\u00e7kistler olarak kendi aram\u0131zda tart\u0131\u015farak haz\u0131rlamak istemiyoruz.<\/p>\n\n\n\n<p>Tam tersine, bu tart\u0131\u015fman\u0131n d\u0131\u015f\u0131nda yer alm\u0131\u015f ve ayn\u0131 tarihi payla\u015fmad\u0131\u011f\u0131m\u0131z yolda\u015flar\u0131n da tart\u0131\u015fma s\u00fcrecine dahil olabilme imkan\u0131n\u0131 elde etmeleri ve konferans\u0131n haz\u0131rl\u0131k s\u00fcrecine kat\u0131lmalar\u0131n\u0131 ve e\u011fer yararl\u0131 g\u00f6r\u00fcrlerse bizzat konferansa kat\u0131lmalar\u0131n\u0131 \u00f6nemsiyoruz. \u015eu halde, \u00f6ncelikle, e\u011fer bu konuda hemfikirsek, teklifimizle ilgili ne d\u00fc\u015f\u00fcnd\u00fc\u011f\u00fcn\u00fc bilmek isterim.<\/p>\n\n\n\n<p><strong>Nmandi Lumumba:<\/strong> Bu davet mektubunu ger\u00e7ekten \u00f6nemsiyorum ve kaleme al\u0131nm\u0131\u015f olmas\u0131n\u0131 da uygun buluyorum. Parti kadrolar\u0131m\u0131z\u0131n bir\u00e7o\u011funa bundan bahsettim ve hemen hepsi bu s\u00fcre\u00e7le kararl\u0131 bir \u015fekilde ilgilendikleri gibi olumlu bulduklar\u0131n\u0131 da ifade ettiler. Konferansa kat\u0131l\u0131m konusunda hen\u00fcz kesin bir karara varmad\u0131k, \u00f6n\u00fcm\u00fczdeki g\u00fcnlerde ya da haftalarda metni daha yak\u0131ndan inceledi\u011fimizde bu karar\u0131m\u0131z\u0131 size bildirece\u011fiz.<\/p>\n\n\n\n<p>Metnin ortaya att\u0131\u011f\u0131 baz\u0131 konularla ilgili genel sorular var ku\u015fkusuz, ama \u015fimdi bunlar\u0131 bir kenara koymal\u0131 ve i\u015fin \u00f6z\u00fcne d\u00f6nmeliyiz. Yolda\u015flar\u0131m\u0131n hissiyat\u0131n\u0131n bir diyalo\u011fun ba\u015flat\u0131lmas\u0131, ilerletici bir s\u00fcrecin a\u00e7\u0131lmas\u0131 y\u00f6n\u00fcnde olaca\u011f\u0131n\u0131 d\u00fc\u015f\u00fcn\u00fcyorum. En az\u0131ndan bu tart\u0131\u015fman\u0131n bizi nereye g\u00f6t\u00fcrece\u011fini g\u00f6rmemiz i\u00e7in bu gerekli.<\/p>\n\n\n\n<p><strong>D.G.:<\/strong> Tamam. Belki de daha fazla a\u00e7\u0131lmas\u0131n\u0131 d\u00fc\u015f\u00fcnd\u00fc\u011f\u00fcn\u00fcz kimi \u00d6zg\u00fcl noktalar vard\u0131r. Ne dersin?<\/p>\n\n\n\n<p><strong>N.L.:<\/strong> Evet. Bir\u00e7ok y\u00f6n\u00fcyle metin bu sorulardan bir\u00e7o\u011funa cevap veriyor. \u0130fade etti\u011fin gibi ben tro\u00e7kist k\u00f6kenli biri de\u011filim. Kendimi her zaman kelimenin ger\u00e7ek anlam\u0131nda bir marksist olarak nitelemiyor olmama ra\u011fmen, b\u00fct\u00fcn politik formasyonum Marx\u2019\u0131n ve Lenin\u2019in yaz\u0131lar\u0131yla pratikleri \u00fczerinden olu\u015fmu\u015ftur.<\/p>\n\n\n\n<p>Kadrolar\u0131m\u0131z\u0131n baz\u0131lar\u0131 benle ayn\u0131 politik k\u00f6kene sahiptir. Ama hepsi de\u011fil. Bunu s\u00f6yl\u00fcyorum \u00e7\u00fcnk\u00fc baz\u0131lar\u0131 i\u00e7in tro\u00e7kistlere yakla\u015fma derecesi bir tedirginlik kayna\u011f\u0131 olabiliyor. Tro\u00e7kizmden esinlendi\u011fini ileri s\u00fcren kimi politik yap\u0131lar\u0131n baz\u0131 durumlarda siyahlar\u0131n kurtulu\u015f hareketi \u00fczerinde ger\u00e7ekten olumsuz etkileri oldu. Bunlar\u0131n sonu\u00e7lar\u0131n\u0131 g\u00fcn\u00fcn\u00fczde bile ya\u015fayabiliyoruz. Hareketimin eski t\u00fcfekleri bana bu konuda duyduklar\u0131 derin kayg\u0131lar\u0131 ifade ettiler. Bana, ge\u00e7mi\u015fte siyahlar taraf\u0131ndan y\u00f6netilecek \u0130\u015f\u00e7i partisi in\u015fas\u0131 giri\u015fimlerinin, kendilerine g\u00f6re, tro\u00e7kistlerce nas\u0131l sabote edildi\u011fini anlatt\u0131lar.<\/p>\n\n\n\n<p>Benden \u00f6nceki bir dizi ku\u015fak bu konuda ger\u00e7ek bir d\u00fc\u015fmanl\u0131k besliyor. B\u00fct\u00fcn bunlar oldu. Dolay\u0131s\u0131yla Tro\u00e7kist \u00f6rg\u00fctlerce yutulacak veya hareketimizin onlar\u0131n hakimiyeti alt\u0131na girmesine izin vermeyece\u011fimiz bir g\u00fcvenceye sahip olabilmesi i\u00e7in sanki b\u0131\u00e7ak s\u0131rt\u0131nda y\u00fcr\u00fcyoruz.<\/p>\n\n\n\n<p>Kitlesel bir i\u015f\u00e7i partisinin in\u015fa edilmesini arzuluyoruz. Emperyalizmi ve kapitalizmi d\u00fcnyan\u0131n yal\u0131t\u0131lm\u0131\u015f tek bir noktas\u0131nda yenemeyece\u011fimizi biliyoruz. Uluslararas\u0131 bir \u00f6rg\u00fctlenmeyi in\u015fa etmek zorunda oldu\u011fumuzun da bilincindeyiz. Ancak b\u00f6yle bir olu\u015fum g\u00fcven ve ilkeler \u00fczerine temellenmi\u015f bir birlik \u00fczerine oturmal\u0131d\u0131r.<\/p>\n\n\n\n<p>Bu diyalektik bir in\u015fa s\u00fcreci olmal\u0131d\u0131r. Biz b\u00f6yle bir s\u00fcrece kat\u0131lmak ve onu tart\u0131\u015fmak istiyoruz. Bu uluslararas\u0131 soruna a\u00e7\u0131k y\u00fcreklilikle ve \u00f6rg\u00fct\u00fcm\u00fczle dahil olmak istiyoruz, ama ayn\u0131 zamanda tarihimizde yer etmi\u015f ve \u00e7\u0131karlar\u0131m\u0131z\u0131 korumam\u0131za yard\u0131m edecek kimi kayg\u0131lar\u0131n bilincinde olarak da hareketimize sayg\u0131 duyulmayaca\u011f\u0131n\u0131 hissetti\u011fimiz bir entegrasyon ve angajman s\u00fcrecine de girmek istemeyiz.<br>Di\u011fer bir konu da, tabiat\u0131yla ABD\u2019deki ve Afrika k\u0131tas\u0131ndaki Afrikal\u0131 halklar\u0131n ulusal ba\u011f\u0131ms\u0131zl\u0131klar\u0131 meselesidir. ABD\u2019deki siyah kurtulu\u015f m\u00fccadelemizle ba\u011flant\u0131l\u0131 olarak Amerika\u2019n\u0131n yerli halklar\u0131n\u0131n ulusal ba\u011f\u0131ms\u0131zl\u0131k meselesi var. Toprak meselesi \u00fczerinden geli\u015ftirilecek ve oport\u00fcnist olarak nitelendirilebilecek bir \u00e7izgiyi savunmuyoruz. Yani Kuzey Amerika topraklar\u0131 \u00fczerinde bir hak talebinde bulunmuyoruz. \u00c7\u00fcnk\u00fc bu topraklar \u00f6ncelikle bir kolonizasyon ve soyk\u0131r\u0131m s\u00fcreci i\u00e7inde b\u00fct\u00fcn t\u00fcyleri yolunmu\u015f yerli halklara aittir. Bu \u00fclkede kendimiz i\u00e7in ulusal toprak talebinde bulunamay\u0131z. Bunlar bizim i\u00e7in \u00f6nem arzeden \u015feylerdir. Bu iki meseleye sayg\u0131 duyulmas\u0131 gerekti\u011fini d\u00fc\u015f\u00fcn\u00fcyoruz. \u015e\u00f6yle ki: Nas\u0131l yerli halklar\u0131n kendi uluslar\u0131n\u0131\/\u00fclkelerini yeniden kurmaya haklar\u0131 varsa, Kuzey Amerika\u2019ya Afrika\u2019dan k\u00f6lele\u015ftirilerek zorla getirilmi\u015f Afrikal\u0131lar\u0131n torunlar\u0131n\u0131n da ulusal kurtulu\u015fa haklar\u0131 vard\u0131r.<\/p>\n\n\n\n<p>Bizim y\u00f6neli\u015fimiz b\u00fct\u00fcn Afrika\u2019da yeni s\u00f6m\u00fcrgecili\u011fe ve emperyalizme kar\u015f\u0131 emek\u00e7ilerin m\u00fccadeleleriyle ba\u011f kurulmas\u0131n\u0131n gereklili\u011fini i\u00e7eriyor.<\/p>\n\n\n\n<p>Nitekim her ne kadar kendimi pan-Afrikanist bir k\u00fclt\u00fcr\u00fcn taraftar\u0131 olarak g\u00f6rmesem de &#8211; s\u0131n\u0131f\u0131n g\u00fcndemde olan ger\u00e7ek tarihsel sorunlar\u0131 nedeniyle- a\u00e7\u0131kt\u0131r ki pan-Afrikanist bir Enternasyonal i\u015f\u00e7i partisi de bir gerekliliktir. Yani, anti-emperyalist, anti-kolonyalist ve anti-neo kolonyalist bir hareketin \u00e7er\u00e7evesi i\u00e7inde yer alacak ve b\u00fct\u00fcn Afrika k\u0131tas\u0131yla onun diyasporas\u0131nda in\u015fa edilecek bir parti.<\/p>\n\n\n\n<p>D\u00fcnyan\u0131n b\u00fct\u00fcn Afrikal\u0131 emek\u00e7ilerinin ya\u015famakta olduklar\u0131 \u00fclkelerde \u00fcstlenmeleri gereken bir misyon vard\u0131r. Geldi\u011fimiz yer Afrika\u2019d\u0131r. Bu meselenin anti-emperyalizm \u00fczerine y\u00fcr\u00fct\u00fclecek tart\u0131\u015fmada yer almas\u0131n\u0131 isteriz. Yeni s\u00f6m\u00fcrgecilik ko\u015fullar\u0131ndan kopup gelmi\u015f ki\u015filerin g\u00fc\u00e7lerini nas\u0131l koordine edecekleri ve birlikte \u00e7al\u0131\u015fmay\u0131 nas\u0131l \u00f6rg\u00fctleyebileceklerini anlayabilmeleri i\u00e7in g\u00f6r\u00fc\u015flerini ortakla\u015ft\u0131rabileceklerinin imkan\u0131n\u0131 yakalayabilmeleri gerekir.<\/p>\n\n\n\n<p>Afrika k\u0131tas\u0131nda olsun, Karaipler\u2019de olsun, Kuzey veya G\u00fcney Amerika\u2019da olsun Afrikal\u0131lar\u0131n ba\u011f\u0131ms\u0131zl\u0131klar\u0131 i\u00e7in m\u00fccadelelerini y\u00fckseltmeli ve bu kavgan\u0131n bir b\u00fct\u00fcn olarak uluslararas\u0131 m\u00fccadeleye nas\u0131l ba\u011fland\u0131\u011f\u0131n\u0131 anlamal\u0131y\u0131z. Emperyalizmden tek bir ulus\/\u00fclke i\u00e7inde, hatta d\u00fcnyan\u0131n tek bir b\u00f6lgesinde kurtulunamayaca\u011f\u0131n\u0131n bilincindeyiz. Bunun d\u00fcnya \u00f6l\u00e7\u00fcs\u00fcnde verilecek bir kavga olmas\u0131 gerekir.<br>\u00dczerinde \u00f6nemle durmam gereken son bir nokta da \u015fu: Hareketin i\u00e7 dinami\u011finde kendine yer edinmi\u015f bir zehir vard\u0131r ki, o da \u0131rk\u00e7\u0131l\u0131k sorunudur. Afrika k\u00f6kenli olmayan veya s\u00f6m\u00fcrgele\u015ftirilmi\u015f bir \u00fclkeden gelmeyen \u0130\u015f\u00e7i hareketi \u00fcyelerinin \u00e7o\u011funun kendilerini \u0131rk\u00e7\u0131 olarak g\u00f6rmediklerine tan\u0131k oluyoruz. Teoride \u0131rk\u00e7\u0131l\u0131k kar\u015f\u0131t\u0131 fikirlere sahip olduklar\u0131na inand\u0131klar\u0131ndan bunu a\u00e7\u0131k\u00e7a ifade de ediyorlar.<\/p>\n\n\n\n<p>Ancak tam bu noktada K\u00fclt\u00fcr\u00fcn ve Tarihin dinami\u011fi harekete ge\u00e7erek \u00f6n al\u0131yor. ABD\u2019de Beyaz olmak; zenginliklere, daha m\u00fckemmel kaynaklara ve daha m\u00fckemmel bir e\u011fitime ula\u015fman\u0131n g\u00fcvenlik a\u011f\u0131na girmenizin imkan\u0131n\u0131 sunuyor size. Bu ise sosyal ve politik ili\u015fkilerde \u00f6yle bir iktidar dinami\u011fine yol a\u00e7\u0131yor ki fiiliyatta kendinden bir \u0131rk\u00e7\u0131l\u0131\u011f\u0131 do\u011furuyor.<\/p>\n\n\n\n<p>Beyaz olmayan yolda\u015flar e\u015fitler olarak insanl\u0131\u011f\u0131m\u0131z\u0131 (kibarl\u0131k ve fedakarl\u0131k anlam\u0131nda) Beyazlara onaylatmam\u0131z i\u00e7in s\u00fcrekli bir m\u00fccadele y\u00fcr\u00fctmek zorundalar. Beyaz militanlar\u0131n kendilerini \u0131rk\u00e7\u0131 olarak g\u00f6rd\u00fcklerini ya da \u0131rk\u00e7\u0131 tav\u0131rlara sahip olduklar\u0131n\u0131 d\u00fc\u015f\u00fcnd\u00fcklerini hi\u00e7 sanm\u0131yorum, ama onlarda \u0131rk\u00e7\u0131l\u0131k s\u0131n\u0131f\u0131n b\u00fct\u00fcn sorunlar\u0131 \u00fczerine yetkilerini a\u00e7\u0131k\u00e7a kullanmak istediklerinde patlak veriyor. Bunu her f\u0131rsatta k\u0131namak laz\u0131m. Dolay\u0131s\u0131yla s\u00fcrekli teyakkuz halinde olmam\u0131z laz\u0131m.<\/p>\n\n\n\n<p>San\u0131r\u0131m bu sorundan s\u00f6z etmeli ve onu \u00e7\u00f6zmeliyiz. \u0130lkeler \u00fczerine temellenmi\u015f bir birlikle ger\u00e7ekten berrak bir programa sahip olman\u0131n tayin edicili\u011fi in\u015fa tarz\u0131m\u0131z\u0131 da belirler. Bu konularda \u00f6n almal\u0131y\u0131z ki, insanlar umutsuzlu\u011fa kap\u0131lmas\u0131nlar ya da \u00f6rg\u00fct\u00fcm\u00fcz\u00fcn saflar\u0131nda geli\u015febilecek gerici sa\u011fc\u0131 e\u011filimlere yem olmas\u0131nlar.<\/p>\n\n\n\n<p>Bunlar, b\u00fct\u00fcn bu kayg\u0131lar\u0131 ve sorunlar\u0131 programatik bir bak\u0131\u015f a\u00e7\u0131s\u0131yla ele alaca\u011f\u0131m\u0131z bir \u00e7er\u00e7evede y\u00fcr\u00fctece\u011fimiz yap\u0131sal tart\u0131\u015fmalar\u0131 \u00f6rg\u00fctleyebilmemiz i\u00e7in dikkate almam\u0131z gereken \u00e7ok \u00f6nemli \u00f6\u011felerdir.<br>Herkes \u015funu \u00e7ok iyi anlamal\u0131 ki, ger\u00e7ek bir emek\u00e7i hareketi in\u015fa etme yolunday\u0131z, d\u00fcnyan\u0131n \u00f6zel bir b\u00f6lgesinin emek\u00e7ilerinin ya da etnik bir grubun sultas\u0131 alt\u0131nda bir hareket de\u011filiz.<\/p>\n\n\n\n<p>Alain Benjamin: (ABD\u2019deki tro\u00e7kist \u00f6rg\u00fct\u00fcn y\u00f6neticilerinden) \u00d6yle san\u0131yorum ki son y\u0131llarda Nmandi ile birlikte y\u00fcr\u00fctt\u00fc\u011f\u00fcm\u00fcz \u00e7al\u0131\u015fmalarda bu ilkelere sayg\u0131l\u0131 davrand\u0131k. Ayn\u0131 \u015fekilde \u201cSocialist Organizer\u201d b\u00fcnyesinde y\u00fcr\u00fctt\u00fc\u011f\u00fcm\u00fcz \u00e7al\u0131\u015fmada da birbirimize d\u00fcr\u00fcst davrand\u0131k ve bundan sonra da bu minvalde \u00e7al\u0131\u015faca\u011f\u0131m\u0131za inan\u0131yorum. Ku\u015fkusuz bu, hareketli ge\u00e7mi\u015fimizin t\u00fcm c\u00fcr\u00fcflerinden aranm\u0131\u015f oldu\u011fumuz anlam\u0131na gelmiyor. \u0130\u015f\u00e7i hareketi i\u00e7inde &#8211; \u00fcstelik onun en ilerici saflar\u0131nda bile kendine yuva bulmu\u015f- iki \u0131rk\u00e7\u0131l\u0131k \u00f6rne\u011fini zikredece\u011fim. Birinci \u00f6rnek 1996 y\u0131l\u0131nda Cleveland\u2019da olu\u015fmu\u015f olan \u0130\u015f\u00e7i Partisi\u2019ne; ikincisi ise 1981\u2019de National Black \u0130ndependent Political Party\u2019nin (NBIPP) toplanan Ulusal Kongresinde yer alan Siyah militanlara Socialist Workers Party\u2019nin (SWP) indirdi\u011fi darbedir.<\/p>\n\n\n\n<p>Birinci nokta, 1996 y\u0131l\u0131nda Cleveland\u2019da olu\u015fmu\u015f ve alt\u0131 y\u0131l s\u00fcrm\u00fc\u015f olan \u0130\u015f\u00e7i Partisi ile ilgili olan durumdur. \u015e\u00f6yle ki: Toplam \u00fc\u00e7 kongre g\u00f6ren ve Tony Mazzocchi taraf\u0131ndan y\u00f6netilen \u0130\u015f\u00e7i Partisinin \u00f6nderli\u011fi, Black Caucus ( Partinin Siyah militanlar Komisyonu) taraf\u0131ndan sunulan ve Mumia Abu Cemal\u2019in yeniden yarg\u0131lanmas\u0131n\u0131 talep eden bir karar tasar\u0131s\u0131n\u0131 \u0130\u015f\u00e7i Partisi\u2019nin sendikal ayaklar\u0131ndan Philadelphia merkezli bir sendikan\u0131n Mumia\u2019y\u0131 \u201cpolis katili\u201d olarak nitelemesine arka \u00e7\u0131karak reddetmesiydi. \u00dcstelik bu durum Mumia davas\u0131n\u0131n sahte delillerinin ortaya \u00e7\u0131kt\u0131\u011f\u0131 bir anda ger\u00e7ekle\u015fti.<\/p>\n\n\n\n<p>\u00c7ok say\u0131da delege kongrede ileri s\u00fcrd\u00fc\u011f\u00fcm\u00fcz kan\u0131tlar\u0131 duyduklar\u0131nda \u015foke oldular ve karar tasar\u0131s\u0131n\u0131n reddini \u015fiddetle protesto ettiler, ama buna ra\u011fmen sendika b\u00fcrokratlar\u0131 meseleyi ortak davalar\u0131 haline getirerek tasar\u0131n\u0131n onaylanmas\u0131n\u0131 sa\u011flad\u0131lar. B\u00fcrokratlar\u0131n bu konuda geri ad\u0131m atmamalar\u0131 \u015fu kayg\u0131lar\u0131na dayan\u0131yordu: Mumia\u2019n\u0131n lehine \u00e7\u0131kacak bir karar Philadelphia sendikas\u0131n\u0131n partiden kopmas\u0131na neden olurdu ve bu sendikay\u0131 ba\u015fka sendikalar da izleyebilirlerdi!<\/p>\n\n\n\n<p>Bug\u00fcn, Labor and Community for an \u0130ndependent Party (LCIP) grupla\u015fmas\u0131n\u0131n taraftarlar\u0131 olan bizler, o g\u00fcn \u0130\u015f\u00e7i Partisi i\u00e7indeki militanlar aras\u0131nda Mumia\u2019ya en aktif ve enerjik deste\u011fi verenlerdik. Bu kongreler s\u0131ras\u0131nda Black Workers for Justice\u2019in (BWFI) y\u00f6neticileri Salahaddin, Ashaki, Shafeah ile Ajamu D. ve di\u011ferleriyle Mumia tasar\u0131s\u0131n\u0131n \u0131rk\u00e7\u0131 reddini k\u0131nama konusunda s\u0131k\u0131 bir i\u015fbirli\u011fi i\u00e7inde olduk. Sonu\u00e7ta Black Caucus\u2019un \u0130\u015f\u00e7i Partisinden kopmas\u0131 hi\u00e7 de \u015fa\u015f\u0131rt\u0131c\u0131 olmad\u0131!<\/p>\n\n\n\n<p>\u0130kinci \u00f6rnekse Socialist Workers Party ile National Black Independent Political Party\u2019nin (NBIPP) 1981 kongresiyle ilgilidir.<\/p>\n\n\n\n<p>Hat\u0131rlayaca\u011f\u0131n\u0131z gibi 1000\u2019den fazla Siyah militan NBIPP\u2019yi kurmak i\u00e7in bir araya geldiler. Bu \u00e7aba, Siyah Demokratlar, hatta NBIPP\u2019nin y\u00f6netimine s\u0131zm\u0131\u015f bir\u00e7ok muhafazakar g\u00fc\u00e7 taraf\u0131ndan dahi ele\u015ftirildi. NBIPP \u00e7ok ilerici ve yenilik\u00e7i bir S\u00f6zle\u015fmeyi kabul etti. Ancak partinin y\u00f6neticileri Siyah Demokratlar\u0131n ve onlar\u0131n yeni parti i\u00e7indeki taraftarlar\u0131n\u0131n bas\u0131nc\u0131yla bu s\u00f6zle\u015fmeyi \u00e7ok say\u0131da bas\u0131p yaymay\u0131 reddettiler. B\u00f6yle bir s\u00f6zle\u015fmenin sadece Siyah Kurtulu\u015f Hareketinin \u00f6nemli bir b\u00f6l\u00fcm\u00fcn\u00fcn \u00f6tesinde Beyaz \u0130\u015f\u00e7i s\u0131n\u0131f\u0131n\u0131 da eyleme s\u00fcr\u00fckleyebilece\u011finden korktular.<\/p>\n\n\n\n<p>SWP\u2019nin Siyah kadrolar\u0131, s\u00f6zle\u015fmenin yay\u0131m\u0131n\u0131n NBIPP\u2019ye kabul ettirilerek yo\u011fun bir \u015fekilde da\u011f\u0131t\u0131m\u0131n\u0131n yap\u0131labilmesi i\u00e7in onun i\u00e7inde m\u00fccadele etmek yerine bu durumu g\u00f6rmezden gelerek NBIPP\u2019nin s\u00f6zle\u015fmesini SWP\u2019nin kendi matbaas\u0131nda bas\u0131p yay\u0131nlayarak NBIPP\u2019ye \u00f6ld\u00fcr\u00fcc\u00fc bir darbe vurdular. Bu davran\u0131\u015f NBIPP i\u00e7indeki Demokrat Parti taraftar\u0131 kanata s\u00f6zle\u015fmeyi iptal ettirmek ve parti i\u00e7indeki SWP\u2019nin siyahi kadrolar\u0131n\u0131n ihrac\u0131n\u0131 ba\u015flatabilmek i\u00e7in alt\u0131n tepside sunulmu\u015f bir f\u0131rsat oldu.<\/p>\n\n\n\n<p>SWP\u2019nin bu m\u00fcdahalesi NBIPP\u2019nin geni\u015f taban\u0131 taraf\u0131ndan partinin ba\u011f\u0131ms\u0131zl\u0131\u011f\u0131na ve \u00f6zerkli\u011finin gasp\u0131na y\u00f6nelik bir davran\u0131\u015f olarak telakki edildi. SWP\u2019nin bir\u00e7ok militan\u0131 gibi y\u00f6netiminin bu hatas\u0131ndan haberdar oldu\u011fumuzda \u00e7ok \u00f6fkelendik. Bu karara kar\u015f\u0131 \u00e7\u0131kt\u0131k ve bunun sorumlusunun SWP y\u00f6netimi oldu\u011funu \u00f6ne s\u00fcrd\u00fck. Kald\u0131 ki, \u015funu da eklemeliyim: Y\u00f6netimin bu karar\u0131 SWP\u2019nin ge\u00e7mi\u015f politikalar\u0131na da ayk\u0131r\u0131yd\u0131.<br>Nitekim Siyahlar\u0131n kurtulu\u015f m\u00fccadelesi \u00fczerine Tro\u00e7ki\u2019nin tav\u0131r al\u0131\u015flar\u0131n\u0131 okudu\u011fumuzda ve hatta SWP\u2019nin kendinin \u201cFreedom Now!\u201d ba\u015fl\u0131kl\u0131 1963 tarihli karar\u0131n\u0131 okudu\u011fumuzda SWP\u2019nin NBIPP\u2019nin karar\u0131na kar\u015f\u0131 ger\u00e7ekle\u015ftirdi\u011fi menfur hareketin Tro\u00e7ki\u2019nin Siyah meselesi \u00fczerine geli\u015ftirmi\u015f oldu\u011fu devrimci mirasa s\u0131rt\u0131n\u0131 \u00e7evirmek oldu\u011funu hemen g\u00f6rmek m\u00fcmk\u00fcnd\u00fcr.<\/p>\n\n\n\n<p>Tro\u00e7ki, Amerikan Beyaz \u0130\u015f\u00e7i s\u0131n\u0131f\u0131 i\u00e7inde, hatta onun en ileri ve ilerici kesimleri i\u00e7inde bile, \u0131rk\u00e7\u0131l\u0131\u011f\u0131n nas\u0131l yerle\u015fmi\u015f oldu\u011funu b\u00fcy\u00fck bir a\u00e7\u0131kl\u0131kla ortaya koymu\u015ftu.<\/p>\n\n\n\n<p>Tro\u00e7ki, \u00f6zellikle ABD Siyahlar\u0131 olmak \u00fczere, ulusal bask\u0131n\u0131n kurban\u0131 b\u00fct\u00fcn halklar\u0131n kendi kaderlerini tayin Hakk\u0131 m\u00fccadelesinin \u00f6neminin \u00f6ne \u00e7\u0131kar\u0131lmas\u0131 konusunda \u00e7ok kararl\u0131yd\u0131. Socialist Organizer olarak bu gelene\u011fin takip\u00e7isiyiz. Bu ger\u00e7ek bir meydan okumad\u0131r, i\u00e7inde ya\u015famakta oldu\u011fumuz kapitalist toplum \u00e7e\u015fitli bi\u00e7imler alt\u0131nda emek\u00e7ileri derilerinin rengine ve farkl\u0131 milliyetlerden olu\u015flar\u0131na g\u00f6re birbirlerine kar\u015f\u0131 mevzilendiriyor.<\/p>\n\n\n\n<p>Davet mektubunda ifadelendirilmi\u015f \u00e7er\u00e7eveye t\u00fcm\u00fcyle kat\u0131l\u0131yorum. Sosyalist Devrimin D\u00fcnya Partisinin g\u00f6revi, s\u00f6zde ve eylemde ger\u00e7ekten anti-emperyalist olan i\u015f\u00e7i s\u0131n\u0131f\u0131n\u0131n b\u00fct\u00fcn farkl\u0131 e\u011filimlerini, bir sosyalist d\u00fcnya devrimi i\u00e7in kapitalizme kar\u015f\u0131 ger\u00e7ekten m\u00fccadele y\u00fcr\u00fcten b\u00fct\u00fcn g\u00fc\u00e7leri bir araya getirmektir.<\/p>\n\n\n\n<p>Bu davet mektubu ba\u015far\u0131l\u0131 bir ba\u015flang\u0131\u00e7t\u0131r, ama \u00f6yle inan\u0131yorum ki, OCRFI olarak bu s\u00fcreci ilerletmekte do\u011fru yolday\u0131z.<\/p>\n\n\n\n<p>D.G.: Birka\u00e7 \u015fey eklemek isterim. Bizim amac\u0131m\u0131z \u015fu veya bu grubu ya da \u00f6rg\u00fct\u00fc kendi \u00f6rg\u00fct\u00fcm\u00fcze kazanmaya \u00e7al\u0131\u015fma hedefine indirgenemez. Uluslararas\u0131 \u0130\u015f\u00e7i hareketinin yeniden in\u015fas\u0131n\u0131n bir\u00e7ok engelle kar\u015f\u0131 kar\u015f\u0131ya kalacak zor g\u00f6rev oldu\u011funu biliyoruz.<\/p>\n\n\n\n<p>Tart\u0131\u015fmakta oldu\u011fumuz s\u00fcrecin karma\u015f\u0131k oldu\u011funun da bilincindeyiz. Dolay\u0131s\u0131yla atmam\u0131z gereken ilk ad\u0131m\u0131n ortak m\u00fccadeleler y\u00fcr\u00fctmeye \u00e7al\u0131\u015fmak, bug\u00fcn ortak kampanyalar y\u00fcr\u00fctebilmek i\u00e7in tart\u0131\u015fmak ve bu tart\u0131\u015fmalar\u0131 da ortakla\u015fa \u00f6rg\u00fctleyebilmek oldu\u011funu biliyoruz. G\u00fcvensizlik \u00fczerine s\u00f6ylediklerini anl\u0131yorum. Sadece ABD\u2019de de\u011fil, ba\u015fka \u00fclkelerde de sorunlu olabilecek bir\u00e7ok konu Tro\u00e7kizm ad\u0131n\u0131n arkas\u0131na s\u0131\u011f\u0131n\u0131larak y\u00fcr\u00fct\u00fclm\u00fc\u015ft\u00fcr.<\/p>\n\n\n\n<p>Bizim pozisyonumuz ABD\u2019deki Siyahlar\u0131n \u00f6zg\u00fcl tarihsel s\u00fcrece ba\u011fl\u0131 olarak kendi kaderlerini tayin etme hakk\u0131na sahip olduklar\u0131d\u0131r. Bu, bizim davet mektubunda a\u00e7\u0131k\u00e7a ifade etti\u011fimiz bir anlay\u0131\u015ft\u0131r ve zaten daha \u00f6nce Tro\u00e7ki taraf\u0131ndan da savunulmu\u015ftur.<\/p>\n\n\n\n<p>Bu tali bir nokta de\u011fildir. Kendi kaderini tayin Hakk\u0131 \u015fu anlama gelir: Siyah \u0130\u015f\u00e7i s\u0131n\u0131f\u0131n\u0131n kendi \u00f6rg\u00fct\u00fcne ili\u015fkin tercihleri ve bunun sonu\u00e7lar\u0131 ne olursa olsun desteklenmelidirler. 1930\u2019lu y\u0131llar\u0131n ba\u015flar\u0131nda Tro\u00e7ki bu konuya el att\u0131\u011f\u0131nda, ona, Marcus Garvey\u2019in pozisyonlar\u0131 \u00fczerine ne d\u00fc\u015f\u00fcnd\u00fc\u011f\u00fc soruldu\u011funda \u015f\u00f6yle cevap vermesine ra\u011fmen, \u201cA\u00e7\u0131k\u00e7as\u0131 Siyahlar\u0131n ABD\u2019de d\u00f6rt ya da be\u015f Eyalet \u00fczerinden bir devlet kurmak isteyecekleri fikrini tasvip edeceklerini pek sanm\u0131yorum, ama gene de Siyahlar\u0131n ekseriyeti bunu tercih ederse, onlar\u0131 desteklemeliyiz\u201d anlay\u0131\u015f\u0131nda oldu\u011funu belirtmi\u015ftir. Demek ki ayr\u0131lma Hakk\u0131 da buna dahildir. Bu yakla\u015f\u0131m bizim pozisyonumuz olmaya bug\u00fcn de devam ediyor. Zaten bu y\u00fczden de, Siyah \u0130\u015f\u00e7i s\u0131n\u0131f\u0131n\u0131n bir \u0130\u015f\u00e7i Partisi i\u00e7in m\u00fccadeleye eklemlenmi\u015f kendi \u0130\u015f\u00e7i \u00f6rg\u00fct\u00fcn\u00fc kurmas\u0131ndan yanay\u0131z. Nitekim bu ko\u015fullar alt\u0131nda, ba\u015flang\u0131\u00e7ta, Siyah \u0130\u015f\u00e7i s\u0131n\u0131f\u0131n\u0131n baz\u0131 sekt\u00f6rleri kendi \u00f6zg\u00fcl politik \u00f6rg\u00fctlerini kurmak isterlerse, \u0130\u015f\u00e7i s\u0131n\u0131f\u0131n\u0131n b\u00fct\u00fcnsel ba\u011f\u0131ms\u0131z s\u0131n\u0131f \u00f6rg\u00fct\u00fcn\u00fcn in\u015fas\u0131n\u0131n bir evresi olarak da bu partiyi desteklemeliyiz.<\/p>\n\n\n\n<p>Bu ayn\u0131 zamanda d\u00fcnyadaki b\u00fct\u00fcn ezilen halklar\u0131n kendi kaderlerini tayin haklar\u0131n\u0131 neden savundu\u011fumuzun, yani s\u00f6m\u00fcrgeci bir rejime ba\u011fl\u0131 kalm\u0131\u015f, s\u00f6m\u00fcrge hakimiyeti alt\u0131nda ya\u015fam\u0131\u015f ve halen b\u00f6yle bir hakimiyet alt\u0131nda ya\u015famaya devam eden halklar\u0131n m\u00fccadelesini neden destekledi\u011fimizin de izah\u0131d\u0131r. Bizim i\u00e7in bu anti-emperyalizm \u0130\u015f\u00e7i s\u0131n\u0131f\u0131n\u0131n b\u00fct\u00fcnsel ba\u011f\u0131ms\u0131zl\u0131k m\u00fccadelesinden ayr\u0131 tutulamaz. Bu durum Marx\u2019\u0131n d\u00f6neminden bu yana \u0130\u015f\u00e7i s\u0131n\u0131f\u0131 hareketinin s\u00fcreklili\u011finin bir ifadesidir.<\/p>\n\n\n\n<p>Bana g\u00f6re \u00f6ne \u00e7\u0131kart\u0131lmas\u0131 gereken ikinci nokta da \u015fudur: Bu tart\u0131\u015fman\u0131n uluslararas\u0131 bir \u00e7er\u00e7eveye yerle\u015ftirilmesi gerekti\u011fini belirtme konusunda hakl\u0131 de\u011fil miyiz? ABD\u2019deki Siyahlar\u0131n durumuyla Afrika k\u0131tas\u0131ndaki Siyah \u0130\u015f\u00e7i s\u0131n\u0131f\u0131n\u0131n durumlar\u0131n\u0131 ili\u015fkilendirerek ele almakta hakl\u0131 de\u011fil miyiz? Bu tart\u0131\u015fmam\u0131za Afrika\u2019daki emek\u00e7ilerin kar\u015f\u0131 kar\u015f\u0131ya kald\u0131klar\u0131 sorunlar\u0131 dahil etmekte hakl\u0131 de\u011fil miyiz?<\/p>\n\n\n\n<p>San\u0131r\u0131m bu konuda Azanyal\u0131\/G\u00fcney Afrikal\u0131 yolda\u015flarla s\u00fcrd\u00fcrece\u011fimiz tart\u0131\u015fma \u00e7ok \u00f6nemli olacak. Bu \u00fclkede Siyah halk \u0131rk\u00e7\u0131 rejimi yenilgiye u\u011fratan ger\u00e7ek bir devrim ger\u00e7ekle\u015ftirdi. Ama \u015fimdi kendi h\u00fck\u00fcmetinin emperyalist finans kurulu\u015flar\u0131na ve \u00e7okuluslu \u015firketlere tabi oldu\u011fu bir durumla kar\u015f\u0131 kar\u015f\u0131ya. Bu h\u00fck\u00fcmet kendini nas\u0131l adland\u0131r\u0131rsa adland\u0131rs\u0131n, yani ister \u201cKom\u00fcnist\u201d, ister \u201cSosyalist\u201d ya da isterse ba\u015fka bir adla, bu durum mevcut h\u00fck\u00fcmetin \u00fclkeyi emperyalizmin hakimiyetine terk etmi\u015f oldu\u011fu ger\u00e7e\u011fini de\u011fi\u015ftirmiyor. Dolay\u0131s\u0131yla Azanyal\u0131 yolda\u015flar\u0131m\u0131z\u0131n \u201cSiyah bir Cumhuriyet\u201d ve \u201cSiyah \u00e7o\u011funlu\u011fun h\u00fck\u00fcmeti i\u00e7in\u201d \u015fiarlar\u0131n\u0131 destekliyoruz. G\u00fcney Afrika\u2019da Siyah \u00e7o\u011funlu\u011fun h\u00fck\u00fcmetini talep etmenin ulusal ve demokratik bir i\u00e7eri\u011fin \u00f6tesinde sosyal bir i\u00e7eri\u011fi de vard\u0131r. Siyah \u00e7o\u011funlu\u011fun h\u00fck\u00fcmetini savunmak \u00fclkedeki emperyalist \u00e7okuluslu \u015firketlerin hakimiyetini y\u0131kma \u00e7er\u00e7evesinde Beyaz az\u0131nl\u0131\u011f\u0131n hakimiyetini de y\u0131kmak anlam\u0131na gelir.<\/p>\n\n\n\n<p>\u0130\u015fte bu konferans \u00e7er\u00e7evesinde y\u00fcr\u00fctece\u011fimiz bu t\u00fcr tart\u0131\u015fmalarla tahlilimizi derinle\u015ftirip berrakla\u015ft\u0131rabilme imkan\u0131n\u0131 elde edebiliriz. Bu y\u00fczden de, sizin gibi politik ak\u0131mlar\u0131n bu tart\u0131\u015fman\u0131n derinle\u015ftirilmesine kat\u0131l\u0131p katk\u0131 sunmalar\u0131yla ilgileniyoruz. Mesela \u015funu tasavvur edebiliriz: Konferans boyunca y\u00fcr\u00fctece\u011fimiz tart\u0131\u015fmalardan Siyah sorunu \u00fczerine bir karar \u00e7\u0131kartabiliriz. B\u00f6ylece IV. Enternasyonal olarak da kendi pozisyonumuzu daha berrakla\u015ft\u0131rabiliriz.<\/p>\n\n\n\n<p>Bu, belki de, Afrika k\u0131tas\u0131n\u0131n kurtulu\u015fu meselesiyle birlikte konferans\u0131n g\u00fcndemine dahil edece\u011fimiz bir konu olabilir. Bunun sonucunda G\u00fcney Afrikal\u0131\/Azanyal\u0131, Zimbabwe\u2019li, Burkina Faso\u2019lu, Burundi\u2019li ve ba\u015fka Afrika \u00fclkeli yolda\u015flarla tart\u0131\u015f\u0131p resm\u00ee \u201cba\u011f\u0131ms\u0131zl\u0131k\u201dlar\u0131n\u0131 ilan etmelerinden altm\u0131\u015f y\u0131l sonra &#8211; ki bu asl\u0131nda emperyalizmin hakimiyetinden kurtulamam\u0131\u015f olduklar\u0131 i\u00e7in sahte bir ba\u011f\u0131ms\u0131zl\u0131kt\u0131r- Afrika\u2019n\u0131n kurtulu\u015f sorununa ili\u015fkin bir karar tasar\u0131s\u0131 haz\u0131rlayabiliriz. \u0130\u015fte bu haz\u0131rl\u0131k konferans\u0131 tart\u0131\u015fmas\u0131n\u0131 bu anlamda y\u00f6nlendirmek istiyoruz. Ve tam da bu y\u00fczden farkl\u0131 \u00fclkelerden yolda\u015flar\u0131 bir araya getirebilme derdini ta\u015f\u0131yoruz.<\/p>\n\n\n\n<p>N.L. : S\u00f6ylenmi\u015f olanlar\u0131 olumlu buluyorum. Bir kez daha d\u00fc\u015f\u00fcncemi \u015f\u00f6yle ifade edeyim: Hem konferans hem de onun haz\u0131rlanma s\u00fcreci Avrupal\u0131 olmayan yolda\u015flar\u0131n kat\u0131l\u0131m\u0131na a\u00e7\u0131k olmal\u0131 ki, kendisi enternasyonal olan bu \u0130\u015f\u00e7i hareketinin tart\u0131\u015fmas\u0131n\u0131n merkezinde onlar da yer alabilsinler. Ancak b\u00f6yle olursa, biz de bu tart\u0131\u015fmalarda bir \u00e7e\u015fit aksesuar olmam\u0131\u015f olabiliriz.<\/p>\n\n\n\n<p>Emperyalizmin tabiat\u0131 her \u015feyin birbirine ba\u011flanmas\u0131n\u0131 gerekli k\u0131l\u0131yor. Bunu biliyoruz. Avrupa\u2019n\u0131n ve Amerika\u2019n\u0131n Beyaz emek\u00e7ilerinin de \u00fcretime dahil olduklar\u0131 her yerde s\u00f6m\u00fcr\u00fcye u\u011frad\u0131klar\u0131n\u0131 biliyoruz. Bu durumun s\u00f6m\u00fcrgecilik d\u00f6nemine kadar, yani s\u00f6m\u00fcrgeci g\u00fc\u00e7lerin s\u00f6m\u00fcrgele\u015ftirdikleri uluslar\u0131n kaynaklar\u0131n\u0131 insan ve mal olarak kopar\u0131p ald\u0131klar\u0131 ve kendilerine oradan bir ya\u015fam g\u00fcc\u00fc sa\u011flad\u0131klar\u0131 d\u00f6neme kadar uzand\u0131\u011f\u0131n\u0131n da fark\u0131nday\u0131z. Bu zenginli\u011fin \u00f6nemli bir b\u00f6l\u00fcm\u00fc, yani Beyaz \u0130\u015f\u00e7ilerin ya\u015fad\u0131klar\u0131 \u00e7eli\u015fkiler, kaynaklar\u0131ndan mahrum b\u0131rak\u0131lm\u0131\u015f ve s\u00f6m\u00fcrgele\u015ftirilmi\u015f b\u00f6lgelerdeki yoksulluktan, az geli\u015fmi\u015flikten, \u00f6l\u00fcmlerden ve hastal\u0131klardan ayr\u0131 d\u00fc\u015f\u00fcn\u00fclemez.<br>Bunlar merkezi \u00f6neme sahip sorulard\u0131r.<\/p>\n\n\n\n<p>Bir kez daha, bunlar\u0131n aram\u0131zda tart\u0131\u015f\u0131lmas\u0131n\u0131 ve bu sorulara i\u015f\u00e7i s\u0131n\u0131f\u0131 bak\u0131\u015f a\u00e7\u0131s\u0131ndan ger\u00e7ekten devrimci cevaplar vermemiz gerekir.<\/p>\n\n\n\n<p>ABD\u2019deki Siyahlar\u0131n kurtulu\u015fu meselesine ili\u015fkin s\u00f6z\u00fcn\u00fc etti\u011fimiz belgeye geri d\u00f6necek olursak, \u015funu s\u00f6ylemeliyiz ki, Siyahlar\u0131n m\u00fccadelesinde sa\u011fc\u0131 e\u011filimlerin do\u011fmaya ba\u015flad\u0131\u011f\u0131na tan\u0131k olmaktay\u0131z.<br>Bizdeki ulusal kurtulu\u015f m\u00fccadelesinde, her ne kadar \u015fu an i\u00e7in fazla bir a\u011f\u0131rl\u0131klar\u0131 olmasa da sa\u011fc\u0131 milliyet\u00e7i e\u011filimlerin g\u00fc\u00e7 kazanmakta olduklar\u0131n\u0131 g\u00f6zlemliyoruz. Bu g\u00fc\u00e7ler kendi \u00e7\u00f6z\u00fcm yollar\u0131 konusunda da b\u00f6l\u00fcnm\u00fc\u015f haldeler. \u0130\u015fte bu y\u00fczden de, kendi Siyah cemaatimizde, Siyah \u0130\u015f\u00e7i s\u0131n\u0131f\u0131 cemaatlerinde bu t\u00fcr hareketleri saf d\u0131\u015f\u0131 edebilmemiz i\u00e7in sa\u011flam ve devrimci a\u00e7\u0131l\u0131mlara ihtiyac\u0131m\u0131z var. Ve bu da politik olarak silahlanmam\u0131z\u0131 gerekli k\u0131l\u0131yor.<\/p>\n\n\n\n<p>Dolay\u0131s\u0131yla, evet, bu tart\u0131\u015fmayla ger\u00e7ekten gelece\u011fe y\u00f6nelik cesaretlendim.<\/p>\n\n\n\n<p>Bu fikirlerin benim gibi insanlarca &#8211; ve Afrika k\u0131tas\u0131ndan, Hindistan\u2019dan, Asya\u2019dan, G\u00fcney Amerika\u2019dan insanlarca- geli\u015ftirilmesinin ve bu konular\u0131 tart\u0131\u015fmaya haz\u0131rlanmalar\u0131n\u0131n ne kadar \u00f6nemli olaca\u011f\u0131n\u0131 d\u00fc\u015f\u00fcn\u00fcyorum. Bu sorular\u0131 tart\u0131\u015fmay\u0131 haz\u0131rlamaya ba\u015flamak, buna kat\u0131lmak, onlar\u0131 geli\u015ftirmek ve hakiki hale getirmek sadece bizim hareketlerimizin de\u011fil, ayn\u0131 zamanda b\u00fct\u00fcn emek\u00e7ilerin m\u00fccadelesinin geli\u015fmesine imkan sunacakt\u0131r. Buna inan\u0131yorum.<\/p>\n\n\n\n<p>Bizim durumumuzun sizinkinden ayr\u0131 olmad\u0131\u011f\u0131n\u0131 g\u00f6sterece\u011fiz. Bizi birbirimize ba\u011flayan da budur ve bu y\u00fczden de ilerleyece\u011fiz.<\/p>\n\n\n\n<p>D.G.: Bu tart\u0131\u015fman\u0131n b\u00fct\u00fcn\u00fcn\u00fc yaz\u0131l\u0131 hale getirmemizi \u00f6neriyorum. Bu \u00e7\u00f6z\u00fcmlemeleri sana ve herkese g\u00f6nderece\u011fiz. \u00dczerlerinde gerekli her t\u00fcr d\u00fczeltmeyi (c\u00fcmle d\u00fc\u015f\u00fckl\u00fckleri a\u00e7\u0131s\u0131ndan) yap\u0131p Enternasyonal dergimizde di\u011fer katk\u0131larla birlikte yay\u0131nlayaca\u011f\u0131z.<\/p>\n\n\n\n<p>Birka\u00e7 hafta \u00f6nce, benzer ilgin\u00e7likte bir tart\u0131\u015fmay\u0131 tro\u00e7kist olmayan Rus yolda\u015flarla da yapt\u0131k.<br>Konferans\u0131 haz\u0131rlamak i\u00e7in farkl\u0131 ak\u0131mlardan yolda\u015flar\u0131n katk\u0131lar\u0131n\u0131 da yay\u0131nlayaca\u011f\u0131z. \u00d6n\u00fcm\u00fczde duran ilk evrede iki karar tasar\u0131s\u0131 haz\u0131rlayaca\u011f\u0131z. Bunlardan ilki Afrika\u2019n\u0131n kurtulu\u015fu meselesi \u00fczerine olacak ve Afrika\u2019l\u0131 yolda\u015flardan ge\u00e7ti\u011fimiz son altm\u0131\u015f y\u0131ll\u0131k s\u00fcrecin bir muhasebesini \u00e7\u0131kartmalar\u0131n\u0131 talep edece\u011fiz. Bir ba\u015fka ifadeyle, emperyalist \u00fclkelerin zenginlik biriktirmelerinin kayna\u011f\u0131 olarak Afrika\u2019n\u0131n devam eden talan\u0131n\u0131n yol a\u00e7t\u0131\u011f\u0131 sorunlar\u0131n \u00e7\u00f6z\u00fcm\u00fcne ili\u015fkin bir karar tasar\u0131s\u0131. Bundan ama\u00e7lanan, emperyalist \u00fclkelerdeki m\u00fccadelelerle Afrika\u2019daki m\u00fccadeleleri birbirine ba\u011flamak olacak.<\/p>\n\n\n\n<p>Ayn\u0131 \u015fekilde, e\u011fer sen de mutab\u0131ksan, Siyahlar\u0131n kurtulu\u015fu \u00fczerine, Siyah \u0130\u015f\u00e7i s\u0131n\u0131f\u0131n\u0131n kurtulu\u015fu \u00fczerine- \u00f6zellikle \u015fu an genel olarak Siyah \u0130\u015f\u00e7i s\u0131n\u0131f\u0131 \u00fczerine (sadece ABD\u2019deki de\u011fil) bir karar tasar\u0131s\u0131 \u00e7\u0131kartmal\u0131y\u0131z. Uluslararas\u0131 tart\u0131\u015fman\u0131n bir par\u00e7as\u0131 olarak bu tasar\u0131lar\u0131 haz\u0131rlayabiliriz. Bu konuda mutab\u0131k m\u0131y\u0131z?<\/p>\n\n\n\n<p>N.L.: Bu \u00f6neriye t\u00fcm\u00fcyle kat\u0131l\u0131yorum.<\/p>\n","protected":false},"excerpt":{"rendered":"<p>* ABD\u2019li bir Siyahi \u0130\u015f\u00e7i Militan (Ujima People\u2019s Progressive Party\/ Ujima Halk\u0131n \u0130lerici Partisi)10 Nisan 2023 Daniel Gluckstein: Bildi\u011fin gibi bu tart\u0131\u015fman\u0131n amac\u0131, sana iletilmi\u015f olan \u201cD\u00f6rd\u00fcnc\u00fc Enternasyonal\u2019in Yeniden Te\u015fkili i\u00e7in, D\u00fcnya Sosyalist Devriminin Partisi i\u00e7in\u201d davet mektubu halk\u0131nda ne d\u00fc\u015f\u00fcnd\u00fc\u011f\u00fcn\u00fc \u00f6\u011frenmek istememiz. Ayn\u0131 politik geleneklere sahip de\u011filiz. Bizim gelene\u011fimiz IV. Enternasyonal gelene\u011fidir. Senin politik [&hellip;]<\/p>\n","protected":false},"author":1,"featured_media":2142,"comment_status":"closed","ping_status":"closed","sticky":false,"template":"","format":"standard","meta":{"footnotes":""},"categories":[1],"tags":[438,53,437],"class_list":["post-2140","post","type-post","status-publish","format-standard","has-post-thumbnail","hentry","category-uncategorized","tag-abdde-ulusal-sorun","tag-onsayfa","tag-ulusal-sorun"],"_links":{"self":[{"href":"https:\/\/pgbsosyalizm.org\/index.php?rest_route=\/wp\/v2\/posts\/2140","targetHints":{"allow":["GET"]}}],"collection":[{"href":"https:\/\/pgbsosyalizm.org\/index.php?rest_route=\/wp\/v2\/posts"}],"about":[{"href":"https:\/\/pgbsosyalizm.org\/index.php?rest_route=\/wp\/v2\/types\/post"}],"author":[{"embeddable":true,"href":"https:\/\/pgbsosyalizm.org\/index.php?rest_route=\/wp\/v2\/users\/1"}],"replies":[{"embeddable":true,"href":"https:\/\/pgbsosyalizm.org\/index.php?rest_route=%2Fwp%2Fv2%2Fcomments&post=2140"}],"version-history":[{"count":2,"href":"https:\/\/pgbsosyalizm.org\/index.php?rest_route=\/wp\/v2\/posts\/2140\/revisions"}],"predecessor-version":[{"id":2143,"href":"https:\/\/pgbsosyalizm.org\/index.php?rest_route=\/wp\/v2\/posts\/2140\/revisions\/2143"}],"wp:featuredmedia":[{"embeddable":true,"href":"https:\/\/pgbsosyalizm.org\/index.php?rest_route=\/wp\/v2\/media\/2142"}],"wp:attachment":[{"href":"https:\/\/pgbsosyalizm.org\/index.php?rest_route=%2Fwp%2Fv2%2Fmedia&parent=2140"}],"wp:term":[{"taxonomy":"category","embeddable":true,"href":"https:\/\/pgbsosyalizm.org\/index.php?rest_route=%2Fwp%2Fv2%2Fcategories&post=2140"},{"taxonomy":"post_tag","embeddable":true,"href":"https:\/\/pgbsosyalizm.org\/index.php?rest_route=%2Fwp%2Fv2%2Ftags&post=2140"}],"curies":[{"name":"wp","href":"https:\/\/api.w.org\/{rel}","templated":true}]}}