{"id":268,"date":"2013-06-29T22:00:00","date_gmt":"2013-06-29T20:00:00","guid":{"rendered":"http:\/\/pgbsosyalizm.org\/yenicms\/?p=268"},"modified":"2014-06-14T23:17:48","modified_gmt":"2014-06-14T21:17:48","slug":"iv-enternasyonal-brezilya-seksiyonunun-acklamas","status":"publish","type":"post","link":"https:\/\/pgbsosyalizm.org\/?p=268","title":{"rendered":"IV. Enternasyonal Brezilya Seksiyonu&#8217;nun A\u00e7\u0131klamas\u0131"},"content":{"rendered":"<p style=\"text-align: justify;\">&#8212; Brezilya \u0130\u015f\u00e7i Partisi (PT) O Trabalho Grubu, IV. Enternasyonal Brezilya Seksiyonu<\/p>\n<p style=\"text-align: justify;\">G\u00fcn\u00fcm\u00fcz siyasi ko\u015fullar\u0131nda:<\/p>\n<h3 style=\"text-align: justify;\"><strong>Ba\u015fkan Dilma, ba\u011f\u0131ms\u0131z bir Kurucu Meclis topla!<\/strong><\/h3>\n<p style=\"text-align: justify;\">E\u011fer PMDB (Brezilya Demokratik Hareket Partisi) Ba\u015fkan\u0131 ve Devlet Ba\u015fkan\u0131 Yard\u0131mc\u0131s\u0131 Michel Temer buna kar\u015f\u0131 \u00e7\u0131k\u0131yorsa, Temer ile ili\u015fkine son ver. <sup><a href=\"#footnote_1_268\" id=\"identifier_1_268\" class=\"footnote-link footnote-identifier-link\" title=\"Michel Temer, h&uuml;k&uuml;met &uuml;yesi PMDB lideri and Brezilya Devlet Ba\u015fkan Yard\u0131mc\u0131s\u0131.\">1<\/a><\/sup> Sokaklar senin arkanda duracakt\u0131r!<\/p>\n<p><!--more--><\/p>\n<p style=\"text-align: justify;\">Brezilya&#8217;da siyasal reformlar\u0131 s\u00fcrmeli. Bunun i\u00e7in:<\/p>\n<ol style=\"text-align: justify;\">\n<li>Toplu ta\u015f\u0131ma millile\u015ftirilsin! \u00d6\u011frencilere \u00fccretsiz toplu ta\u015f\u0131ma sa\u011flans\u0131n. Sosyal harcamalardaki kesintilere son!<\/li>\n<li>D\u0131\u015f borcu \u00f6demek i\u00e7in \u00e7\u0131kar\u0131lan mali fazla kanunu iptal edilsin! Kaynaklar, d\u0131\u015f bor\u00e7lara de\u011fil kamu hizmetlerine harcans\u0131n!<\/li>\n<li>Kamu m\u00fclkiyetinin sat\u0131lmas\u0131na son. Yaln\u0131z i\u015fletme paylar\u0131 de\u011fil, petrol gelirinin t\u00fcm\u00fc kamu sa\u011fl\u0131k ve e\u011fitim hizmetlerine ayr\u0131ls\u0131n!<\/li>\n<li>T\u00fcm gen\u00e7lere kamusal e\u011fitim hakk\u0131!<\/li>\n<li>T\u00fcm \u00f6zelle\u015ftirilmi\u015f kamu te\u015fekk\u00fclleri yeniden millile\u015ftirilsin! OSS yasas\u0131 iptal edilsin! \u00d6zel sekt\u00f6re verilen imtiyazlara son verilsin!<\/li>\n<li>40 saatlik i\u015f haftas\u0131! Ta\u015feronla\u015ft\u0131rmaya son!<\/li>\n<li>Toprak reformu hayata ge\u00e7irilsin!<\/li>\n<li>Askeri polis ilga edilsin! T\u00fcm polis ve itfaiye \u00e7al\u0131\u015fanlar\u0131 i\u00e7in ulusal asgari \u00fccret!<\/li>\n<li>\u201cAf yasas\u0131\u201d kald\u0131r\u0131ls\u0131n ve askeri diktat\u00f6rl\u00fc\u011f\u00fcn su\u00e7lular\u0131 cezaland\u0131r\u0131ls\u0131n!<\/li>\n<li>Tek meclisli (Senatosuz),\n<ul>\n<li>Nispi temsile dayal\u0131 (1 se\u00e7men = 1 oy),<\/li>\n<li>Parti listelerine dayal\u0131,<\/li>\n<li>ve yaln\u0131zca kamu kaynaklar\u0131na dayanan, bir Kurucu Meclis se\u00e7imi yap\u0131ls\u0131n!<\/li>\n<\/ul>\n<\/li>\n<\/ol>\n<p style=\"text-align: justify;\"><strong>Karde\u015fler,<\/strong><\/p>\n<p style=\"text-align: justify;\">Brezilya\u2019da gen\u00e7lik hareketinin toplu ta\u015f\u0131ma \u00fccretlerinin d\u00fc\u015f\u00fcr\u00fclmesi i\u00e7in ba\u015flatt\u0131\u011f\u0131 hareket, 1 milyon ki\u015finin kamu hizmetleriyle ilgili talepler i\u00e7in sokaklara \u00e7\u0131kmas\u0131yla devam etti. Bu talepler hem d\u0131\u015f bor\u00e7 \u00f6deme maksad\u0131yla devlet b\u00fct\u00e7esini sarsan mali fazla kanunuyla, hem de b\u00fcy\u00fck sermaye ve uluslararas\u0131 sermayeye verilen imtiyazlarla \u00e7eli\u015fiyor.<\/p>\n<p style=\"text-align: justify;\">Bu tip kanunlar ve imtiyazlar d\u00fcnya \u00e7ap\u0131nda b\u00fct\u00fcn uluslar\u0131 boyunduruk alt\u0131na almakta olan dayatmalard\u0131r.<\/p>\n<p style=\"text-align: justify;\">Brezilya\u2019daki sokak g\u00f6sterileri, bu gidi\u015fe bir dur dedi ve siyasetin kurumlar\u0131nda b\u00fcy\u00fck bir k\u0131r\u0131lma yaratarak, siyasi sistemde bir krize neden oldu. Bu \u00fclke i\u00e7in yepyeni bir durum ve insanlar\u0131n evlerine elleri bo\u015f d\u00f6nmek gibi bir niyetleri yok. Sosyal haklar i\u00e7in m\u00fccadele hen\u00fcz ba\u015fl\u0131yor.<\/p>\n<p style=\"text-align: justify;\">Dilma h\u00fck\u00fcmeti i\u00e7in bu durumdan \u00e7\u0131kman\u0131n tek yolu, bir Kurucu Meclis toplayarak, halk\u0131n sesine kulak vermek, devleti radikal bir \u015fekilde reforme etmektir. Ancak bir Kurucu Meclis, halk\u0131n uzun s\u00fcredir \u00f6zlemini duydu\u011fu sosyal adalet \u00f6zlemine cevap vermenin \u00f6n\u00fcn\u00fc a\u00e7acakt\u0131r. Bu \u00f6zlemin son on y\u0131ldaki \u0130\u015f\u00e7i Partisi liderli\u011findeki h\u00fck\u00fcmet taraf\u0131ndan kar\u015f\u0131lanamad\u0131\u011f\u0131 a\u015fikar. E\u011fer \u0130\u015fci Partisi liderli\u011finin iddia etti\u011fi gibi, son on y\u0131l i\u00e7indeki kazan\u0131mlar, sadaka de\u011fil ger\u00e7ek anlamda sosyal kazan\u0131mlar olsalard\u0131, bug\u00fcn insanlar\u0131n \u00f6zlemini duydu\u011fu toplumsal de\u011fi\u015fimin \u00f6n\u00fcnde engel te\u015fkil etmezlerdi.<\/p>\n<p style=\"text-align: justify;\">Dilma soka\u011f\u0131n \u201ckurumlar ve h\u00fck\u00fcmetlerin d\u00f6n\u00fc\u015fmesi\u201d y\u00f6n\u00fcndeki \u00e7a\u011fr\u0131s\u0131n\u0131 dikkate alaca\u011f\u0131n\u0131 belirtti.<\/p>\n<p style=\"text-align: justify;\">Hatta siyasi reformlar\u0131 ger\u00e7ekle\u015ftirmek \u00fczere bir \u201c\u00d6zel Yetkili Kurucu Meclis\u201d toplanmas\u0131 i\u00e7in bir referandum \u00f6nerisinde bile bulundu. Bu h\u00fck\u00fcmet ad\u0131na \u00f6nemli bir ad\u0131md\u0131. Ancak bir g\u00fcn sonra (25 Haziran), PMDB ve Y\u00fcksek Federal Mahkeme\u2019den Joaquim Barbosa\u2019n\u0131n bu referandumu desteklemeyi reddetmesi \u00fczerine bu \u00f6nerisini geri \u00e7ekti.<\/p>\n<p style=\"text-align: justify;\">Data Folha\u2019n\u0131n rakamlar\u0131na g\u00f6re (29 Haziran) Brezilyal\u0131lar\u0131n y\u00fczde 73\u2019\u00fc bir siyasal reform plan\u0131 haz\u0131rlamakla g\u00f6revli bir Kurucu Meclis fikrini desteklerken, Dilma\u2019n\u0131n bu geri d\u00f6n\u00fc\u015f\u00fcn\u00fcn nedeni ne? (Kar\u015f\u0131 \u00e7\u0131kanlar\u0131n oran\u0131 yaln\u0131zca y\u00fczde 15).<\/p>\n<p style=\"text-align: justify;\">\u015eimdi de Dilma siyasi reformlarla ilgili bir plebisit \u00f6neriyor. Ancak bu tamamen farkl\u0131 bir olgu. Neden mi? Sorular\u0131n\u0131n bug\u00fcn sokaklarda nefret uyand\u0131ran Kongre liderleri taraf\u0131ndan belirlendi\u011fi bir plebisite nas\u0131l g\u00fcvenebilirsiniz. Plebisit pekala sokaklar\u0131n sesini yat\u0131\u015ft\u0131rmak i\u00e7in kullan\u0131labilir.<\/p>\n<p style=\"text-align: justify;\">CUT sendikalar federasyonu ve di\u011fer sendikalar 11 Temmuz\u2019da Ulusal M\u00fccadele i\u00e7in \u0130\u015f Durdurma ilan ederek do\u011fru bir karar ald\u0131lar. Bug\u00fcn i\u015f\u00e7i s\u0131n\u0131f\u0131n\u0131n \u00f6rg\u00fctleriyle beraber taleplerini dile getirmesi ve m\u00fccadelenin do\u011fru taraf\u0131nda yer almas\u0131 ve direni\u015fe destek vermesinin zaman\u0131d\u0131r.<\/p>\n<p style=\"text-align: justify;\">Bu ayn\u0131 zamanda medyan\u0131n ve sa\u011fc\u0131lar\u0131n provokasyonlar\u0131yla ba\u015f etmenin en do\u011fru yoludur. Sa\u011fc\u0131lar \u201csiyasi partilere kar\u015f\u0131\u201d y\u00fcr\u00fctt\u00fckleri kampanyalar sonras\u0131nda, parti ve sendika kortejlerine bir dizi sald\u0131r\u0131 ger\u00e7ekle\u015ftirdiler. Bu sald\u0131r\u0131lar kitlesel g\u00f6steriler esnas\u0131nda daha da artm\u0131\u015f durumda. Provokat\u00f6rler ortaya \u00e7\u0131kar\u0131ls\u0131n!<\/p>\n<p style=\"text-align: justify;\">Ger\u00e7ek \u015fu ki, kamu kaynaklar\u0131n\u0131n \u00f6nemli bir k\u0131sm\u0131n\u0131n D\u00fcnya Kupas\u0131 i\u00e7in harcand\u0131\u011f\u0131n\u0131 g\u00f6rmek halk\u0131 can\u0131ndan bezdiriyor. Bu kadar para harcan\u0131rken, bir yandan da patronlara sa\u011flanan vergi aflar\u0131 ve indirimleri, kamu kasas\u0131na girmesi ve kamu hizmetleri i\u00e7in harcanmas\u0131 gereken milyonlara mal oluyor. Buna son 9 y\u0131ld\u0131r Haiti\u2019de g\u00f6rev yapan ve Birle\u015fmi\u015f Milletler misyonu MINUSTAH alt\u0131nda bu kara ulusun topraklar\u0131n\u0131 i\u015fgal eden Brezilya askeri kuvvetlerine harcanan 2 milyar reali (yakla\u015f\u0131k bir milyon dolar) de ekleyin.<\/p>\n<p style=\"text-align: justify;\"><strong>Karde\u015fler,<\/strong><\/p>\n<p style=\"text-align: justify;\">Bu durumun sorumlusu \u0130\u015f\u00e7i Partisi\u2019dir. \u00dcst d\u00fczey parti liderli\u011fi Y\u00fcksek Federal Mahkeme\u2019nin kendisine yapt\u0131\u011f\u0131 sald\u0131r\u0131ya cevap vermedi <sup><a href=\"#footnote_2_268\" id=\"identifier_2_268\" class=\"footnote-link footnote-identifier-link\" title=\"470 No&rsquo;lu davada, ortada hi&ccedil;bir delil olmamas\u0131na ra\u011fmen Y&uuml;ksek Federal Mahkeme, \u0130\u015f&ccedil;i Partisi liderli\u011fini mahkum etti.\">2<\/a><\/sup>, ancak rejim krizinin ya\u015fand\u0131\u011f\u0131 bug\u00fcnk\u00fc ko\u015fullar alt\u0131nda daha fazla pasif kalmas\u0131 m\u00fcmk\u00fcn de\u011fildir.<\/p>\n<p style=\"text-align: justify;\">\u0130\u015f\u00e7i Partisi O Trabalho Grubu olarak size sesleniyoruz. Ba\u015fta \u0130\u015f\u00e7i Partisi \u00fcyeleri olmak \u00fczere herkesi, bug\u00fcn h\u00fck\u00fcmete biat i\u00e7inde bulunan ve tamamen bir siyasetsizlik i\u00e7ine s\u00fcr\u00fcklenmi\u015f \u0130\u015f\u00e7i Partisi liderli\u011finden memnuniyetsizli\u011finizi ifade etmeye \u00e7a\u011f\u0131r\u0131yoruz:<\/p>\n<p style=\"text-align: justify;\">Bu durumda neler yap\u0131lmas\u0131 gerekti\u011fini tart\u0131\u015fmak \u00fczere Di\u00e1logo Petista toplant\u0131lar\u0131nda bizlere kat\u0131l\u0131n.<\/p>\n<p style=\"text-align: justify;\">Parti aktivistlerini, gen\u00e7li\u011fi, sendikac\u0131lar\u0131, di\u011fer toplumsal hareketlerden insanlar\u0131 bir araya getirebilece\u011fimiz Acil Halk Toplant\u0131lar\u0131 \u00f6rg\u00fctlenmelerimize kat\u0131l\u0131n.<\/p>\n<ul>\n<li style=\"text-align: justify;\">Taleplerimizi dile getirelim ve yerel eylem \u015fekillerine karar verelim<\/li>\n<li style=\"text-align: justify;\">11 Temmuz\u2019da Ulusal M\u00fccadele i\u00e7in \u0130\u015f B\u0131rakma eylemine destek verelim<\/li>\n<li style=\"text-align: justify;\">Egemen bir Kurucu Meclis i\u00e7in m\u00fccadele yollar\u0131n\u0131 tart\u0131\u015fal\u0131m.<\/li>\n<\/ul>\n<ol class=\"footnotes\"><li id=\"footnote_1_268\" class=\"footnote\">Michel Temer, h\u00fck\u00fcmet \u00fcyesi PMDB lideri and Brezilya Devlet Ba\u015fkan Yard\u0131mc\u0131s\u0131.<span class=\"footnote-back-link-wrapper\">[<a href=\"#identifier_1_268\" class=\"footnote-link footnote-back-link\">&#8617;<\/a>]<\/span><\/li><li id=\"footnote_2_268\" class=\"footnote\">470 No\u2019lu davada, ortada hi\u00e7bir delil olmamas\u0131na ra\u011fmen Y\u00fcksek Federal Mahkeme, \u0130\u015f\u00e7i Partisi liderli\u011fini mahkum etti.<span class=\"footnote-back-link-wrapper\">[<a href=\"#identifier_2_268\" class=\"footnote-link footnote-back-link\">&#8617;<\/a>]<\/span><\/li><\/ol>","protected":false},"excerpt":{"rendered":"<p>&#8212; Brezilya \u0130\u015f\u00e7i Partisi (PT) O Trabalho Grubu, IV. Enternasyonal Brezilya Seksiyonu<\/p>\n<p>G\u00fcn\u00fcm\u00fcz siyasi ko\u015fullar\u0131nda:<\/p>\n<p>Ba\u015fkan Dilma, ba\u011f\u0131ms\u0131z bir Kurucu Meclis topla!<\/p>\n<p>E\u011fer PMDB (Brezilya Demokratik Hareket Partisi) Ba\u015fkan\u0131 ve Devlet Ba\u015fkan\u0131 Yard\u0131mc\u0131s\u0131 Michel Temer buna kar\u015f\u0131 \u00e7\u0131k\u0131yorsa, Temer ile ili\u015fkine son ver. Sokaklar senin arkanda duracakt\u0131r!<\/p>\n","protected":false},"author":1,"featured_media":686,"comment_status":"open","ping_status":"open","sticky":false,"template":"","format":"standard","meta":{"footnotes":""},"categories":[50],"tags":[68,87,67,64,89,53,88],"class_list":["post-268","post","type-post","status-publish","format-standard","has-post-thumbnail","hentry","category-c44-bildiriler","tag-brezilya","tag-brezilya-isci-partisi","tag-iv-enternasyonal","tag-kurucu-meclis","tag-o-trabalho","tag-onsayfa","tag-pt"],"_links":{"self":[{"href":"https:\/\/pgbsosyalizm.org\/index.php?rest_route=\/wp\/v2\/posts\/268","targetHints":{"allow":["GET"]}}],"collection":[{"href":"https:\/\/pgbsosyalizm.org\/index.php?rest_route=\/wp\/v2\/posts"}],"about":[{"href":"https:\/\/pgbsosyalizm.org\/index.php?rest_route=\/wp\/v2\/types\/post"}],"author":[{"embeddable":true,"href":"https:\/\/pgbsosyalizm.org\/index.php?rest_route=\/wp\/v2\/users\/1"}],"replies":[{"embeddable":true,"href":"https:\/\/pgbsosyalizm.org\/index.php?rest_route=%2Fwp%2Fv2%2Fcomments&post=268"}],"version-history":[{"count":14,"href":"https:\/\/pgbsosyalizm.org\/index.php?rest_route=\/wp\/v2\/posts\/268\/revisions"}],"predecessor-version":[{"id":699,"href":"https:\/\/pgbsosyalizm.org\/index.php?rest_route=\/wp\/v2\/posts\/268\/revisions\/699"}],"wp:featuredmedia":[{"embeddable":true,"href":"https:\/\/pgbsosyalizm.org\/index.php?rest_route=\/wp\/v2\/media\/686"}],"wp:attachment":[{"href":"https:\/\/pgbsosyalizm.org\/index.php?rest_route=%2Fwp%2Fv2%2Fmedia&parent=268"}],"wp:term":[{"taxonomy":"category","embeddable":true,"href":"https:\/\/pgbsosyalizm.org\/index.php?rest_route=%2Fwp%2Fv2%2Fcategories&post=268"},{"taxonomy":"post_tag","embeddable":true,"href":"https:\/\/pgbsosyalizm.org\/index.php?rest_route=%2Fwp%2Fv2%2Ftags&post=268"}],"curies":[{"name":"wp","href":"https:\/\/api.w.org\/{rel}","templated":true}]}}