{"id":269,"date":"2013-06-16T22:00:00","date_gmt":"2013-06-16T20:00:00","guid":{"rendered":"http:\/\/pgbsosyalizm.org\/yenicms\/?p=269"},"modified":"2014-06-14T23:15:43","modified_gmt":"2014-06-14T21:15:43","slug":"devrimci-genclik-enternasyonali-brezilya-seksiyonunun-toplu-tama-fiyatlarnn-dueueruelmesi-muecadelesi-uezerine-bildirisi","status":"publish","type":"post","link":"https:\/\/pgbsosyalizm.org\/?p=269","title":{"rendered":"Devrimci Gen\u00e7lik Enternasyonali Brezilya Seksiyonu&#8217;nun Toplu Ta\u015f\u0131ma Fiyatlar\u0131n\u0131n D\u00fc\u015f\u00fcr\u00fclmesi M\u00fccadelesi \u00dczerine Bildirisi"},"content":{"rendered":"<p>&#8212; Brezilya Devrimci Gen\u00e7lik (Juventude Revolucao) Ulusal Konseyi (Devrimci Gen\u00e7lik Enternasyonali Brezilya Seksiyonu)<\/p>\n<h3 style=\"text-align: justify;\">Toplu ta\u015f\u0131ma fiyat art\u0131\u015flar\u0131na kar\u015f\u0131 birlik ve demokrasi<\/h3>\n<p style=\"text-align: justify;\">Son g\u00fcnlerde binlerce ve binlerce gen\u00e7, kitlesel g\u00f6sterilerle Brezilya\u2019n\u0131n bir\u00e7ok \u015fehrinin sokaklar\u0131n\u0131 doldurdu. Bu protesto dalgas\u0131 \u00f6nemli bir ad\u0131m. Art\u0131k gen\u00e7lik, tek amac\u0131 toplumun s\u0131rt\u0131ndan karl\u0131l\u0131\u011f\u0131n\u0131 art\u0131rmak olan m\u00fcte\u015febbis mafyas\u0131 taraf\u0131ndan i\u015fletilen, pespaye, pahal\u0131 ve g\u00fcvensiz bir toplu ta\u015f\u0131ma sistemine tahamm\u00fcl etmeyece\u011fini g\u00f6sterdi.<\/p>\n<p style=\"text-align: justify;\">Bu y\u00fczden gen\u00e7lik bug\u00fcn bilet fiyatlar\u0131n\u0131n derhal d\u00fc\u015f\u00fcr\u00fclmesini talep ediyor. Bu gen\u00e7li\u011fin ayd\u0131nl\u0131k bir gelecek i\u00e7in m\u00fccadele etmeye olan kararl\u0131\u011f\u0131n\u0131 g\u00f6steriyor. Gen\u00e7li\u011fin haklar\u0131 i\u00e7in sava\u015fan Juventude Revolu\u00e7\u00e3o da bu m\u00fccadelenin bir par\u00e7as\u0131d\u0131r.<\/p>\n<p><!--more--><\/p>\n<p style=\"text-align: justify;\">Sao Paolo\u2019da g\u00f6steri yapan binlerce gence, polis Sao Paolo Eyaleti valisi Geraldo Alckmim\u2019in (PSDB) emirleri do\u011frultusunda vah\u015fice sald\u0131rd\u0131. Bir\u00e7oklar\u0131 g\u00f6z alt\u0131na al\u0131nd\u0131. Bu olay, gen\u00e7li\u011fin t\u00fcm \u00fclke \u00e7ap\u0131nda Askeri Polis\u2019in \u015fiddetine kar\u015f\u0131 sokaklara d\u00f6k\u00fclmesine yol a\u00e7t\u0131. Askeri Polis, Brezilya\u2019da 1969 y\u0131l\u0131nda d\u00f6nemin dikta rejiminin kararnamesiyle kurulmu\u015f \u00f6zel bir polis birli\u011fidir.<\/p>\n<p style=\"text-align: justify;\">Askeri Polis\u2019in Sao Paolo ve di\u011fer eyaletlerdeki \u015fiddeti, bu kurumun ne i\u015fe yarad\u0131\u011f\u0131n\u0131 bir kez daha g\u00f6zler \u00f6n\u00fcne serdi: t\u0131pk\u0131 siyah gen\u00e7li\u011fin gecekondularda yapt\u0131\u011f\u0131 g\u00f6sterilerde oldu\u011fu gibi, haklar\u0131 i\u00e7n m\u00fccadele eden gen\u00e7li\u011fi bast\u0131rmak. Bu Askeri Polis\u2019in acilen la\u011fvedilmesi gereklili\u011fini bir kez daha g\u00f6sterdi.<\/p>\n<p style=\"text-align: justify;\">Bug\u00fcn onlarca \u015fehirde g\u00f6steriler devam ediyor. 20 Haziran Per\u015fembe g\u00fcn\u00fc yurt \u00e7ap\u0131nda direni\u015f g\u00fcn\u00fc ilan edildi.<\/p>\n<p style=\"text-align: justify;\">\u00c7a\u011fr\u0131m\u0131z \u015fudur: \u00d6nceki ba\u015fkan Gilberto Kassab\u2019\u0131n \u015fehri i\u00e7ine soktu\u011fu kaos ve zul\u00fcm ortam\u0131ndan kurtarmas\u0131 i\u00e7in se\u00e7ilen Sao Paolo Belediye Ba\u015fkan\u0131 Fernando Haddad hareketin taleplerini yerine getirmelidir!<\/p>\n<p style=\"text-align: justify;\">T\u00fcm \u015fehirlerde, valileri ve belediye ba\u015fkanlar\u0131n\u0131 hangi partilerden olurlarsa olsunlar toplu ta\u015f\u0131ma fiyatlar\u0131n\u0131 indirmeye \u00e7a\u011f\u0131rmal\u0131y\u0131z. Porto Alegre, Goi\u00e2nia ve di\u011fer \u015fehirlerde g\u00f6steriler sonras\u0131nda bu ba\u015far\u0131lm\u0131\u015f durumda. E\u011fer valiler ve belediye ba\u015fkanlar\u0131 bunun mali olarak m\u00fcmk\u00fcn olmad\u0131\u011f\u0131n\u0131 iddia ederlerse, Ba\u015fkan Dilma, zamlar\u0131n geri al\u0131nmas\u0131 ve fiyatlar\u0131n d\u00fc\u015f\u00fcr\u00fclmesi i\u00e7in acil bir ulusal plan y\u00fcr\u00fcrl\u00fc\u011fe koymal\u0131d\u0131r.<\/p>\n<p style=\"text-align: justify;\">Taleplerimizin ger\u00e7ekle\u015ftirilmesi i\u00e7in, m\u00fcmk\u00fcn olan en geni\u015f gen\u00e7lik dayan\u0131\u015fmas\u0131na ihtiyac\u0131m\u0131z var. T\u00fcm gen\u00e7li\u011fin ve e\u011filimleri ve siyasetleri ne olursa olsun, siyasi veya sivil toplum tabanl\u0131 t\u00fcm gen\u00e7lik \u00f6rg\u00fctlerinin bu birli\u011fe destek vermesi ve hareketin temelini olu\u015fturan fiyatlar\u0131n d\u00fc\u015f\u00fcr\u00fclmesi talebi etraf\u0131nda birle\u015fmesi gerekiyor.<\/p>\n<p style=\"text-align: justify;\">G\u00f6sterilerin i\u00e7-\u00f6rg\u00fctlenmesinin sa\u011flanmas\u0131 gerekmektedir. Ba\u015fta Sao Paolo olmak \u00fczere her kentte, kitlesel gen\u00e7lik meclisleri ve komiteleri olu\u015fturulmal\u0131d\u0131r. Bu \u00f6rg\u00fctlenmeler akademisyen sendikalar\u0131, \u00f6\u011frenci sendikalar\u0131, di\u011fer siyasal \u00f6rg\u00fctler, MPL gibi gen\u00e7lik hareketleri ve hip-hop gruplar\u0131 gibi geni\u015f bir yelpazeye yay\u0131lan gen\u00e7lik \u00f6rg\u00fctlerini b\u00fcnyesinde toplamal\u0131d\u0131r. Hep birlikte kitlesel eylemliliklerin \u015fekline ve ve \u00f6rg\u00fctlenmemizin karakterine demokratik bir \u015fekilde topluca karar vermemiz gerekiyor. Kendinden menkul liderlerin ve bir tak\u0131m merciler taraf\u0131ndan atanan s\u00f6z\u00fcm ona liderlerin, kendilerini hareketin yerine koymas\u0131n\u0131n \u00f6n\u00fcne ge\u00e7ilmelidir.<\/p>\n<p style=\"text-align: justify;\">Kitlesel protesto \u00f6rg\u00fctlenme gerektirir. Hareketin d\u0131\u015f\u0131nda veya polisten gelebilecek provokasyonlara kar\u015f\u0131 en iyi savunma hareketin kendi i\u00e7 \u00f6rg\u00fctlenmesini ger\u00e7ekle\u015ftirmesidir. Bas\u0131nda yerald\u0131\u011f\u0131 \u00fczere, polisle i\u015fbirli\u011fi yapan ve polise baz\u0131 bir tak\u0131m g\u00f6r\u00fcnt\u00fcleri verenlere kar\u015f\u0131 g\u00f6stericilerin g\u00fcvenli\u011fi ancak bu \u015fekilde sa\u011flanabilir (O Estado de S\u00e3o Paulo, Haziran 16).<\/p>\n<p style=\"text-align: justify;\">Toplu ta\u015f\u0131mayla ilgili talepler etraf\u0131nda g\u00fc\u00e7l\u00fc bir hareket ortaya \u00e7\u0131kt\u0131. Ancak bu m\u00fccadelenin devam ettirilmesiyle gen\u00e7lik i\u00e7in \u00fccretsiz seyahat hakk\u0131n\u0131 ve t\u00fcm toplu ta\u015f\u0131man\u0131n millile\u015ftirilmesini kazanabiliriz.<\/p>\n<p style=\"text-align: justify;\">Zafer i\u00e7in birlik ve \u00f6rg\u00fctlenme vaktidir!<\/p>\n<ul>\n<li>Bask\u0131lara son! Hapishaneleri kapat\u0131n!<\/li>\n<li>Toplu ta\u015f\u0131ma zamlar\u0131 geri al\u0131ns\u0131n!<\/li>\n<li>Gen\u00e7li\u011fe \u00fccretsiz seyahat!<\/li>\n<li>Askeri polis la\u011fvedilsin!<\/li>\n<\/ul>\n","protected":false},"excerpt":{"rendered":"<p>&#8212; Brezilya Devrimci Gen\u00e7lik (Juventude Revolucao) Ulusal Konseyi (Devrimci Gen\u00e7lik Enternasyonali Brezilya Seksiyonu)<\/p>\n<h1 style=\"text-align: justify;\">Toplu ta\u015f\u0131ma fiyat art\u0131\u015flar\u0131na kar\u015f\u0131 birlik ve demokrasi<\/h1>\n<p style=\"text-align: justify;\">Son g\u00fcnlerde binlerce ve binlerce gen\u00e7, kitlesel g\u00f6sterilerle Brezilya\u2019n\u0131n bir\u00e7ok \u015fehrinin sokaklar\u0131n\u0131 doldurdu. Bu protesto dalgas\u0131 \u00f6nemli bir ad\u0131m. Art\u0131k gen\u00e7lik, tek amac\u0131 toplumun s\u0131rt\u0131ndan karl\u0131l\u0131\u011f\u0131n\u0131 art\u0131rmak olan m\u00fcte\u015febbis mafyas\u0131 taraf\u0131ndan i\u015fletilen, pespaye, pahal\u0131 ve g\u00fcvensiz bir toplu ta\u015f\u0131ma sistemine tahamm\u00fcl etmeyece\u011fini g\u00f6sterdi.<\/p>\n<p style=\"text-align: justify;\">Bu y\u00fczden gen\u00e7lik bug\u00fcn bilet fiyatlar\u0131n\u0131n derhal d\u00fc\u015f\u00fcr\u00fclmesini talep ediyor. Bu gen\u00e7li\u011fin ayd\u0131nl\u0131k bir gelecek i\u00e7in m\u00fccadele etmeye olan kararl\u0131\u011f\u0131n\u0131 g\u00f6steriyor. Gen\u00e7li\u011fin haklar\u0131 i\u00e7in sava\u015fan Juventude Revolu\u00e7\u00e3o da bu m\u00fccadelenin bir par\u00e7as\u0131d\u0131r.<\/p>\n<p style=\"text-align: justify;\">Sao Paolo\u2019da g\u00f6steri yapan binlerce gence, polis Sao Paolo Eyaleti valisi Geraldo Alckmim\u2019in (PSDB) emirleri do\u011frultusunda vah\u015fice sald\u0131rd\u0131. Bir\u00e7oklar\u0131 g\u00f6z alt\u0131na al\u0131nd\u0131. Bu olay, gen\u00e7li\u011fin t\u00fcm \u00fclke \u00e7ap\u0131nda Askeri Polis\u2019in \u015fiddetine kar\u015f\u0131 sokaklara d\u00f6k\u00fclmesine yol a\u00e7t\u0131. Askeri Polis, Brezilya\u2019da 1969 y\u0131l\u0131nda d\u00f6nemin dikta rejiminin kararnamesiyle kurulmu\u015f \u00f6zel bir polis birli\u011fidir.<\/p>\n<p style=\"text-align: justify;\">Askeri Polis\u2019in Sao Paolo ve di\u011fer eyaletlerdeki \u015fiddeti, bu kurumun ne i\u015fe yarad\u0131\u011f\u0131n\u0131 bir kez daha g\u00f6zler \u00f6n\u00fcne serdi: t\u0131pk\u0131 siyah gen\u00e7li\u011fin gecekondularda yapt\u0131\u011f\u0131 g\u00f6sterilerde oldu\u011fu gibi, haklar\u0131 i\u00e7n m\u00fccadele eden gen\u00e7li\u011fi bast\u0131rmak. Bu Askeri Polis\u2019in acilen la\u011fvedilmesi gereklili\u011fini bir kez daha g\u00f6sterdi.<\/p>\n","protected":false},"author":1,"featured_media":0,"comment_status":"open","ping_status":"open","sticky":false,"template":"","format":"standard","meta":{"footnotes":""},"categories":[50],"tags":[68,69,71,70,53],"class_list":["post-269","post","type-post","status-publish","format-standard","hentry","category-c44-bildiriler","tag-brezilya","tag-devrimci-genclik-enternasyonali","tag-irj","tag-juventude-revolucao","tag-onsayfa"],"_links":{"self":[{"href":"https:\/\/pgbsosyalizm.org\/index.php?rest_route=\/wp\/v2\/posts\/269","targetHints":{"allow":["GET"]}}],"collection":[{"href":"https:\/\/pgbsosyalizm.org\/index.php?rest_route=\/wp\/v2\/posts"}],"about":[{"href":"https:\/\/pgbsosyalizm.org\/index.php?rest_route=\/wp\/v2\/types\/post"}],"author":[{"embeddable":true,"href":"https:\/\/pgbsosyalizm.org\/index.php?rest_route=\/wp\/v2\/users\/1"}],"replies":[{"embeddable":true,"href":"https:\/\/pgbsosyalizm.org\/index.php?rest_route=%2Fwp%2Fv2%2Fcomments&post=269"}],"version-history":[{"count":9,"href":"https:\/\/pgbsosyalizm.org\/index.php?rest_route=\/wp\/v2\/posts\/269\/revisions"}],"predecessor-version":[{"id":698,"href":"https:\/\/pgbsosyalizm.org\/index.php?rest_route=\/wp\/v2\/posts\/269\/revisions\/698"}],"wp:attachment":[{"href":"https:\/\/pgbsosyalizm.org\/index.php?rest_route=%2Fwp%2Fv2%2Fmedia&parent=269"}],"wp:term":[{"taxonomy":"category","embeddable":true,"href":"https:\/\/pgbsosyalizm.org\/index.php?rest_route=%2Fwp%2Fv2%2Fcategories&post=269"},{"taxonomy":"post_tag","embeddable":true,"href":"https:\/\/pgbsosyalizm.org\/index.php?rest_route=%2Fwp%2Fv2%2Ftags&post=269"}],"curies":[{"name":"wp","href":"https:\/\/api.w.org\/{rel}","templated":true}]}}