{"id":270,"date":"2013-07-13T22:00:00","date_gmt":"2013-07-13T20:00:00","guid":{"rendered":"http:\/\/pgbsosyalizm.org\/yenicms\/?p=270"},"modified":"2014-06-10T21:54:05","modified_gmt":"2014-06-10T19:54:05","slug":"kpnin-gezi-direniiyle-ilgili-bildirileri","status":"publish","type":"post","link":"https:\/\/pgbsosyalizm.org\/?p=270","title":{"rendered":"\u0130KP&#8217;nin Gezi Direni\u015fi ile \u0130lgili Bildirileri"},"content":{"rendered":"<p>\u0130\u00e7inde m\u00fccadele verdi\u011fimiz <a href=\"https:\/\/iscikardesligi.org\/\">\u0130\u015f\u00e7i Karde\u015fli\u011fi Partisi<\/a>&#8216;nin (\u0130KP) Gezi Direni\u015fi \u00fczerine bildirilerine a\u015fa\u011f\u0131daki ba\u011flant\u0131lardan ula\u015fabilirsiniz:<\/p>\n<p><a href=\"https:\/\/iscikardesligi.org\/hava-dondu-halktan-genclikten-ve-isciden-yana-esiyor-yel\/\">Hava D\u00f6nd\u00fc; Halktan, Gen\u00e7likten ve \u0130\u015f\u00e7iden Yana Esiyor Yel!<\/a>, 8 Haziran 2013<\/p>\n<p><a href=\"https:\/\/iscikardesligi.org\/sosyalist-demokrasi-partisine-sdp-yapilan-operasyonu-kiniyoruz\/\">Sosyalist Demokrasi Partisi\u2019ne (SDP) Yap\u0131lan Operasyonu \u015eiddetle K\u0131n\u0131yoruz!<\/a>, 13 Haziran 2013<\/p>\n<p><a href=\"https:\/\/iscikardesligi.org\/ezilenlerin-sosyalist-partisine-esp-duzenlenen-baskini-siddetle-kiniyoruz\/\">Ezilenlerin Sosyalist Partisi\u2019ne (ESP) D\u00fczenlenen Bask\u0131n\u0131 \u015eiddetle K\u0131n\u0131yoruz!<\/a>, 19 Haziran 2013<\/p>\n<p><a href=\"https:\/\/iscikardesligi.org\/akp-bir-savas-hukumetidir-baris-ekmek-ve-ozgurluk-icin-egemen-bir-kurucu-meclis-cagrisi\/\">AKP bir sava\u015f h\u00fck\u00fcmetidir! Bar\u0131\u015f, Ekmek ve \u00d6zg\u00fcrl\u00fck i\u00e7in Egemen bir KURUCU MECL\u0130S \u00c7a\u011fr\u0131s\u0131<\/a>, 20 Haziran 2013<!--more--><\/p>\n<p>#direngezi #direnlice !<\/p>\n","protected":false},"excerpt":{"rendered":"<p>\u0130\u00e7inde m\u00fccadele verdi\u011fimiz \u0130\u015f\u00e7i Karde\u015fli\u011fi Partisi&#8216;nin (\u0130KP) Gezi Direni\u015fi \u00fczerine bildirilerine a\u015fa\u011f\u0131daki ba\u011flant\u0131lardan ula\u015fabilirsiniz: Hava D\u00f6nd\u00fc; Halktan, Gen\u00e7likten ve \u0130\u015f\u00e7iden Yana Esiyor Yel!, 8 Haziran 2013 Sosyalist Demokrasi Partisi\u2019ne (SDP) Yap\u0131lan Operasyonu \u015eiddetle K\u0131n\u0131yoruz!, 13 Haziran 2013 Ezilenlerin Sosyalist Partisi\u2019ne (ESP) D\u00fczenlenen Bask\u0131n\u0131 \u015eiddetle K\u0131n\u0131yoruz!, 19 Haziran 2013 AKP bir sava\u015f h\u00fck\u00fcmetidir! Bar\u0131\u015f, Ekmek ve [&hellip;]<\/p>\n","protected":false},"author":1,"featured_media":0,"comment_status":"open","ping_status":"open","sticky":false,"template":"","format":"standard","meta":{"footnotes":""},"categories":[50],"tags":[63,60,65,66,64,53,62],"class_list":["post-270","post","type-post","status-publish","format-standard","hentry","category-c44-bildiriler","tag-gezi-direnisi","tag-haziran-ayaklanmasi","tag-ikp","tag-isci-kardesligi","tag-kurucu-meclis","tag-onsayfa","tag-turkiye"],"_links":{"self":[{"href":"https:\/\/pgbsosyalizm.org\/index.php?rest_route=\/wp\/v2\/posts\/270","targetHints":{"allow":["GET"]}}],"collection":[{"href":"https:\/\/pgbsosyalizm.org\/index.php?rest_route=\/wp\/v2\/posts"}],"about":[{"href":"https:\/\/pgbsosyalizm.org\/index.php?rest_route=\/wp\/v2\/types\/post"}],"author":[{"embeddable":true,"href":"https:\/\/pgbsosyalizm.org\/index.php?rest_route=\/wp\/v2\/users\/1"}],"replies":[{"embeddable":true,"href":"https:\/\/pgbsosyalizm.org\/index.php?rest_route=%2Fwp%2Fv2%2Fcomments&post=270"}],"version-history":[{"count":7,"href":"https:\/\/pgbsosyalizm.org\/index.php?rest_route=\/wp\/v2\/posts\/270\/revisions"}],"predecessor-version":[{"id":548,"href":"https:\/\/pgbsosyalizm.org\/index.php?rest_route=\/wp\/v2\/posts\/270\/revisions\/548"}],"wp:attachment":[{"href":"https:\/\/pgbsosyalizm.org\/index.php?rest_route=%2Fwp%2Fv2%2Fmedia&parent=270"}],"wp:term":[{"taxonomy":"category","embeddable":true,"href":"https:\/\/pgbsosyalizm.org\/index.php?rest_route=%2Fwp%2Fv2%2Fcategories&post=270"},{"taxonomy":"post_tag","embeddable":true,"href":"https:\/\/pgbsosyalizm.org\/index.php?rest_route=%2Fwp%2Fv2%2Ftags&post=270"}],"curies":[{"name":"wp","href":"https:\/\/api.w.org\/{rel}","templated":true}]}}