{"id":272,"date":"2013-04-27T22:00:00","date_gmt":"2013-04-27T20:00:00","guid":{"rendered":"http:\/\/pgbsosyalizm.org\/yenicms\/?p=272"},"modified":"2014-06-07T22:31:27","modified_gmt":"2014-06-07T20:31:27","slug":"iv-enternasyonal-8-duenya-kongresinden-msrl-delegeyle-roeportaj","status":"publish","type":"post","link":"https:\/\/pgbsosyalizm.org\/?p=272","title":{"rendered":"IV. Enternasyonal 8. D\u00fcnya Kongresi\u2019ne davetli olarak kat\u0131lan M\u0131s\u0131r temsilcisiyle r\u00f6portaj"},"content":{"rendered":"<p>IV. Enternasyonal 8. D\u00fcnya Kongresi&#8217;ne davetli olarak kat\u0131lan Zeyna ile \u00fclkesindeki mevcut durumu konu\u015ftuk.<\/p>\n<p><strong>\u0130sminizi ve g\u00f6revinizi \u00f6\u011frenebilir miyim?<\/strong><\/p>\n<p>Ad\u0131m Zeyna. Tur rehberli\u011fi yap\u0131yorum. Devrimci gen\u00e7 insanlar\u0131n bir par\u00e7as\u0131y\u0131m.<!--more--><\/p>\n<p><strong>Konu\u015fman\u0131zda Tunus\u2019ta \u015e\u00fckr\u00fc Belaid\u2019in \u00f6ld\u00fcr\u00fclmesi gibi h\u00fck\u00fcmetin cinayetlerinden bahsettiniz.<\/strong><\/p>\n<p>S\u00f6yledi\u011fim gibi bu M\u0131s\u0131r\u2019da Tunus\u2019ta ger\u00e7ekle\u015fmeden \u00e7ok \u00f6nce, yeni ba\u015fkan Mursi g\u00f6reve geldikten be\u015f ay sonra ba\u015flad\u0131. 17 ya\u015f\u0131nda gen\u00e7 bir erkekti. Asl\u0131nda bu gen\u00e7, M\u00fcbarek\u2019in eski ba\u015fbakan\u0131n\u0131n (Ahmed \u015eerif) ba\u015fkan adayl\u0131\u011f\u0131nda temsil olan eski rejim ve Mursi aras\u0131nda se\u00e7im yapmam\u0131z gerekti\u011fi zamanlarda M\u00fcsl\u00fcman Karde\u015fler\u2019i destekliyordu. Bir\u00e7ok gen\u00e7 insan M\u00fcsl\u00fcman Karde\u015fler\u2019in Tahrir Meydan\u0131\u2019nda onlarla beraber oldu\u011fu i\u00e7in onlara olumlu bak\u0131yorlard\u0131. \u00d6zellikle gen\u00e7ler belki de Mursi\u2019nin belki de daha iyi olaca\u011f\u0131n\u0131 d\u00fc\u015f\u00fcnerek Mursi\u2019ye oy verdi. Hepsinden \u00f6nemlisi, tabii ki devrim s\u00fcresince ya\u015fanan cinayetler ve \u00e7at\u0131\u015fmalardan sorumlu olan M\u00fcbarek\u2019in ba\u015fbakan\u0131 \u015eerif\u2019i desteklemeyi bir alternatif olarak d\u00fc\u015f\u00fcnemezlerdi. Sonu\u00e7 olarak bir gen\u00e7 \u00f6ld\u00fc. Kendisi asl\u0131nda Mursi\u2019nin grubundand\u0131, Mursi\u2019nin se\u00e7im zaferi kutlamalar\u0131ndan foto\u011fraflar\u0131 vard\u0131 ve ilk \u00f6ld\u00fcr\u00fclen ki\u015fiydi. Bununla beraber bir dizi suikast, ka\u00e7\u0131rma ya da sadece kaybolma gibi olaylar ya\u015fand\u0131. Kendisine ula\u015f\u0131p bulamad\u0131\u011f\u0131m\u0131z baz\u0131 gen\u00e7ler var. Ayn\u0131 \u015fekilde i\u015fkenceler de ya\u015fand\u0131.<\/p>\n<p>Ge\u00e7en Cuma M\u00fcsl\u00fcman Karde\u015fler\u2019in \u00f6rg\u00fctledi\u011fi bir g\u00f6steri vard\u0131. S\u00f6zde bar\u0131\u015f\u00e7\u0131l olmas\u0131 gereken bu g\u00f6sterilerde insanlar\u0131n nas\u0131l silahlar donand\u0131\u011f\u0131na inanamazs\u0131n\u0131z. Ayr\u0131ca g\u00f6steride sadece erkekleri g\u00f6rd\u00fck ve bu g\u00f6sterinin sadece erkeklerin oldu\u011fu mesaj\u0131n\u0131 ald\u0131k. Sopalar, silahlar, plastik mermi ve Molotof kokteyli gibi k\u00fc\u00e7\u00fck silahlarla donanm\u0131\u015flard\u0131. Polis tabii M\u00fcsl\u00fcman Karde\u015fler\u2019in taraf\u0131nda yer ald\u0131, ona ba\u011fl\u0131 hakimler de \u00f6yle. Dolay\u0131s\u0131yla M\u00fcsl\u00fcman Karde\u015fler olduk\u00e7a \u015fiddetliydi. \u00c7\u00fcnk\u00fc durumlar olduk\u00e7a sallant\u0131dayd\u0131 ve olduk\u00e7a k\u00f6t\u00fc kritik bir d\u00f6nemdi. Halk halen \u00e7ok \u00f6fkeli. Ve \u00e7ok say\u0131da gen\u00e7 hedef se\u00e7ildi. \u00d6zellikle 20 bin \u00fcyesi olan, aktif ve g\u00f6sterilere \u00e7a\u011fr\u0131 yapan b\u00fcy\u00fck Facebook sayfalar\u0131 hedef se\u00e7ildi. O sayfalar\u0131 y\u00f6neten \u00f6zellikle de hakk\u0131nda konu\u015fulan iki gen\u00e7 \u00f6ld\u00fcr\u00fcld\u00fc. \u00c7\u00fcnk\u00fc bu gen\u00e7lerin iki b\u00fcy\u00fck Facebook sayfalar\u0131 vard\u0131. Birisi M\u00fcsl\u00fcman Karde\u015fler kar\u015f\u0131t\u0131 bir \u00e7a\u011fr\u0131 yapm\u0131\u015f di\u011feri ise M\u00fcsl\u00fcman Karde\u015fler\u2019in yalanc\u0131 oldu\u011funu s\u00f6ylemi\u015fti. Bu iki sayfan\u0131n y\u00f6neticisi bu iki gen\u00e7 \u00f6ld\u00fcr\u00fcld\u00fc. Halen tutuklanan gen\u00e7ler var. Gecenin bir yar\u0131s\u0131 evlerinden al\u0131n\u0131yorlar. E\u011fer arad\u0131klar\u0131 ki\u015fiyi bulam\u0131yorlarsa abisini, babas\u0131n\u0131 al\u0131yorlar. Sonu\u00e7 olarak bu militanlar\u0131n takibi ba\u015flad\u0131.<\/p>\n<p><strong>Bir\u00e7ok yeni sendikan\u0131n kuruldu\u011funu biliyoruz. Onlar \u00fczerinde de bir bask\u0131 var m\u0131?<\/strong><\/p>\n<p>Sorun h\u00fck\u00fcmetin sendikalara kar\u015f\u0131 hep sa\u011f\u0131r olmas\u0131. T\u0131pk\u0131 M\u00fcbarek gibi duymuyorlar. M\u00fcbarek\u2019in kendisi de sa\u011f\u0131rd\u0131. O \u015f\u00f6yle davran\u0131yordu: \u201cha ne dediniz?\u201d Bu h\u00fck\u00fcmet de ger\u00e7ekten ayn\u0131 politikay\u0131 s\u00fcrd\u00fcr\u00fcyor. Tamam, protesto edin. \u00c7\u00f6p i\u015f\u00e7ileri i\u00e7in, tesisat\u00e7\u0131lar i\u00e7in vs. ba\u011f\u0131ms\u0131z sendika kurun. Tamam, kurun ama talepleriniz umurumuzda de\u011fil, cehenneme kadar yolunuz var. Protesto etmek istiyorsunuz, protesto edin. Meydana geldi\u011finizde sa\u011f\u0131r gibi davran\u0131yorlar. Var oldu\u011funuzu ink\u00e2r ediyorlar.<\/p>\n<p><strong>M\u0131s\u0131r devriminin devam etti\u011fini hep s\u00f6yl\u00fcyorsunuz. \u00d6n\u00fcm\u00fczdeki aylarda m\u00fccadelenin tan\u0131mlay\u0131c\u0131 noktalar\u0131 neler olacak?<\/strong><\/p>\n<p>\u00d6n\u00fcm\u00fczdeki aylarda muhtemelen ekonomi daha da k\u00f6t\u00fcye gidecek, bu b\u00fcy\u00fck bir sorun. Mursi\u2019den IMF\u2019den ald\u0131\u011f\u0131 kredi nedeniyle fiyatlar artt\u0131. Ayn\u0131 zamanda bir parlamento se\u00e7imi olmad\u0131\u011f\u0131 m\u00fcddet\u00e7e ABD Mursi\u2019ye para vermeyecek. Ve pek \u00e7o\u011fumuz parlamento se\u00e7imlerini istiyoruz \u00e7\u00fcnk\u00fc bunun nas\u0131l ger\u00e7ekle\u015fece\u011fini biliyoruz. Bu da b\u00fcy\u00fck bir sorun. Ayn\u0131 zamanda M\u00fcsl\u00fcman Karde\u015fler\u2019in bir\u00e7o\u011fumuzu tutuklamas\u0131 da bir sorun. Ek olarak \u015fu anda M\u00fcsl\u00fcman Karde\u015fler yarg\u0131 erkiyle bir m\u00fccadele i\u00e7inde. B\u00fct\u00fcn iyi hakimlerden kurtulmak istiyorlar. \u00c7\u00fcnk\u00fc asl\u0131nda Mursi hapiste olmal\u0131yd\u0131, devrim s\u0131ras\u0131nda hapisteydi, aleyhine y\u00fcr\u00fcyen bir dava vard\u0131 ve ka\u00e7t\u0131. Mursi asl\u0131nda kendi davas\u0131n\u0131 y\u00fcr\u00fcten hakimlerden kurtulmak istiyor ve hakim olma ya\u015f\u0131n\u0131 d\u00fc\u015f\u00fcrmek istiyor. 50 ya\u015f\u0131ndan k\u00fc\u00e7\u00fck olmas\u0131n\u0131 istiyorlar ki b\u00f6ylece baz\u0131 iyi hakimlerden kurtulsunlar ve yerlerine kendi hakimlerini ge\u00e7irsinler.<\/p>\n<p><strong>Yani zorunlu emekliye ayr\u0131lma ya\u015f\u0131 m\u0131 getiriyorlar?<\/strong><\/p>\n<p>Evet, ge\u00e7en Cuma Y\u00fcksek Mahkeme \u00f6n\u00fcnde ger\u00e7ekle\u015fen protesto g\u00f6sterisi bunun i\u00e7indi. Pek \u00e7ok sorun var. Bence yak\u0131nda herkes yeniden sokaklara d\u00f6necek, \u00f6zellikle de bu fiyatlarla. \u0130nsanlar a\u00e7l\u0131ktan \u00f6l\u00fcyor. A\u00e7l\u0131k grevleri ve a\u00e7l\u0131k protestolar\u0131 oluyor. Halk a\u00e7 ve yoksul. \u015eu anda yakla\u015f\u0131k 27 milyon i\u015fsiz var. Bunlar\u0131n 10 milyonu turizm i\u015fleriyle ba\u011flant\u0131l\u0131. \u00dclkenin d\u00f6viz rezervleri devrim \u00f6ncesinin \u00fc\u00e7te biri seviyesine d\u00fc\u015fm\u00fc\u015f durumda. Bu parayla gaz, bu\u011fday vs. ithal ediliyor. Sonu\u00e7 olarak bu durum b\u00fct\u00fcn harcamalar\u0131 ve yeni b\u00fct\u00e7eyi etkileyecek. \u00d6n\u00fcm\u00fczdeki y\u0131l sa\u011fl\u0131k hizmetlerini, e\u011fitimi, kad\u0131nlar\u0131n ihtiya\u00e7lar\u0131n\u0131, her \u015feyi k\u0131smal\u0131y\u0131z. Bu t\u0131pk\u0131 ger\u00e7ek bir kemer s\u0131kma gibi. Biz s\u00fcrekli kemer s\u0131kma planlar\u0131 alt\u0131nda ya\u015f\u0131yoruz. Kemer s\u0131kma bizim M\u0131s\u0131r\u2019daki ya\u015fama bi\u00e7imimiz.<\/p>\n<p>Ancak benim h\u00e2l\u00e2 gen\u00e7lerden umudum var. Her ne kadar bu devrim bar\u0131\u015f\u00e7\u0131l bir yolda ba\u015flad\u0131ysa da gittik\u00e7e daha da sertle\u015fti fakat ben buna sert demiyorum, direnme diyorum. \u00c7\u00fcnk\u00fc bu insanlar\u0131n M\u00fcsl\u00fcman Karde\u015fler\u2019in binalar\u0131n\u0131 yakmas\u0131 M\u00fcbarek\u2019in partisi NDP\u2019ye kar\u015f\u0131 devrimin \u00fc\u00e7\u00fcnc\u00fc g\u00fcn\u00fcnde \u2013 \u00d6fke G\u00fcn\u00fc \u2013 yap\u0131lanlar gibi. Bu \u015feytanl\u0131\u011f\u0131n ta kendisi. Adalet yok, arkada\u015flar\u0131m\u0131z \u00f6ld\u00fcr\u00fcld\u00fc. Baz\u0131 arkada\u015flar\u0131m\u0131z g\u00f6rme yetisini kaybetti. Ama hi\u00e7bir \u015fey olmad\u0131. Sonu\u00e7 olarak onlar adaleti kendileri sa\u011flamak zorunda. M\u00fcsl\u00fcman Karde\u015fler\u2019in i\u015fletmelerini kar\u015f\u0131 boykot ba\u015flad\u0131. \u00d6yle ki baz\u0131lar\u0131 restoran baz\u0131lar\u0131 s\u00fcpermarket sahibi. Bir boykot kampanyam\u0131z var. Onlardan bir \u015fey alm\u0131yoruz, onlar\u0131n restoranlar\u0131ndan yemek yemiyoruz. Bu ayr\u0131m ayn\u0131 zamanda internet \u00fczerinden protestolar yaratabilir. ABD resmi internet sitesine 30\u201340 bin ki\u015fi ayn\u0131 anda giri\u015f yap\u0131p Obama kar\u015f\u0131t\u0131 ayn\u0131 mesaj\u0131 g\u00f6nderebiliriz. Bu olduk\u00e7a yarat\u0131c\u0131 bir protesto. Ayn\u0131 zamanda bu insanlar \u00e7ok cesur. \u00d6zellikle de bu insanlar \u00e7ok gen\u00e7ler, hi\u00e7 k\u00f6lele\u015ftirilmemi\u015fler, i\u015fsizler. Hi\u00e7bir zaman \u00fccretli k\u00f6le olmam\u0131\u015flar, olduk\u00e7a \u00f6zg\u00fcrler, \u00f6zg\u00fcr ruhlar\u0131 var. \u00d6zellikle arkada\u015flar\u0131n\u0131n kendi g\u00f6zleri \u00f6n\u00fcnde \u00f6ld\u00fc\u011f\u00fcn\u00fc g\u00f6rd\u00fcler. \u015eimdi de diyorlar ki: ya arkada\u015flar\u0131ma cennette kavu\u015faca\u011f\u0131m ya da ya\u015fayamayaca\u011f\u0131m, devam etmek zorunday\u0131m, ba\u015fka bir se\u00e7enek yok.<\/p>\n","protected":false},"excerpt":{"rendered":"<p>IV. Enternasyonal 8. D\u00fcnya Kongresi&#8217;ne davetli olarak kat\u0131lan Zeyna ile \u00fclkesindeki mevcut durumu konu\u015ftuk.<\/p>\n<p><strong>\u0130sminizi ve g\u00f6revinizi \u00f6\u011frenebilir miyim?<\/strong><\/p>\n<p>Ad\u0131m Zeyna. Tur rehberli\u011fi yap\u0131yorum. Devrimci gen\u00e7 insanlar\u0131n bir par\u00e7as\u0131y\u0131m.<\/p>\n<p><strong>Konu\u015fman\u0131zda Tunus\u2019ta \u015e\u00fckr\u00fc Belaid\u2019in \u00f6ld\u00fcr\u00fclmesi gibi h\u00fck\u00fcmetin cinayetlerinden bahsettiniz.<\/strong><\/p>\n<p>S\u00f6yledi\u011fim gibi bu M\u0131s\u0131r\u2019da Tunus\u2019ta ger\u00e7ekle\u015fmeden \u00e7ok \u00f6nce, yeni ba\u015fkan Mursi g\u00f6reve geldikten be\u015f ay sonra ba\u015flad\u0131. 17 ya\u015f\u0131nda gen\u00e7 bir erkekti. Asl\u0131nda bu gen\u00e7, M\u00fcbarek\u2019in eski ba\u015fbakan\u0131n\u0131n (Ahmed \u015eerif) ba\u015fkan adayl\u0131\u011f\u0131nda temsil olan eski rejim ve Mursi aras\u0131nda se\u00e7im yapmam\u0131z gerekti\u011fi zamanlarda M\u00fcsl\u00fcman Karde\u015fler\u2019i destekliyordu. Bir\u00e7ok gen\u00e7 insan M\u00fcsl\u00fcman Karde\u015fler\u2019in Tahrir Meydan\u0131\u2019nda onlarla beraber oldu\u011fu i\u00e7in onlara olumlu bak\u0131yorlard\u0131. \u00d6zellikle gen\u00e7ler belki de Mursi\u2019nin belki de daha iyi olaca\u011f\u0131n\u0131 d\u00fc\u015f\u00fcnerek Mursi\u2019ye oy verdi. Hepsinden \u00f6nemlisi, tabii ki devrim s\u00fcresince ya\u015fanan cinayetler ve \u00e7at\u0131\u015fmalardan sorumlu olan M\u00fcbarek\u2019in ba\u015fbakan\u0131 \u015eerif\u2019i desteklemeyi bir alternatif olarak d\u00fc\u015f\u00fcnemezlerdi. Sonu\u00e7 olarak bir gen\u00e7 \u00f6ld\u00fc. Kendisi asl\u0131nda Mursi\u2019nin grubundand\u0131, Mursi\u2019nin se\u00e7im zaferi kutlamalar\u0131ndan foto\u011fraflar\u0131 vard\u0131 ve ilk \u00f6ld\u00fcr\u00fclen ki\u015fiydi. Bununla beraber bir dizi suikast, ka\u00e7\u0131rma ya da sadece kaybolma gibi olaylar ya\u015fand\u0131. Kendisine ula\u015f\u0131p bulamad\u0131\u011f\u0131m\u0131z baz\u0131 gen\u00e7ler var. Ayn\u0131 \u015fekilde i\u015fkenceler de ya\u015fand\u0131.<\/p>\n","protected":false},"author":1,"featured_media":0,"comment_status":"open","ping_status":"open","sticky":false,"template":"","format":"standard","meta":{"footnotes":""},"categories":[50],"tags":[53],"class_list":["post-272","post","type-post","status-publish","format-standard","hentry","category-c44-bildiriler","tag-onsayfa"],"_links":{"self":[{"href":"https:\/\/pgbsosyalizm.org\/index.php?rest_route=\/wp\/v2\/posts\/272","targetHints":{"allow":["GET"]}}],"collection":[{"href":"https:\/\/pgbsosyalizm.org\/index.php?rest_route=\/wp\/v2\/posts"}],"about":[{"href":"https:\/\/pgbsosyalizm.org\/index.php?rest_route=\/wp\/v2\/types\/post"}],"author":[{"embeddable":true,"href":"https:\/\/pgbsosyalizm.org\/index.php?rest_route=\/wp\/v2\/users\/1"}],"replies":[{"embeddable":true,"href":"https:\/\/pgbsosyalizm.org\/index.php?rest_route=%2Fwp%2Fv2%2Fcomments&post=272"}],"version-history":[{"count":2,"href":"https:\/\/pgbsosyalizm.org\/index.php?rest_route=\/wp\/v2\/posts\/272\/revisions"}],"predecessor-version":[{"id":563,"href":"https:\/\/pgbsosyalizm.org\/index.php?rest_route=\/wp\/v2\/posts\/272\/revisions\/563"}],"wp:attachment":[{"href":"https:\/\/pgbsosyalizm.org\/index.php?rest_route=%2Fwp%2Fv2%2Fmedia&parent=272"}],"wp:term":[{"taxonomy":"category","embeddable":true,"href":"https:\/\/pgbsosyalizm.org\/index.php?rest_route=%2Fwp%2Fv2%2Fcategories&post=272"},{"taxonomy":"post_tag","embeddable":true,"href":"https:\/\/pgbsosyalizm.org\/index.php?rest_route=%2Fwp%2Fv2%2Ftags&post=272"}],"curies":[{"name":"wp","href":"https:\/\/api.w.org\/{rel}","templated":true}]}}