{"id":276,"date":"2013-11-04T17:21:17","date_gmt":"2013-11-04T17:21:17","guid":{"rendered":"http:\/\/pgbsosyalizm.org\/yenicms\/?p=276"},"modified":"2014-06-07T22:34:40","modified_gmt":"2014-06-07T20:34:40","slug":"duenya-devrimi-lerliyor","status":"publish","type":"post","link":"https:\/\/pgbsosyalizm.org\/?p=276","title":{"rendered":"D\u00fcnya Devrimi \u0130lerliyor"},"content":{"rendered":"<p style=\"text-align: justify;\"><strong><a href=\"https:\/\/pgbsosyalizm.org\/yenicms\/wp-content\/uploads\/2013\/11\/gezi_on-kapak.jpg\"><img loading=\"lazy\" decoding=\"async\" class=\"size-medium wp-image-274 alignleft\" src=\"https:\/\/pgbsosyalizm.org\/yenicms\/wp-content\/uploads\/2013\/11\/gezi_on-kapak-211x300.jpg\" alt=\"gezi_on-kapak\" width=\"211\" height=\"300\" srcset=\"https:\/\/pgbsosyalizm.org\/yenicms\/wp-content\/uploads\/2013\/11\/gezi_on-kapak-211x300.jpg 211w, https:\/\/pgbsosyalizm.org\/yenicms\/wp-content\/uploads\/2013\/11\/gezi_on-kapak.jpg 451w\" sizes=\"auto, (max-width: 211px) 100vw, 211px\" \/><\/a><\/strong>&#8220;D\u00fcnya yeni bir d\u00f6neme girdi: \u00d6zellikle Suriye\u2019deki durumla ba\u011flant\u0131l\u0131 olarak d\u00fcnya d\u00fczeninin korunmas\u0131nda \u00f6nemli bir rol \u00fcstlenmi\u015f olan AKP h\u00fck\u00fcmetine kar\u015f\u0131 T\u00fcrkiye\u2019de ger\u00e7ekle\u015fen milyonlar\u0131n kitlesel seferberli\u011fi, Brezilya\u2019da CUT\u2019un ve di\u011fer sendikal \u00f6rg\u00fctlerin \u00e7a\u011fr\u0131s\u0131yla ger\u00e7ekle\u015fen genel grevdeki b\u00fcy\u00fck i\u015f\u00e7i kat\u0131l\u0131m\u0131, Portekiz\u2019de Avrupa Birli\u011finin krizini derinle\u015ftirerek h\u00fck\u00fcmetin geri ad\u0131m atmas\u0131n\u0131 sa\u011flayan muazzam e\u011fitimci eylemi ve en nihayetinde 33 milyon insan\u0131 soka\u011fa d\u00f6kerek iki y\u0131l \u00f6nce M\u00fcbarek rejimini deviren devrimi s\u00fcreklile\u015ftirerek ilerletmeye \u00e7al\u0131\u015fan M\u0131s\u0131r\u2019daki devrimci f\u0131rt\u0131na.<\/p>\n<p style=\"text-align: justify;\">D\u00fcnyan\u0131n d\u00f6rt k\u0131tas\u0131nda patlak veren bu d\u00f6rt ayakl\u0131 sars\u0131nt\u0131 ABD hakim s\u0131n\u0131flar\u0131 i\u00e7indeki krizi ve pani\u011fi artt\u0131rd\u0131\u011f\u0131 gibi, kendi i\u00e7 \u00e7eli\u015fkilerini de \u015fiddetlendirmi\u015f bulunuyor. Bu geli\u015fmeler, tart\u0131\u015fmas\u0131z bir bi\u00e7imde IV. Enternasyonal\u2019in Tunus devrimiyle birlikte a\u00e7\u0131lm\u0131\u015f bulunan yeni d\u00f6neme ili\u015fkin tahlilini do\u011frulam\u0131\u015ft\u0131r. S\u00f6z konusu olan, \u00f6zel m\u00fclkiyet sisteminin genelle\u015fmi\u015f krizinin neden oldu\u011fu barbarl\u0131k s\u00fcrecine kar\u015f\u0131, emek\u00e7ilerin ve halklar\u0131n ne t\u00fcr imk\u00e2nlar\u0131 kullanarak m\u00fccadele edeceklerinin aray\u0131\u015f\u0131 i\u00e7ine girdikleri bir yeni d\u00f6nemdir. Yeni d\u00f6nemin belirleyicisi olan bu aray\u0131\u015ft\u0131r.&#8221;<\/p>\n<p style=\"text-align: right;\">(IV. Enternasyonal Uluslararas\u0131 Sekretaryas\u0131)<\/p>\n<p style=\"text-align: right;\"><strong>\u00a0<\/strong><\/p>\n<p style=\"text-align: justify;\">T\u00fcrkiye\u2019de toplumun b\u00fct\u00fcn s\u0131n\u0131f ve tabakalar\u0131n\u0131n kendi seslerini duyurduklar\u0131 bu ortamda, ne yaz\u0131k ki sadece i\u015f\u00e7i s\u0131n\u0131f\u0131n\u0131n devletten ve patronlardan ba\u011f\u0131ms\u0131z sesi duyulmamaktad\u0131r. Sadece i\u015f\u00e7i s\u0131n\u0131f\u0131 bu araca sahip de\u011fildir. D\u00fcnyada oldu\u011fu gibi T\u00fcrkiye\u2019de de s\u00fcrekli devrimin ba\u015far\u0131s\u0131 T\u00fcrkiye i\u015f\u00e7i s\u0131n\u0131f\u0131n\u0131n b\u00fct\u00fcn ha\u015fmetiyle devreye girip hareketin \u00f6nc\u00fcl\u00fc\u011f\u00fcn\u00fc ele ge\u00e7irmesiyle m\u00fcmk\u00fcnd\u00fcr. Bunun i\u00e7in \u00f6n\u00fcm\u00fczdeki g\u00fcnlerde yeniden y\u00fckselece\u011fine kesin g\u00f6z\u00fcyle bakt\u0131\u011f\u0131m\u0131z s\u0131n\u0131f m\u00fccadelesinde i\u015f\u00e7i s\u0131n\u0131f\u0131m\u0131z\u0131n kendi ba\u011f\u0131ms\u0131z s\u0131n\u0131f partisini in\u015fa etmesi bir zorunluluktur. Bu yolda, b\u00fct\u00fcn i\u015f\u00e7i s\u0131n\u0131f\u0131 militanlar\u0131n\u0131, kendi \u00f6rg\u00fctl\u00fc s\u0131n\u0131f yap\u0131lar\u0131n\u0131 zorlayarak b\u00f6yle kitlesel bir s\u0131n\u0131f partisini in\u015fa etmeye \u00e7al\u0131\u015fmalar\u0131 gerekiyor.<\/p>\n<p style=\"text-align: justify;\">(Bro\u015f\u00fcr\u00fc edinmek i\u00e7in bizimle <a href=\"https:\/\/pgbsosyalizm.org\/yenicms\/?page_id=330\">temasa ge\u00e7in <\/a>ya da <a href=\"https:\/\/pgbsosyalizm.org\/yenicms\/wp-content\/uploads\/2013\/11\/gezi_web_1.7.pdf\">okumak i\u00e7in t\u0131klay\u0131n<\/a>.)<\/p>\n","protected":false},"excerpt":{"rendered":"<p>&#8220;D\u00fcnya yeni bir d\u00f6neme girdi: \u00d6zellikle Suriye\u2019deki durumla ba\u011flant\u0131l\u0131 olarak d\u00fcnya d\u00fczeninin korunmas\u0131nda \u00f6nemli bir rol \u00fcstlenmi\u015f olan AKP h\u00fck\u00fcmetine kar\u015f\u0131 T\u00fcrkiye\u2019de ger\u00e7ekle\u015fen milyonlar\u0131n kitlesel seferberli\u011fi, Brezilya\u2019da CUT\u2019un ve di\u011fer sendikal \u00f6rg\u00fctlerin \u00e7a\u011fr\u0131s\u0131yla ger\u00e7ekle\u015fen genel grevdeki b\u00fcy\u00fck i\u015f\u00e7i kat\u0131l\u0131m\u0131, Portekiz\u2019de Avrupa Birli\u011finin krizini derinle\u015ftirerek h\u00fck\u00fcmetin geri ad\u0131m atmas\u0131n\u0131 sa\u011flayan muazzam e\u011fitimci eylemi ve en nihayetinde [&hellip;]<\/p>\n","protected":false},"author":1,"featured_media":0,"comment_status":"open","ping_status":"open","sticky":false,"template":"","format":"standard","meta":{"footnotes":""},"categories":[50],"tags":[61,63,60,53,62],"class_list":["post-276","post","type-post","status-publish","format-standard","hentry","category-c44-bildiriler","tag-dunya-devrimi","tag-gezi-direnisi","tag-haziran-ayaklanmasi","tag-onsayfa","tag-turkiye"],"_links":{"self":[{"href":"https:\/\/pgbsosyalizm.org\/index.php?rest_route=\/wp\/v2\/posts\/276","targetHints":{"allow":["GET"]}}],"collection":[{"href":"https:\/\/pgbsosyalizm.org\/index.php?rest_route=\/wp\/v2\/posts"}],"about":[{"href":"https:\/\/pgbsosyalizm.org\/index.php?rest_route=\/wp\/v2\/types\/post"}],"author":[{"embeddable":true,"href":"https:\/\/pgbsosyalizm.org\/index.php?rest_route=\/wp\/v2\/users\/1"}],"replies":[{"embeddable":true,"href":"https:\/\/pgbsosyalizm.org\/index.php?rest_route=%2Fwp%2Fv2%2Fcomments&post=276"}],"version-history":[{"count":6,"href":"https:\/\/pgbsosyalizm.org\/index.php?rest_route=\/wp\/v2\/posts\/276\/revisions"}],"predecessor-version":[{"id":603,"href":"https:\/\/pgbsosyalizm.org\/index.php?rest_route=\/wp\/v2\/posts\/276\/revisions\/603"}],"wp:attachment":[{"href":"https:\/\/pgbsosyalizm.org\/index.php?rest_route=%2Fwp%2Fv2%2Fmedia&parent=276"}],"wp:term":[{"taxonomy":"category","embeddable":true,"href":"https:\/\/pgbsosyalizm.org\/index.php?rest_route=%2Fwp%2Fv2%2Fcategories&post=276"},{"taxonomy":"post_tag","embeddable":true,"href":"https:\/\/pgbsosyalizm.org\/index.php?rest_route=%2Fwp%2Fv2%2Ftags&post=276"}],"curies":[{"name":"wp","href":"https:\/\/api.w.org\/{rel}","templated":true}]}}